{"id":8338,"date":"2025-07-15T17:17:19","date_gmt":"2025-07-15T17:17:19","guid":{"rendered":"https:\/\/lereveil224.info\/?p=8338"},"modified":"2025-07-15T17:17:20","modified_gmt":"2025-07-15T17:17:20","slug":"senegal-diomaye-faye-eteint-la-polemique-et-rassure-sur-son-entente-avec-sonko","status":"publish","type":"post","link":"https:\/\/lereveil224.info\/index.php\/2025\/07\/15\/senegal-diomaye-faye-eteint-la-polemique-et-rassure-sur-son-entente-avec-sonko\/","title":{"rendered":"S\u00e9n\u00e9gal : Diomaye Faye \u00e9teint la pol\u00e9mique et rassure sur son entente avec Sonko"},"content":{"rendered":"\n<p>Au S\u00e9n\u00e9gal, le chef de l&rsquo;\u00c9tat Bassirou Diomaye Faye a tenu \u00e0 dissiper toute rumeur de tensions au sommet de l\u2019ex\u00e9cutif. Ce lundi 14 juillet, lors d\u2019une c\u00e9r\u00e9monie officielle r\u00e9unissant des membres de la soci\u00e9t\u00e9 civile et \u00e0 l\u2019occasion de la pr\u00e9sentation des conclusions du dialogue national sur le syst\u00e8me politique, le pr\u00e9sident a fermement d\u00e9clar\u00e9 : \u00ab Je n\u2019ai aucun conflit avec le Premier ministre. <\/p>\n\n\n\n<p>Cette mise au point intervient apr\u00e8s une semaine marqu\u00e9e par les critiques virulentes d\u2019Ousmane Sonko, son Premier ministre, qui avait exprim\u00e9 publiquement des d\u00e9saccords sur la mani\u00e8re dont le pays est dirig\u00e9. Ces d\u00e9clarations avaient aliment\u00e9 les sp\u00e9culations sur un possible malaise entre les deux figures phares de l\u2019ex\u00e9cutif s\u00e9n\u00e9galais, pourtant unies dans un m\u00eame projet politique de rupture et de changement.<\/p>\n\n\n\n<p>Face \u00e0 ces interrogations grandissantes, Diomaye Faye a pr\u00e9f\u00e9r\u00e9 jouer la carte de l&rsquo;apaisement, en affirmant qu\u2019il n\u2019y avait <em>\u00ab aucune tension \u00bb<\/em> \u00e0 la t\u00eate de l\u2019\u00c9tat. Une mani\u00e8re de montrer que, malgr\u00e9 les divergences de ton ou d\u2019approche, l\u2019essentiel reste l\u2019unit\u00e9 et la stabilit\u00e9 de l\u2019\u00e9quipe dirigeante.<\/p>\n\n\n\n<p>Cette d\u00e9claration vise aussi \u00e0 rassurer les citoyens s\u00e9n\u00e9galais et les partenaires du pays, alors que le gouvernement est engag\u00e9 dans des r\u00e9formes profondes issues des aspirations populaires. En valorisant le dialogue et la transparence, le pr\u00e9sident Faye tente de maintenir la coh\u00e9sion au sein de l\u2019appareil \u00e9tatique, condition essentielle pour mener \u00e0 bien les transformations promises.<\/p>\n\n\n\n<p><strong>Mamadouba CAMARA<\/strong><\/p>\n","protected":false},"excerpt":{"rendered":"<p>Au S\u00e9n\u00e9gal, le chef de l&rsquo;\u00c9tat Bassirou Diomaye Faye a tenu \u00e0 dissiper toute rumeur de tensions au sommet de l\u2019ex\u00e9cutif. Ce lundi 14 juillet, lors d\u2019une c\u00e9r\u00e9monie officielle r\u00e9unissant des membres de la soci\u00e9t\u00e9 civile et \u00e0 l\u2019occasion de la pr\u00e9sentation des conclusions du dialogue national sur le syst\u00e8me politique, le pr\u00e9sident a fermement [&hellip;]<\/p>\n","protected":false},"author":123458,"featured_media":8339,"comment_status":"open","ping_status":"open","sticky":false,"template":"","format":"standard","meta":{"_acf_changed":false,"footnotes":""},"categories":[11,29,2],"tags":[],"class_list":["post-8338","post","type-post","status-publish","format-standard","has-post-thumbnail","hentry","category-actualite","category-continentale","category-politique"],"acf":[],"_links":{"self":[{"href":"https:\/\/lereveil224.info\/index.php\/wp-json\/wp\/v2\/posts\/8338","targetHints":{"allow":["GET"]}}],"collection":[{"href":"https:\/\/lereveil224.info\/index.php\/wp-json\/wp\/v2\/posts"}],"about":[{"href":"https:\/\/lereveil224.info\/index.php\/wp-json\/wp\/v2\/types\/post"}],"author":[{"embeddable":true,"href":"https:\/\/lereveil224.info\/index.php\/wp-json\/wp\/v2\/users\/123458"}],"replies":[{"embeddable":true,"href":"https:\/\/lereveil224.info\/index.php\/wp-json\/wp\/v2\/comments?post=8338"}],"version-history":[{"count":3,"href":"https:\/\/lereveil224.info\/index.php\/wp-json\/wp\/v2\/posts\/8338\/revisions"}],"predecessor-version":[{"id":8342,"href":"https:\/\/lereveil224.info\/index.php\/wp-json\/wp\/v2\/posts\/8338\/revisions\/8342"}],"wp:featuredmedia":[{"embeddable":true,"href":"https:\/\/lereveil224.info\/index.php\/wp-json\/wp\/v2\/media\/8339"}],"wp:attachment":[{"href":"https:\/\/lereveil224.info\/index.php\/wp-json\/wp\/v2\/media?parent=8338"}],"wp:term":[{"taxonomy":"category","embeddable":true,"href":"https:\/\/lereveil224.info\/index.php\/wp-json\/wp\/v2\/categories?post=8338"},{"taxonomy":"post_tag","embeddable":true,"href":"https:\/\/lereveil224.info\/index.php\/wp-json\/wp\/v2\/tags?post=8338"}],"curies":[{"name":"wp","href":"https:\/\/api.w.org\/{rel}","templated":true}]}}