{"id":8332,"date":"2025-07-12T22:53:14","date_gmt":"2025-07-12T22:53:14","guid":{"rendered":"https:\/\/lereveil224.info\/?p=8332"},"modified":"2025-07-12T22:53:14","modified_gmt":"2025-07-12T22:53:14","slug":"reforme-strategique-le-general-doumbouya-redefinit-le-role-du-secretaire-general-du-gouvernement","status":"publish","type":"post","link":"https:\/\/lereveil224.info\/index.php\/2025\/07\/12\/reforme-strategique-le-general-doumbouya-redefinit-le-role-du-secretaire-general-du-gouvernement\/","title":{"rendered":"R\u00e9forme strat\u00e9gique : Le G\u00e9n\u00e9ral DOUMBOUYA red\u00e9finit le r\u00f4le du Secr\u00e9taire G\u00e9n\u00e9ral du Gouvernement"},"content":{"rendered":"\n<p>Le Pr\u00e9sident de la R\u00e9publique de Guin\u00e9e, le G\u00e9n\u00e9ral Mamadi DOUMBOUYA , poursuit la refonte de l\u2019appareil \u00e9tatique. Ce samedi 12 juillet 2025, un d\u00e9cret majeur a \u00e9t\u00e9 lu \u00e0 la t\u00e9l\u00e9vision nationale, annon\u00e7ant une profonde modification du cadre r\u00e9glementaire encadrant le Secr\u00e9tariat g\u00e9n\u00e9ral du gouvernement (SGG)<\/p>\n\n\n\n<p>Ce nouveau d\u00e9cret, r\u00e9f\u00e9renc\u00e9 <strong>D\/2025\/0107\/PRG\/CNRD\/SGG<\/strong>, vient modifier substantiellement le d\u00e9cret <strong>D\/2022\/0082\/PRG\/CNRD\/SGG<\/strong> du 7 f\u00e9vrier 2022. \u00c0 travers ce texte, le chef de l\u2019\u00c9tat renforce les pr\u00e9rogatives du Secr\u00e9taire G\u00e9n\u00e9ral du Gouvernement, en faisant de lui un <strong>v\u00e9ritable pilier de l&rsquo;action gouvernementale<\/strong>.<\/p>\n\n\n\n<p>D\u00e9sormais, le SGG ne se limite plus \u00e0 un r\u00f4le administratif. Il devient un <strong>acteur cl\u00e9 dans l\u2019impulsion, la coordination et le suivi de l\u2019action gouvernementale<\/strong>, collaborant \u00e9troitement avec le Premier ministre et le Pr\u00e9sident de la R\u00e9publique. Cette \u00e9volution marque un tournant dans l\u2019architecture institutionnelle guin\u00e9enne, traduisant la volont\u00e9 des autorit\u00e9s de renforcer l\u2019efficacit\u00e9 et la coh\u00e9rence des politiques publiques.<\/p>\n\n\n\n<p>Cette d\u00e9cision s\u2019inscrit dans une dynamique plus large de r\u00e9forme de la gouvernance, amorc\u00e9e depuis l\u2019arriv\u00e9e au pouvoir du CNRD. Elle vise notamment \u00e0 clarifier les responsabilit\u00e9s, am\u00e9liorer la cha\u00eene de commandement et acc\u00e9l\u00e9rer la mise en \u0153uvre des d\u00e9cisions gouvernementales.<\/p>\n\n\n\n<p>Avec ce d\u00e9cret, le G\u00e9n\u00e9ral DOUMBOUYA envoie un signal fort : <strong>le temps de l\u2019efficacit\u00e9 et de la rigueur administrative est arriv\u00e9<\/strong>. Reste \u00e0 voir comment cette nouvelle organisation influencera le fonctionnement concret du gouvernement dans les mois \u00e0 venir.<\/p>\n\n\n\n<p><strong>Mamadouba CAMARA<\/strong><\/p>\n","protected":false},"excerpt":{"rendered":"<p>Le Pr\u00e9sident de la R\u00e9publique de Guin\u00e9e, le G\u00e9n\u00e9ral Mamadi DOUMBOUYA , poursuit la refonte de l\u2019appareil \u00e9tatique. Ce samedi 12 juillet 2025, un d\u00e9cret majeur a \u00e9t\u00e9 lu \u00e0 la t\u00e9l\u00e9vision nationale, annon\u00e7ant une profonde modification du cadre r\u00e9glementaire encadrant le Secr\u00e9tariat g\u00e9n\u00e9ral du gouvernement (SGG) Ce nouveau d\u00e9cret, r\u00e9f\u00e9renc\u00e9 D\/2025\/0107\/PRG\/CNRD\/SGG, vient modifier substantiellement [&hellip;]<\/p>\n","protected":false},"author":123458,"featured_media":8333,"comment_status":"open","ping_status":"open","sticky":false,"template":"","format":"standard","meta":{"_acf_changed":false,"footnotes":""},"categories":[11,59,2],"tags":[],"class_list":["post-8332","post","type-post","status-publish","format-standard","has-post-thumbnail","hentry","category-actualite","category-nationale","category-politique"],"acf":[],"_links":{"self":[{"href":"https:\/\/lereveil224.info\/index.php\/wp-json\/wp\/v2\/posts\/8332","targetHints":{"allow":["GET"]}}],"collection":[{"href":"https:\/\/lereveil224.info\/index.php\/wp-json\/wp\/v2\/posts"}],"about":[{"href":"https:\/\/lereveil224.info\/index.php\/wp-json\/wp\/v2\/types\/post"}],"author":[{"embeddable":true,"href":"https:\/\/lereveil224.info\/index.php\/wp-json\/wp\/v2\/users\/123458"}],"replies":[{"embeddable":true,"href":"https:\/\/lereveil224.info\/index.php\/wp-json\/wp\/v2\/comments?post=8332"}],"version-history":[{"count":3,"href":"https:\/\/lereveil224.info\/index.php\/wp-json\/wp\/v2\/posts\/8332\/revisions"}],"predecessor-version":[{"id":8336,"href":"https:\/\/lereveil224.info\/index.php\/wp-json\/wp\/v2\/posts\/8332\/revisions\/8336"}],"wp:featuredmedia":[{"embeddable":true,"href":"https:\/\/lereveil224.info\/index.php\/wp-json\/wp\/v2\/media\/8333"}],"wp:attachment":[{"href":"https:\/\/lereveil224.info\/index.php\/wp-json\/wp\/v2\/media?parent=8332"}],"wp:term":[{"taxonomy":"category","embeddable":true,"href":"https:\/\/lereveil224.info\/index.php\/wp-json\/wp\/v2\/categories?post=8332"},{"taxonomy":"post_tag","embeddable":true,"href":"https:\/\/lereveil224.info\/index.php\/wp-json\/wp\/v2\/tags?post=8332"}],"curies":[{"name":"wp","href":"https:\/\/api.w.org\/{rel}","templated":true}]}}