{"id":8214,"date":"2025-06-10T17:28:44","date_gmt":"2025-06-10T17:28:44","guid":{"rendered":"https:\/\/lereveil224.info\/?p=8214"},"modified":"2025-06-10T17:28:45","modified_gmt":"2025-06-10T17:28:45","slug":"examen-de-sortie-reporte-les-eleves-des-ecoles-techniques-entre-frustration-et-colere","status":"publish","type":"post","link":"https:\/\/lereveil224.info\/index.php\/2025\/06\/10\/examen-de-sortie-reporte-les-eleves-des-ecoles-techniques-entre-frustration-et-colere\/","title":{"rendered":"Examen de sortie report\u00e9 : Les \u00e9l\u00e8ves des \u00e9coles techniques entre frustration et col\u00e8re"},"content":{"rendered":"\n<p>Ce mardi 10 juin 2025 devait marquer un tournant pour les \u00e9l\u00e8ves de l\u2019enseignement technique en Guin\u00e9e. Les \u00e9preuves de fin de formation \u00e9taient attendues avec impatience par des centaines de candidats \u00e0 travers le pays. Mais au lieu de se retrouver en salle d\u2019examen, ces jeunes se sont retrouv\u00e9s dans les rues, d\u00e9boussol\u00e9s et en col\u00e8re.<\/p>\n\n\n\n<p>En cause, deux raisons majeures : d\u2019une part, le report officiel de l\u2019examen, cons\u00e9cutif \u00e0 la d\u00e9cision des autorit\u00e9s de d\u00e9cr\u00e9ter de nouveaux jours f\u00e9ri\u00e9s ; d\u2019autre part, et plus gravement encore, l\u2019absence des proc\u00e8s-verbaux (PV) indispensables pour composer.<\/p>\n\n\n\n<p>\u00c0 Conakry, la tension est mont\u00e9e d\u2019un cran. Plusieurs \u00e9tudiants des \u00e9coles techniques ont manifest\u00e9 leur m\u00e9contentement en se rassemblant devant leurs centres d\u2019examen. Pour eux, l\u2019administration a failli \u00e0 son devoir.<\/p>\n\n\n\n<p>\u00ab On nous a toujours dit que nos PV seraient disponibles avant l\u2019examen. Et aujourd\u2019hui, on apprend qu\u2019ils ne sont pas pr\u00eats. Comment peut-on nous emp\u00eacher de passer notre examen apr\u00e8s toutes ces ann\u00e9es d\u2019efforts ? \u00bb, s\u2019indigne un \u00e9tudiant crois\u00e9 devant un centre ferm\u00e9.<\/p>\n\n\n\n<p>Le sentiment d\u2019abandon est palpable. Les candidats affirment avoir respect\u00e9 toutes les d\u00e9marches : formations suivies, frais pay\u00e9s, stages effectu\u00e9s. Pourtant, ils disent \u00eatre trait\u00e9s comme s\u2019ils n\u2019existaient pas.<\/p>\n\n\n\n<p>Une manifestante, les larmes aux yeux, partage son d\u00e9sespoir :<br>\u00ab Nos parents se sont endett\u00e9s pour que nous puissions apprendre un m\u00e9tier. Aujourd\u2019hui, \u00e0 la veille de notre dipl\u00f4me, c\u2019est l\u2019incertitude totale. Ce n\u2019est pas juste. \u00bb<\/p>\n\n\n\n<p>Les manifestants d\u00e9noncent aussi un manque de communication de la part du minist\u00e8re de l\u2019Enseignement technique. Ils demandent des explications claires, des responsabilit\u00e9s et surtout, une solution urgente.<\/p>\n\n\n\n<p>\u00ab Nous ne voulons pas de discours. Nous voulons nos PV et une date pr\u00e9cise pour nos examens. Nos vies sont en jeu \u00bb, crie un autre jeune, brandissant une pancarte.<\/p>\n\n\n\n<p>En attendant, l\u2019inqui\u00e9tude grandit, et avec elle, le risque d\u2019un blocage plus large si la situation persiste. \u00c0 travers leurs cris et leurs pancartes, ces \u00e9l\u00e8ves demandent simplement ce qui leur est d\u00fb : le droit de passer leur examen et de b\u00e2tir un avenir.<\/p>\n\n\n\n<p><strong>Mamadouba CAMARA<\/strong><\/p>\n","protected":false},"excerpt":{"rendered":"<p>Ce mardi 10 juin 2025 devait marquer un tournant pour les \u00e9l\u00e8ves de l\u2019enseignement technique en Guin\u00e9e. Les \u00e9preuves de fin de formation \u00e9taient attendues avec impatience par des centaines de candidats \u00e0 travers le pays. Mais au lieu de se retrouver en salle d\u2019examen, ces jeunes se sont retrouv\u00e9s dans les rues, d\u00e9boussol\u00e9s et [&hellip;]<\/p>\n","protected":false},"author":123458,"featured_media":8216,"comment_status":"open","ping_status":"open","sticky":false,"template":"","format":"standard","meta":{"_acf_changed":false,"footnotes":""},"categories":[11,4],"tags":[],"class_list":["post-8214","post","type-post","status-publish","format-standard","has-post-thumbnail","hentry","category-actualite","category-education"],"acf":[],"_links":{"self":[{"href":"https:\/\/lereveil224.info\/index.php\/wp-json\/wp\/v2\/posts\/8214","targetHints":{"allow":["GET"]}}],"collection":[{"href":"https:\/\/lereveil224.info\/index.php\/wp-json\/wp\/v2\/posts"}],"about":[{"href":"https:\/\/lereveil224.info\/index.php\/wp-json\/wp\/v2\/types\/post"}],"author":[{"embeddable":true,"href":"https:\/\/lereveil224.info\/index.php\/wp-json\/wp\/v2\/users\/123458"}],"replies":[{"embeddable":true,"href":"https:\/\/lereveil224.info\/index.php\/wp-json\/wp\/v2\/comments?post=8214"}],"version-history":[{"count":4,"href":"https:\/\/lereveil224.info\/index.php\/wp-json\/wp\/v2\/posts\/8214\/revisions"}],"predecessor-version":[{"id":8219,"href":"https:\/\/lereveil224.info\/index.php\/wp-json\/wp\/v2\/posts\/8214\/revisions\/8219"}],"wp:featuredmedia":[{"embeddable":true,"href":"https:\/\/lereveil224.info\/index.php\/wp-json\/wp\/v2\/media\/8216"}],"wp:attachment":[{"href":"https:\/\/lereveil224.info\/index.php\/wp-json\/wp\/v2\/media?parent=8214"}],"wp:term":[{"taxonomy":"category","embeddable":true,"href":"https:\/\/lereveil224.info\/index.php\/wp-json\/wp\/v2\/categories?post=8214"},{"taxonomy":"post_tag","embeddable":true,"href":"https:\/\/lereveil224.info\/index.php\/wp-json\/wp\/v2\/tags?post=8214"}],"curies":[{"name":"wp","href":"https:\/\/api.w.org\/{rel}","templated":true}]}}