{"id":8193,"date":"2025-05-26T23:55:15","date_gmt":"2025-05-26T23:55:15","guid":{"rendered":"https:\/\/lereveil224.info\/?p=8193"},"modified":"2025-05-27T00:03:01","modified_gmt":"2025-05-27T00:03:01","slug":"nzerekore-lequipe-du-mouvement-o-dans-loffensive-de-la-mobilisation-citoyenne-pour-le-recensement","status":"publish","type":"post","link":"https:\/\/lereveil224.info\/index.php\/2025\/05\/26\/nzerekore-lequipe-du-mouvement-o-dans-loffensive-de-la-mobilisation-citoyenne-pour-le-recensement\/","title":{"rendered":"N\u2019Z\u00e9r\u00e9kor\u00e9 : L&rsquo;\u00e9quipe du mouvement O+ dans l&rsquo;offensive de la mobilisation citoyenne pour le recensement"},"content":{"rendered":"\t\t<div data-elementor-type=\"wp-post\" data-elementor-id=\"8193\" class=\"elementor elementor-8193\">\n\t\t\t\t\t\t<section class=\"elementor-section elementor-top-section elementor-element elementor-element-34469aa elementor-section-boxed elementor-section-height-default elementor-section-height-default\" data-id=\"34469aa\" data-element_type=\"section\" data-e-type=\"section\">\n\t\t\t\t\t\t<div class=\"elementor-container elementor-column-gap-default\">\n\t\t\t\t\t<div class=\"elementor-column elementor-col-100 elementor-top-column elementor-element elementor-element-693520e\" data-id=\"693520e\" data-element_type=\"column\" data-e-type=\"column\">\n\t\t\t<div class=\"elementor-widget-wrap elementor-element-populated\">\n\t\t\t\t\t\t<div class=\"elementor-element elementor-element-340acaf elementor-widget elementor-widget-text-editor\" data-id=\"340acaf\" data-element_type=\"widget\" data-e-type=\"widget\" data-widget_type=\"text-editor.default\">\n\t\t\t\t<div class=\"elementor-widget-container\">\n\t\t\t\t\t\t\t\t\t<p>L&rsquo;amphith\u00e9\u00e2tre Dr Oumar Keita, de l&rsquo;universit\u00e9 de N&rsquo;Z\u00e9r\u00e9kor\u00e9, a servi de cadre \u00e0 la c\u00e9r\u00e9monie de lancement des activit\u00e9s de sensibilisation pour une mobilisation citoyenne autour du recensement, ce samedi 24 mai 2025.<\/p><p>Dans la dynamique de mobiliser les citoyens pour un recensement massif ,l&rsquo;antenne universitaire de N&rsquo;Z\u00e9r\u00e9kor\u00e9, a entam\u00e9 des activit\u00e9s de sensibilisation et d&rsquo;aides aux remplissage des registres, pour l&rsquo;obtention des extraits de naissances pour ceux qui n&rsquo;en n&rsquo;ont pas.<br \/>C&rsquo;est pourquoi dans sa prise de parole, \u00e0 cette occasion, Dr Oumar Keita, recteur de l&rsquo;Universit\u00e9 c&rsquo;est exprim\u00e9 en ces termes &lt; le recensement est un acte civique et citoyen, qui permet \u00e0 l&rsquo;\u00e9tat de faire des planifications pour des actions de d\u00e9veloppement sociaux \u00e9conomiques de notre pays. Je profite de cette occasion pour remercier le minist\u00e8re de l&rsquo;enseignement sup\u00e9rieur de la recherche scientifique et de l&rsquo;innovation pour cette belle initiative. Je tiens \u00e9galement \u00e0 saluer la disponibilit\u00e9 et l&rsquo;engagement des autorit\u00e9s r\u00e9gionales, pr\u00e9fectorales, communales \u00e0 nos c\u00f4t\u00e9s, ainsi que les enseignants et les \u00e9tudiants pour l&rsquo;accompagnement dans cette campagne, en vu d&rsquo;accro\u00eetre la mobilisation des citoyens pour le recensement qui est une pr\u00e9occupation majeure du pr\u00e9sident de la r\u00e9publique son excellence g\u00e9n\u00e9ral Mamadi Doumbouya&gt; conclura t&rsquo;il, avant de souhaiter la bienvenue aux diff\u00e9rentes autorit\u00e9s.<\/p><p>Pour Alpha Oumar Bald\u00e9, coordinateur de l&rsquo;antenne O+ &lt; le mouvement O+, n&rsquo;a qu&rsquo;une seule vocation, celle de soutenir les actions de d\u00e9veloppement pr\u00f4n\u00e9s par le pr\u00e9sident de la r\u00e9publique et de mobiliser l&rsquo;ensemble des composantes sociales pour un recensement massif dans le cadre de ce vaste programme de recensement \u00e0 l&rsquo;initiative de son excellence le g\u00e9n\u00e9ral Mamadi Doumbouya. La dynamique que le mouvement O+, a au saint de l&rsquo;universit\u00e9 de N&rsquo;Z\u00e9r\u00e9kor\u00e9 est n\u00e9 de la volont\u00e9 de Monsieur le ministre de l&rsquo;enseignement sup\u00e9rieur de la recherche scientifique et de l&rsquo;innovation monsieur Alpha Abacar Barry. Qui fid\u00e8le \u00e0 la vision du pr\u00e9sident de la r\u00e9publique, met tout en \u0153uvre pour l&rsquo;implication r\u00e9elle des enseignants et \u00e9tudiants \u00e0 ce programme d&rsquo;int\u00e9r\u00eat g\u00e9n\u00e9ral pour notre pays&gt;.<br \/>Poursuivant il pr\u00e9cise&lt; cette premi\u00e8re phase consiste \u00e0 mobiliser 180 jeunes et \u00e9tudiants dans les 22 quartiers de la commune urbaine de N&rsquo;Z\u00e9r\u00e9kor\u00e9, pour l&rsquo;intensification de la mobilisation des citoyens durant 4 jours au du recensement. Et la seconde phase consistera \u00e0 \u00e9largir la m\u00eame dynamique sur l&rsquo;ensemble de la r\u00e9gion administrative de N&rsquo;Z\u00e9r\u00e9kor\u00e9. Ce qui contribuera \u00e0 atteindre au moins 98% des personnes \u00e2g\u00e9es \u00e0 partir de 10 de se recenser&gt;. Nous tenons du haut de cette turbine officielle remercier tr\u00e8s sinc\u00e8rement Monsieur le recteur qui a mis les moyens n\u00e9cessaires \u00e0 la disposition de l&rsquo;antenne du mouvement O+, afin qu&rsquo;elle soit op\u00e9rationnelle sur le terrain durant ces 4 jours.<\/p><p>Prenant la parole le Colonel Aly Badra Camara, gouverneur de la r\u00e9gion administrative de N&rsquo;Z\u00e9r\u00e9kor\u00e9 affirme &lt; le recensement n&rsquo;est pas une affaire politique mais plut\u00f4t une action citoyenne qui va permettre \u00e0 l&rsquo;\u00e9tat de planifier des grands projets. Si un fils n&rsquo;est pas recens\u00e9, il n&rsquo;est qu&rsquo;un simple passager. Pour parler de guin\u00e9e, il faut avoir les documents de voyage. Le recensement se passe partout aujourd&rsquo;hui. Pourquoi pas les \u00e9tudiants, une \u00e9tudiantes qui veut faire le Master ou le Doctorat doit avoir toutes ces pi\u00e8ces et cela passe par le recensement. Avec l&rsquo;\u00e9tat, pour qu&rsquo;on se r\u00e9clame guin\u00e9en, il faut avoir son identit\u00e9 qui n&rsquo;est autre que l\u2019identifiant unique. Toutes les autorit\u00e9s sont l\u00e0 devant vous pour dire encore de ne pas douter un seul instant pour le recensement car c&rsquo;est ce qui va garantir votre citoyennet\u00e9. Ce n&rsquo;est pas politique, on a besoin de savoir comment planifier les grands projets pour le futur. C&rsquo;est pourquoi je vous invite \u00e0 vous mettre sur pied pour continuer \u00e0 vous faire enr\u00f4ler mais aussi sensibiliser les autres citoyens. Car gr\u00e2ce au leadership \u00e9clair\u00e9, la vision pour une jeunesse responsable et un engagement constant en faveur de d\u00e9veloppement de notre nation, que le chef de l&rsquo;\u00e9tat, le g\u00e9n\u00e9ral Mamadi Doumbouya, met tout en \u0153uvre pour le bien de la Guin\u00e9e et des guin\u00e9ens, c&rsquo;est est une fiert\u00e9 pour nous tous. Je voudrais saluer et encourager l&rsquo;antenne universitaire du mouvement O+ positif et monsieur le recteur pour l&rsquo;engagement&gt;. Je vous remercie et je vous encourage au nom du pr\u00e9sident de la r\u00e9publique, chef d&rsquo;\u00e9tat, chef supr\u00eame des arm\u00e9es le g\u00e9n\u00e9ral Mamadi Doumbouya, \u00e0 travers l&rsquo;\u00e9quipe gouvernementale, particuli\u00e8rement monsieur le ministre de l&rsquo;enseignement sup\u00e9rieur, de la recherche scientifique et de l&rsquo;innovation, conclura t&rsquo;il.<\/p><p>A noter que c&rsquo;est un total de 180 jeunes et \u00e9tudiants qui ont \u00e9t\u00e9 mobilis\u00e9s pendant 4 jours dans les 22 quartiers de la commune urbaine de N&rsquo;Z\u00e9r\u00e9kor\u00e9, pour cette campagne de sensibilisation et de mobilisation citoyenne.<\/p><p><strong>Par Thierno Amadou Diallo<\/strong><\/p>\t\t\t\t\t\t\t\t<\/div>\n\t\t\t\t<\/div>\n\t\t\t\t\t<\/div>\n\t\t<\/div>\n\t\t\t\t\t<\/div>\n\t\t<\/section>\n\t\t\t\t<section class=\"elementor-section elementor-top-section elementor-element elementor-element-51bc1ab elementor-section-boxed elementor-section-height-default elementor-section-height-default\" data-id=\"51bc1ab\" data-element_type=\"section\" data-e-type=\"section\">\n\t\t\t\t\t\t<div class=\"elementor-container elementor-column-gap-default\">\n\t\t\t\t\t<div class=\"elementor-column elementor-col-100 elementor-top-column elementor-element elementor-element-f2e56f0\" data-id=\"f2e56f0\" data-element_type=\"column\" data-e-type=\"column\">\n\t\t\t<div class=\"elementor-widget-wrap elementor-element-populated\">\n\t\t\t\t\t\t<div class=\"elementor-element elementor-element-9af2d99 elementor-widget elementor-widget-image-gallery\" data-id=\"9af2d99\" data-element_type=\"widget\" data-e-type=\"widget\" data-widget_type=\"image-gallery.default\">\n\t\t\t\t<div class=\"elementor-widget-container\">\n\t\t\t\t\t\t\t<div class=\"elementor-image-gallery\">\n\t\t\t<div id='gallery-1' class='gallery galleryid-8193 gallery-columns-4 gallery-size-thumbnail'><figure class='gallery-item'>\n\t\t\t<div class='gallery-icon landscape'>\n\t\t\t\t<a data-elementor-open-lightbox=\"yes\" data-elementor-lightbox-slideshow=\"9af2d99\" data-elementor-lightbox-title=\"WhatsApp Image 2025-05-26 at 21.35.46\" data-e-action-hash=\"#elementor-action%3Aaction%3Dlightbox%26settings%3DeyJpZCI6ODIwNSwidXJsIjoiaHR0cHM6XC9cL2xlcmV2ZWlsMjI0LmluZm9cL3dwLWNvbnRlbnRcL3VwbG9hZHNcLzIwMjVcLzA1XC9XaGF0c0FwcC1JbWFnZS0yMDI1LTA1LTI2LWF0LTIxLjM1LjQ2LmpwZWciLCJzbGlkZXNob3ciOiI5YWYyZDk5In0%3D\" href='https:\/\/lereveil224.info\/wp-content\/uploads\/2025\/05\/WhatsApp-Image-2025-05-26-at-21.35.46.jpeg'><img decoding=\"async\" width=\"150\" height=\"150\" src=\"https:\/\/lereveil224.info\/wp-content\/uploads\/2025\/05\/WhatsApp-Image-2025-05-26-at-21.35.46-150x150.jpeg\" class=\"attachment-thumbnail size-thumbnail\" alt=\"\" \/><\/a>\n\t\t\t<\/div><\/figure><figure class='gallery-item'>\n\t\t\t<div class='gallery-icon landscape'>\n\t\t\t\t<a data-elementor-open-lightbox=\"yes\" data-elementor-lightbox-slideshow=\"9af2d99\" data-elementor-lightbox-title=\"WhatsApp Image 2025-05-26 at 21.34.58\" data-e-action-hash=\"#elementor-action%3Aaction%3Dlightbox%26settings%3DeyJpZCI6ODIwNiwidXJsIjoiaHR0cHM6XC9cL2xlcmV2ZWlsMjI0LmluZm9cL3dwLWNvbnRlbnRcL3VwbG9hZHNcLzIwMjVcLzA1XC9XaGF0c0FwcC1JbWFnZS0yMDI1LTA1LTI2LWF0LTIxLjM0LjU4LmpwZWciLCJzbGlkZXNob3ciOiI5YWYyZDk5In0%3D\" href='https:\/\/lereveil224.info\/wp-content\/uploads\/2025\/05\/WhatsApp-Image-2025-05-26-at-21.34.58.jpeg'><img decoding=\"async\" width=\"150\" height=\"150\" src=\"https:\/\/lereveil224.info\/wp-content\/uploads\/2025\/05\/WhatsApp-Image-2025-05-26-at-21.34.58-150x150.jpeg\" class=\"attachment-thumbnail size-thumbnail\" alt=\"\" aria-describedby=\"gallery-1-8206\" \/><\/a>\n\t\t\t<\/div>\n\t\t\t\t<figcaption class='wp-caption-text gallery-caption' id='gallery-1-8206'>\n\t\t\t\tMonsieur le Recteur\n\t\t\t\t<\/figcaption><\/figure><figure class='gallery-item'>\n\t\t\t<div class='gallery-icon landscape'>\n\t\t\t\t<a data-elementor-open-lightbox=\"yes\" data-elementor-lightbox-slideshow=\"9af2d99\" data-elementor-lightbox-title=\"WhatsApp Image 2025-05-26 at 21.33.52\" data-e-action-hash=\"#elementor-action%3Aaction%3Dlightbox%26settings%3DeyJpZCI6ODIwNywidXJsIjoiaHR0cHM6XC9cL2xlcmV2ZWlsMjI0LmluZm9cL3dwLWNvbnRlbnRcL3VwbG9hZHNcLzIwMjVcLzA1XC9XaGF0c0FwcC1JbWFnZS0yMDI1LTA1LTI2LWF0LTIxLjMzLjUyLmpwZWciLCJzbGlkZXNob3ciOiI5YWYyZDk5In0%3D\" href='https:\/\/lereveil224.info\/wp-content\/uploads\/2025\/05\/WhatsApp-Image-2025-05-26-at-21.33.52.jpeg'><img decoding=\"async\" width=\"150\" height=\"150\" src=\"https:\/\/lereveil224.info\/wp-content\/uploads\/2025\/05\/WhatsApp-Image-2025-05-26-at-21.33.52-150x150.jpeg\" class=\"attachment-thumbnail size-thumbnail\" alt=\"\" aria-describedby=\"gallery-1-8207\" \/><\/a>\n\t\t\t<\/div>\n\t\t\t\t<figcaption class='wp-caption-text gallery-caption' id='gallery-1-8207'>\n\t\t\t\tMonsieur le Gouverneur\n\t\t\t\t<\/figcaption><\/figure><figure class='gallery-item'>\n\t\t\t<div class='gallery-icon landscape'>\n\t\t\t\t<a data-elementor-open-lightbox=\"yes\" data-elementor-lightbox-slideshow=\"9af2d99\" data-elementor-lightbox-title=\"WhatsApp Image 2025-05-26 at 21.31.38\" data-e-action-hash=\"#elementor-action%3Aaction%3Dlightbox%26settings%3DeyJpZCI6ODIwOSwidXJsIjoiaHR0cHM6XC9cL2xlcmV2ZWlsMjI0LmluZm9cL3dwLWNvbnRlbnRcL3VwbG9hZHNcLzIwMjVcLzA1XC9XaGF0c0FwcC1JbWFnZS0yMDI1LTA1LTI2LWF0LTIxLjMxLjM4LTEuanBlZyIsInNsaWRlc2hvdyI6IjlhZjJkOTkifQ%3D%3D\" href='https:\/\/lereveil224.info\/wp-content\/uploads\/2025\/05\/WhatsApp-Image-2025-05-26-at-21.31.38-1.jpeg'><img loading=\"lazy\" decoding=\"async\" width=\"150\" height=\"150\" src=\"https:\/\/lereveil224.info\/wp-content\/uploads\/2025\/05\/WhatsApp-Image-2025-05-26-at-21.31.38-1-150x150.jpeg\" class=\"attachment-thumbnail size-thumbnail\" alt=\"\" \/><\/a>\n\t\t\t<\/div><\/figure>\n\t\t<\/div>\n\t\t<\/div>\n\t\t\t\t\t\t<\/div>\n\t\t\t\t<\/div>\n\t\t\t\t\t<\/div>\n\t\t<\/div>\n\t\t\t\t\t<\/div>\n\t\t<\/section>\n\t\t\t\t<\/div>\n\t\t","protected":false},"excerpt":{"rendered":"<p>L&rsquo;amphith\u00e9\u00e2tre Dr Oumar Keita, de l&rsquo;universit\u00e9 de N&rsquo;Z\u00e9r\u00e9kor\u00e9, a servi de cadre \u00e0 la c\u00e9r\u00e9monie de lancement des activit\u00e9s de sensibilisation pour une mobilisation citoyenne autour du recensement, ce samedi 24 mai 2025. Dans la dynamique de mobiliser les citoyens pour un recensement massif ,l&rsquo;antenne universitaire de N&rsquo;Z\u00e9r\u00e9kor\u00e9, a entam\u00e9 des activit\u00e9s de sensibilisation et [&hellip;]<\/p>\n","protected":false},"author":123459,"featured_media":8201,"comment_status":"open","ping_status":"open","sticky":false,"template":"","format":"standard","meta":{"_acf_changed":false,"footnotes":""},"categories":[11,2],"tags":[],"class_list":["post-8193","post","type-post","status-publish","format-standard","has-post-thumbnail","hentry","category-actualite","category-politique"],"acf":[],"_links":{"self":[{"href":"https:\/\/lereveil224.info\/index.php\/wp-json\/wp\/v2\/posts\/8193","targetHints":{"allow":["GET"]}}],"collection":[{"href":"https:\/\/lereveil224.info\/index.php\/wp-json\/wp\/v2\/posts"}],"about":[{"href":"https:\/\/lereveil224.info\/index.php\/wp-json\/wp\/v2\/types\/post"}],"author":[{"embeddable":true,"href":"https:\/\/lereveil224.info\/index.php\/wp-json\/wp\/v2\/users\/123459"}],"replies":[{"embeddable":true,"href":"https:\/\/lereveil224.info\/index.php\/wp-json\/wp\/v2\/comments?post=8193"}],"version-history":[{"count":13,"href":"https:\/\/lereveil224.info\/index.php\/wp-json\/wp\/v2\/posts\/8193\/revisions"}],"predecessor-version":[{"id":8212,"href":"https:\/\/lereveil224.info\/index.php\/wp-json\/wp\/v2\/posts\/8193\/revisions\/8212"}],"wp:featuredmedia":[{"embeddable":true,"href":"https:\/\/lereveil224.info\/index.php\/wp-json\/wp\/v2\/media\/8201"}],"wp:attachment":[{"href":"https:\/\/lereveil224.info\/index.php\/wp-json\/wp\/v2\/media?parent=8193"}],"wp:term":[{"taxonomy":"category","embeddable":true,"href":"https:\/\/lereveil224.info\/index.php\/wp-json\/wp\/v2\/categories?post=8193"},{"taxonomy":"post_tag","embeddable":true,"href":"https:\/\/lereveil224.info\/index.php\/wp-json\/wp\/v2\/tags?post=8193"}],"curies":[{"name":"wp","href":"https:\/\/api.w.org\/{rel}","templated":true}]}}