{"id":8080,"date":"2025-04-02T10:48:18","date_gmt":"2025-04-02T10:48:18","guid":{"rendered":"https:\/\/lereveil224.info\/?p=8080"},"modified":"2025-04-02T10:48:18","modified_gmt":"2025-04-02T10:48:18","slug":"guinee-le-retour-a-lordre-constitutionnel-en-2025-selon-le-ministre-kalil-conde","status":"publish","type":"post","link":"https:\/\/lereveil224.info\/index.php\/2025\/04\/02\/guinee-le-retour-a-lordre-constitutionnel-en-2025-selon-le-ministre-kalil-conde\/","title":{"rendered":"Guin\u00e9e : Le Retour \u00e0 l&rsquo;Ordre Constitutionnel en 2025, Selon le Ministre Kalil COND\u00c9"},"content":{"rendered":"\n<p>Le ministre de l\u2019Administration du territoire et de la d\u00e9centralisation, Ibrahima Kalil COND\u00c9, a annonc\u00e9 une nouvelle importante concernant l\u2019avenir politique de la Guin\u00e9e. Lors de la r\u00e9ception de kits d\u2019enr\u00f4lement biom\u00e9triques des \u00e9lecteurs, il a confirm\u00e9 que le retour \u00e0 l&rsquo;ordre constitutionnel sera effectif cette ann\u00e9e, marquant ainsi une \u00e9tape cruciale pour le pays.<\/p>\n\n\n\n<p>Le ministre a profit\u00e9 de cette occasion pour appeler les citoyens guin\u00e9ens \u00e0 participer activement au processus \u00e9lectoral. \u00ab\u00a0Je veux lancer un appel aux citoyens et citoyennes de Guin\u00e9e de se mobiliser pour rejoindre les bureaux de recensement et se faire enr\u00f4ler afin d\u2019avoir la possibilit\u00e9 de voter pour leur candidat\u00a0\u00bb, a-t-il insist\u00e9, soulignant l\u2019importance de la participation civique.<\/p>\n\n\n\n<p>Ibrahima Kalil COND\u00c9 a \u00e9galement r\u00e9affirm\u00e9 la certitude de la tenue des \u00e9lections en 2025, assurant que \u00ab\u00a0la tenue des \u00e9lections courant 2025 est certaine\u00a0\u00bb. Un message rassurant pour les Guin\u00e9ens, qui attendent ce moment crucial de la transition d\u00e9mocratique.<\/p>\n\n\n\n<p>Il convient de rappeler que le r\u00e9f\u00e9rendum constitutionnel, \u00e9tape fondamentale de ce processus, est pr\u00e9vu pour le 21 septembre 2025. Ce r\u00e9f\u00e9rendum balisera le chemin vers un retour \u00e0 l&rsquo;ordre constitutionnel et marquera un tournant significatif pour l&rsquo;avenir politique de la Guin\u00e9e. Les regards sont d\u00e9sormais tourn\u00e9s vers cette \u00e9ch\u00e9ance d\u00e9terminante, avec l\u2019espoir d\u2019un renouveau politique pour le pays.<\/p>\n\n\n\n<p><strong>Mamadouba CAMARA<\/strong><\/p>\n","protected":false},"excerpt":{"rendered":"<p>Le ministre de l\u2019Administration du territoire et de la d\u00e9centralisation, Ibrahima Kalil COND\u00c9, a annonc\u00e9 une nouvelle importante concernant l\u2019avenir politique de la Guin\u00e9e. Lors de la r\u00e9ception de kits d\u2019enr\u00f4lement biom\u00e9triques des \u00e9lecteurs, il a confirm\u00e9 que le retour \u00e0 l&rsquo;ordre constitutionnel sera effectif cette ann\u00e9e, marquant ainsi une \u00e9tape cruciale pour le pays. [&hellip;]<\/p>\n","protected":false},"author":123458,"featured_media":8081,"comment_status":"open","ping_status":"open","sticky":false,"template":"","format":"standard","meta":{"_acf_changed":false,"footnotes":""},"categories":[11,2],"tags":[],"class_list":["post-8080","post","type-post","status-publish","format-standard","has-post-thumbnail","hentry","category-actualite","category-politique"],"acf":[],"_links":{"self":[{"href":"https:\/\/lereveil224.info\/index.php\/wp-json\/wp\/v2\/posts\/8080","targetHints":{"allow":["GET"]}}],"collection":[{"href":"https:\/\/lereveil224.info\/index.php\/wp-json\/wp\/v2\/posts"}],"about":[{"href":"https:\/\/lereveil224.info\/index.php\/wp-json\/wp\/v2\/types\/post"}],"author":[{"embeddable":true,"href":"https:\/\/lereveil224.info\/index.php\/wp-json\/wp\/v2\/users\/123458"}],"replies":[{"embeddable":true,"href":"https:\/\/lereveil224.info\/index.php\/wp-json\/wp\/v2\/comments?post=8080"}],"version-history":[{"count":1,"href":"https:\/\/lereveil224.info\/index.php\/wp-json\/wp\/v2\/posts\/8080\/revisions"}],"predecessor-version":[{"id":8082,"href":"https:\/\/lereveil224.info\/index.php\/wp-json\/wp\/v2\/posts\/8080\/revisions\/8082"}],"wp:featuredmedia":[{"embeddable":true,"href":"https:\/\/lereveil224.info\/index.php\/wp-json\/wp\/v2\/media\/8081"}],"wp:attachment":[{"href":"https:\/\/lereveil224.info\/index.php\/wp-json\/wp\/v2\/media?parent=8080"}],"wp:term":[{"taxonomy":"category","embeddable":true,"href":"https:\/\/lereveil224.info\/index.php\/wp-json\/wp\/v2\/categories?post=8080"},{"taxonomy":"post_tag","embeddable":true,"href":"https:\/\/lereveil224.info\/index.php\/wp-json\/wp\/v2\/tags?post=8080"}],"curies":[{"name":"wp","href":"https:\/\/api.w.org\/{rel}","templated":true}]}}