{"id":8073,"date":"2025-04-01T20:22:21","date_gmt":"2025-04-01T20:22:21","guid":{"rendered":"https:\/\/lereveil224.info\/?p=8073"},"modified":"2025-04-01T20:22:21","modified_gmt":"2025-04-01T20:22:21","slug":"un-geste-de-solidarite-le-prefet-de-nzerekore-aux-cotes-de-la-communaute-manding","status":"publish","type":"post","link":"https:\/\/lereveil224.info\/index.php\/2025\/04\/01\/un-geste-de-solidarite-le-prefet-de-nzerekore-aux-cotes-de-la-communaute-manding\/","title":{"rendered":"Un Geste de Solidarit\u00e9 : Le Pr\u00e9fet de N&rsquo;z\u00e9r\u00e9kor\u00e9 aux C\u00f4t\u00e9s de la Communaut\u00e9 Manding"},"content":{"rendered":"\n<p>En Guin\u00e9e foresti\u00e8re, la disparition de la fille du Pr\u00e9sident de la Coordination Manding a plong\u00e9 toute une communaut\u00e9 dans le deuil. Face \u00e0 cette perte, le Pr\u00e9fet de N&rsquo;z\u00e9r\u00e9kor\u00e9, Colonel Seny Silver CAMARA, a pris une initiative marquante en mobilisant, ce mardi matin, l\u2019ensemble des cadres de la pr\u00e9fecture pour pr\u00e9senter les condol\u00e9ances officielles. Ce geste, accompli au nom du Chef de l&rsquo;\u00c9tat, du Gouverneur et de tous les travailleurs de la pr\u00e9fecture, t\u00e9moigne d&rsquo;une profonde solidarit\u00e9 et d\u2019un engagement envers la coh\u00e9sion sociale.<\/p>\n\n\n\n<figure class=\"wp-block-image size-full\"><img fetchpriority=\"high\" decoding=\"async\" width=\"1008\" height=\"756\" src=\"https:\/\/lereveil224.info\/wp-content\/uploads\/2025\/04\/IMG-20250401-WA0013.jpg\" alt=\"\" class=\"wp-image-8074\" srcset=\"https:\/\/lereveil224.info\/wp-content\/uploads\/2025\/04\/IMG-20250401-WA0013.jpg 1008w, https:\/\/lereveil224.info\/wp-content\/uploads\/2025\/04\/IMG-20250401-WA0013-300x225.jpg 300w, https:\/\/lereveil224.info\/wp-content\/uploads\/2025\/04\/IMG-20250401-WA0013-768x576.jpg 768w, https:\/\/lereveil224.info\/wp-content\/uploads\/2025\/04\/IMG-20250401-WA0013-86x64.jpg 86w\" sizes=\"(max-width: 1008px) 100vw, 1008px\" \/><\/figure>\n\n\n\n<p>L\u2019\u00e9motion \u00e9tait palpable au sein de la communaut\u00e9 Manding, fortement mobilis\u00e9e pour l\u2019occasion. Cet acte de compassion, rare dans l\u2019histoire de la r\u00e9gion, a \u00e9t\u00e9 salu\u00e9 par le Pr\u00e9sident de la Coordination Manding, qui a soulign\u00e9 qu\u2019il s\u2019agissait d\u2019une premi\u00e8re pour une autorit\u00e9 locale. Ce geste renforce ainsi la confiance entre les citoyens et l&rsquo;administration, un \u00e9l\u00e9ment cl\u00e9 pour la consolidation de la paix et du vivre-ensemble.<\/p>\n\n\n\n<p>Cette mobilisation du Pr\u00e9fet de N&rsquo;z\u00e9r\u00e9kor\u00e9 illustre la volont\u00e9 des autorit\u00e9s de renforcer les liens entre les communaut\u00e9s et d\u2019instaurer une collaboration harmonieuse, gage d\u2019un d\u00e9veloppement pacifique et inclusif.<\/p>\n\n\n\n<p><strong>Mamadouba CAMARA <\/strong><\/p>\n","protected":false},"excerpt":{"rendered":"<p>En Guin\u00e9e foresti\u00e8re, la disparition de la fille du Pr\u00e9sident de la Coordination Manding a plong\u00e9 toute une communaut\u00e9 dans le deuil. Face \u00e0 cette perte, le Pr\u00e9fet de N&rsquo;z\u00e9r\u00e9kor\u00e9, Colonel Seny Silver CAMARA, a pris une initiative marquante en mobilisant, ce mardi matin, l\u2019ensemble des cadres de la pr\u00e9fecture pour pr\u00e9senter les condol\u00e9ances officielles. [&hellip;]<\/p>\n","protected":false},"author":123458,"featured_media":8075,"comment_status":"open","ping_status":"open","sticky":false,"template":"","format":"standard","meta":{"_acf_changed":false,"footnotes":""},"categories":[11,18],"tags":[],"class_list":["post-8073","post","type-post","status-publish","format-standard","has-post-thumbnail","hentry","category-actualite","category-region"],"acf":[],"_links":{"self":[{"href":"https:\/\/lereveil224.info\/index.php\/wp-json\/wp\/v2\/posts\/8073","targetHints":{"allow":["GET"]}}],"collection":[{"href":"https:\/\/lereveil224.info\/index.php\/wp-json\/wp\/v2\/posts"}],"about":[{"href":"https:\/\/lereveil224.info\/index.php\/wp-json\/wp\/v2\/types\/post"}],"author":[{"embeddable":true,"href":"https:\/\/lereveil224.info\/index.php\/wp-json\/wp\/v2\/users\/123458"}],"replies":[{"embeddable":true,"href":"https:\/\/lereveil224.info\/index.php\/wp-json\/wp\/v2\/comments?post=8073"}],"version-history":[{"count":1,"href":"https:\/\/lereveil224.info\/index.php\/wp-json\/wp\/v2\/posts\/8073\/revisions"}],"predecessor-version":[{"id":8076,"href":"https:\/\/lereveil224.info\/index.php\/wp-json\/wp\/v2\/posts\/8073\/revisions\/8076"}],"wp:featuredmedia":[{"embeddable":true,"href":"https:\/\/lereveil224.info\/index.php\/wp-json\/wp\/v2\/media\/8075"}],"wp:attachment":[{"href":"https:\/\/lereveil224.info\/index.php\/wp-json\/wp\/v2\/media?parent=8073"}],"wp:term":[{"taxonomy":"category","embeddable":true,"href":"https:\/\/lereveil224.info\/index.php\/wp-json\/wp\/v2\/categories?post=8073"},{"taxonomy":"post_tag","embeddable":true,"href":"https:\/\/lereveil224.info\/index.php\/wp-json\/wp\/v2\/tags?post=8073"}],"curies":[{"name":"wp","href":"https:\/\/api.w.org\/{rel}","templated":true}]}}