{"id":8008,"date":"2025-03-23T15:52:59","date_gmt":"2025-03-23T15:52:59","guid":{"rendered":"https:\/\/lereveil224.info\/?p=8008"},"modified":"2025-03-24T02:34:57","modified_gmt":"2025-03-24T02:34:57","slug":"pose-de-la-premiere-pierre-du-siege-de-la-hac-a-nzerekore-un-projet-denvergure-pour-la-communication-en-guinee","status":"publish","type":"post","link":"https:\/\/lereveil224.info\/index.php\/2025\/03\/23\/pose-de-la-premiere-pierre-du-siege-de-la-hac-a-nzerekore-un-projet-denvergure-pour-la-communication-en-guinee\/","title":{"rendered":"Pose de la premi\u00e8re pierre du si\u00e8ge de la HAC \u00e0 N\u2019Z\u00e9r\u00e9kor\u00e9 : Un projet d\u2019envergure pour la communication en Guin\u00e9e"},"content":{"rendered":"\n<p>Le secteur Komota, dans le quartier Gonia 3 de la commune urbaine de N&rsquo;Z\u00e9r\u00e9kor\u00e9, a \u00e9t\u00e9 le cadre choisi pour la pose de la premi\u00e8re pierre du si\u00e8ge r\u00e9gional de la Haute Autorit\u00e9 de la Communication (HAC), ce samedi 22 mars 2025.<\/p>\n\n\n\n<figure class=\"wp-block-image size-full\"><img fetchpriority=\"high\" decoding=\"async\" width=\"1020\" height=\"471\" src=\"https:\/\/lereveil224.info\/wp-content\/uploads\/2025\/03\/IMG-20250323-WA0004.jpg\" alt=\"\" class=\"wp-image-8013\" srcset=\"https:\/\/lereveil224.info\/wp-content\/uploads\/2025\/03\/IMG-20250323-WA0004.jpg 1020w, https:\/\/lereveil224.info\/wp-content\/uploads\/2025\/03\/IMG-20250323-WA0004-300x139.jpg 300w, https:\/\/lereveil224.info\/wp-content\/uploads\/2025\/03\/IMG-20250323-WA0004-768x355.jpg 768w\" sizes=\"(max-width: 1020px) 100vw, 1020px\" \/><\/figure>\n\n\n\n<p>En pr\u00e9sence de Monsieur Boubacar Yacine DIALLO, pr\u00e9sident de la HAC, accompagn\u00e9 de plusieurs commissaires, le pr\u00e9sident de la d\u00e9l\u00e9gation sp\u00e9ciale de N&rsquo;Z\u00e9r\u00e9kor\u00e9, Gnakoye Oscar, a d\u00e9clar\u00e9 : \u00ab C&rsquo;est avec un r\u00e9el plaisir que je prends la parole pour exprimer toute notre reconnaissance au pr\u00e9sident de la R\u00e9publique pour sa vision et son engagement dans le cadre de la d\u00e9centralisation \u00e0 travers la construction d\u2019infrastructures de qualit\u00e9. Notre reconnaissance va \u00e9galement au pr\u00e9sident de la HAC pour son initiative, mais aussi pour son d\u00e9placement afin de participer \u00e0 cette pose de premi\u00e8re pierre. Je profite de l&rsquo;occasion pour vous r\u00e9it\u00e9rer l&rsquo;adh\u00e9sion totale et sans faille de la communaut\u00e9 \u00e0 veiller sur cette infrastructure et \u00e0 la prot\u00e9ger. \u00bb<\/p>\n\n\n\n<figure class=\"wp-block-image size-full\"><img decoding=\"async\" width=\"1020\" height=\"471\" src=\"https:\/\/lereveil224.info\/wp-content\/uploads\/2025\/03\/IMG-20250323-WA0006.jpg\" alt=\"\" class=\"wp-image-8015\" srcset=\"https:\/\/lereveil224.info\/wp-content\/uploads\/2025\/03\/IMG-20250323-WA0006.jpg 1020w, https:\/\/lereveil224.info\/wp-content\/uploads\/2025\/03\/IMG-20250323-WA0006-300x139.jpg 300w, https:\/\/lereveil224.info\/wp-content\/uploads\/2025\/03\/IMG-20250323-WA0006-768x355.jpg 768w\" sizes=\"(max-width: 1020px) 100vw, 1020px\" \/><\/figure>\n\n\n\n<figure class=\"wp-block-image size-full\"><img decoding=\"async\" width=\"1020\" height=\"471\" src=\"https:\/\/lereveil224.info\/wp-content\/uploads\/2025\/03\/IMG-20250323-WA0006.jpg\" alt=\"\" class=\"wp-image-8015\" srcset=\"https:\/\/lereveil224.info\/wp-content\/uploads\/2025\/03\/IMG-20250323-WA0006.jpg 1020w, https:\/\/lereveil224.info\/wp-content\/uploads\/2025\/03\/IMG-20250323-WA0006-300x139.jpg 300w, https:\/\/lereveil224.info\/wp-content\/uploads\/2025\/03\/IMG-20250323-WA0006-768x355.jpg 768w\" sizes=\"(max-width: 1020px) 100vw, 1020px\" \/><\/figure>\n\n\n\n<p>Pour sa part, Elhadji Tidiane SOUMAH, directeur de cabinet du gouvernorat de N&rsquo;Z\u00e9r\u00e9kor\u00e9, a soulign\u00e9 : \u00ab Se r\u00e9unir autour de la pose de la premi\u00e8re pierre du si\u00e8ge r\u00e9gional de la HAC est la cons\u00e9cration de la volont\u00e9 du pr\u00e9sident de la R\u00e9publique, Son Excellence Mamadi Doumbouya, de faire de la qualit\u00e9 une priorit\u00e9. Ce b\u00e2timent va servir de cadre de veille des m\u00e9dias de la r\u00e9gion, ce qui contribuera \u00e0 cultiver la paix et la coh\u00e9sion sociale. \u00bb<\/p>\n\n\n\n<figure class=\"wp-block-image size-full\"><img decoding=\"async\" width=\"1020\" height=\"471\" src=\"https:\/\/lereveil224.info\/wp-content\/uploads\/2025\/03\/IMG-20250323-WA0005.jpg\" alt=\"\" class=\"wp-image-8016\" srcset=\"https:\/\/lereveil224.info\/wp-content\/uploads\/2025\/03\/IMG-20250323-WA0005.jpg 1020w, https:\/\/lereveil224.info\/wp-content\/uploads\/2025\/03\/IMG-20250323-WA0005-300x139.jpg 300w, https:\/\/lereveil224.info\/wp-content\/uploads\/2025\/03\/IMG-20250323-WA0005-768x355.jpg 768w\" sizes=\"(max-width: 1020px) 100vw, 1020px\" \/><\/figure>\n\n\n\n<figure class=\"wp-block-image size-full\"><img decoding=\"async\" width=\"1020\" height=\"471\" src=\"https:\/\/lereveil224.info\/wp-content\/uploads\/2025\/03\/IMG-20250323-WA0005.jpg\" alt=\"\" class=\"wp-image-8016\" srcset=\"https:\/\/lereveil224.info\/wp-content\/uploads\/2025\/03\/IMG-20250323-WA0005.jpg 1020w, https:\/\/lereveil224.info\/wp-content\/uploads\/2025\/03\/IMG-20250323-WA0005-300x139.jpg 300w, https:\/\/lereveil224.info\/wp-content\/uploads\/2025\/03\/IMG-20250323-WA0005-768x355.jpg 768w\" sizes=\"(max-width: 1020px) 100vw, 1020px\" \/><\/figure>\n\n\n\n<p>\u00ab Cette pose de la premi\u00e8re pierre constitue le point de d\u00e9part pour un b\u00e2timent comprenant une salle de r\u00e9union, sept bureaux, un magasin, des douches internes et externes. Nous nous engageons \u00e0 r\u00e9aliser des travaux de qualit\u00e9 et dans les d\u00e9lais, conform\u00e9ment au cahier des charges \u00bb, a d\u00e9clar\u00e9 Mohamed KEITA, porte-parole de l&rsquo;entreprise contractante.<\/p>\n\n\n\n<figure class=\"wp-block-image size-full\"><img loading=\"lazy\" decoding=\"async\" width=\"1020\" height=\"471\" src=\"https:\/\/lereveil224.info\/wp-content\/uploads\/2025\/03\/IMG-20250323-WA0007.jpg\" alt=\"\" class=\"wp-image-8014\" srcset=\"https:\/\/lereveil224.info\/wp-content\/uploads\/2025\/03\/IMG-20250323-WA0007.jpg 1020w, https:\/\/lereveil224.info\/wp-content\/uploads\/2025\/03\/IMG-20250323-WA0007-300x139.jpg 300w, https:\/\/lereveil224.info\/wp-content\/uploads\/2025\/03\/IMG-20250323-WA0007-768x355.jpg 768w\" sizes=\"(max-width: 1020px) 100vw, 1020px\" \/><\/figure>\n\n\n\n<figure class=\"wp-block-image size-full\"><img loading=\"lazy\" decoding=\"async\" width=\"1020\" height=\"471\" src=\"https:\/\/lereveil224.info\/wp-content\/uploads\/2025\/03\/IMG-20250323-WA0007.jpg\" alt=\"\" class=\"wp-image-8014\" srcset=\"https:\/\/lereveil224.info\/wp-content\/uploads\/2025\/03\/IMG-20250323-WA0007.jpg 1020w, https:\/\/lereveil224.info\/wp-content\/uploads\/2025\/03\/IMG-20250323-WA0007-300x139.jpg 300w, https:\/\/lereveil224.info\/wp-content\/uploads\/2025\/03\/IMG-20250323-WA0007-768x355.jpg 768w\" sizes=\"(max-width: 1020px) 100vw, 1020px\" \/><\/figure>\n\n\n\n<p>Tr\u00e8s satisfait de la mobilisation, Monsieur Boubacar Yacine DIALLO, pr\u00e9sident de la HAC, a rappel\u00e9 que la construction de ce si\u00e8ge permettra une meilleure efficacit\u00e9 dans le monitorage des m\u00e9dias dans la r\u00e9gion. L\u2019\u00e9v\u00e9nement a rassembl\u00e9 les autorit\u00e9s r\u00e9gionales, pr\u00e9fectorales et religieuses ainsi que de nombreux citoyens, t\u00e9moins de cette \u00e9tape symbolique pour le d\u00e9veloppement de la presse et de la communication dans la r\u00e9gion.<\/p>\n\n\n\n<p>\u00c0 noter que durant son s\u00e9jour, le pr\u00e9sident de la HAC a rencontr\u00e9 les journalistes de la r\u00e9gion \u00e0 la radio rurale de N&rsquo;Z\u00e9r\u00e9kor\u00e9. Il a profit\u00e9 de l&rsquo;occasion pour prodiguer de sages conseils dans l&rsquo;exercice de la profession. Accompagn\u00e9 de sa suite, Monsieur Yacine a \u00e9galement rendu visite au doyen Odilon de la RTG, alit\u00e9 dans le quartier Kpama.<\/p>\n\n\n\n<p><strong>Thierno Amadou DIALLO<\/strong><\/p>\n","protected":false},"excerpt":{"rendered":"<p>Le secteur Komota, dans le quartier Gonia 3 de la commune urbaine de N&rsquo;Z\u00e9r\u00e9kor\u00e9, a \u00e9t\u00e9 le cadre choisi pour la pose de la premi\u00e8re pierre du si\u00e8ge r\u00e9gional de la Haute Autorit\u00e9 de la Communication (HAC), ce samedi 22 mars 2025. En pr\u00e9sence de Monsieur Boubacar Yacine DIALLO, pr\u00e9sident de la HAC, accompagn\u00e9 de [&hellip;]<\/p>\n","protected":false},"author":123458,"featured_media":8010,"comment_status":"open","ping_status":"open","sticky":false,"template":"","format":"standard","meta":{"_acf_changed":false,"footnotes":""},"categories":[11,18],"tags":[],"class_list":["post-8008","post","type-post","status-publish","format-standard","has-post-thumbnail","hentry","category-actualite","category-region"],"acf":[],"_links":{"self":[{"href":"https:\/\/lereveil224.info\/index.php\/wp-json\/wp\/v2\/posts\/8008","targetHints":{"allow":["GET"]}}],"collection":[{"href":"https:\/\/lereveil224.info\/index.php\/wp-json\/wp\/v2\/posts"}],"about":[{"href":"https:\/\/lereveil224.info\/index.php\/wp-json\/wp\/v2\/types\/post"}],"author":[{"embeddable":true,"href":"https:\/\/lereveil224.info\/index.php\/wp-json\/wp\/v2\/users\/123458"}],"replies":[{"embeddable":true,"href":"https:\/\/lereveil224.info\/index.php\/wp-json\/wp\/v2\/comments?post=8008"}],"version-history":[{"count":4,"href":"https:\/\/lereveil224.info\/index.php\/wp-json\/wp\/v2\/posts\/8008\/revisions"}],"predecessor-version":[{"id":8028,"href":"https:\/\/lereveil224.info\/index.php\/wp-json\/wp\/v2\/posts\/8008\/revisions\/8028"}],"wp:featuredmedia":[{"embeddable":true,"href":"https:\/\/lereveil224.info\/index.php\/wp-json\/wp\/v2\/media\/8010"}],"wp:attachment":[{"href":"https:\/\/lereveil224.info\/index.php\/wp-json\/wp\/v2\/media?parent=8008"}],"wp:term":[{"taxonomy":"category","embeddable":true,"href":"https:\/\/lereveil224.info\/index.php\/wp-json\/wp\/v2\/categories?post=8008"},{"taxonomy":"post_tag","embeddable":true,"href":"https:\/\/lereveil224.info\/index.php\/wp-json\/wp\/v2\/tags?post=8008"}],"curies":[{"name":"wp","href":"https:\/\/api.w.org\/{rel}","templated":true}]}}