{"id":8002,"date":"2025-03-23T07:25:08","date_gmt":"2025-03-23T07:25:08","guid":{"rendered":"https:\/\/lereveil224.info\/?p=8002"},"modified":"2025-03-23T07:25:08","modified_gmt":"2025-03-23T07:25:08","slug":"nzerekore-luniversite-celebre-la-journee-internationale-de-la-femme-en-differe","status":"publish","type":"post","link":"https:\/\/lereveil224.info\/index.php\/2025\/03\/23\/nzerekore-luniversite-celebre-la-journee-internationale-de-la-femme-en-differe\/","title":{"rendered":"N&rsquo;Z\u00e9r\u00e9kor\u00e9 : L&rsquo;Universit\u00e9 c\u00e9l\u00e8bre la Journ\u00e9e internationale de la femme en diff\u00e9r\u00e9"},"content":{"rendered":"\n<p>La salle 3 de l&rsquo;Universit\u00e9 de N&rsquo;Z\u00e9r\u00e9kor\u00e9 a servi de cadre \u00e0 la tenue d&rsquo;un panel sous le th\u00e8me <em>\u00ab\u00a0Pour toutes les femmes et les filles : droit, \u00e9galit\u00e9 et autonomisation\u00a0\u00bb<\/em>, \u00e0 l&rsquo;occasion de la c\u00e9l\u00e9bration en diff\u00e9r\u00e9 de la Journ\u00e9e internationale de la femme, ce samedi 22 mars 2025.<\/p>\n\n\n\n<figure class=\"wp-block-image size-large\"><img fetchpriority=\"high\" decoding=\"async\" width=\"1024\" height=\"683\" src=\"https:\/\/lereveil224.info\/wp-content\/uploads\/2025\/03\/IMG-20250323-WA0001-1024x683.jpg\" alt=\"\" class=\"wp-image-8005\" srcset=\"https:\/\/lereveil224.info\/wp-content\/uploads\/2025\/03\/IMG-20250323-WA0001-1024x683.jpg 1024w, https:\/\/lereveil224.info\/wp-content\/uploads\/2025\/03\/IMG-20250323-WA0001-300x200.jpg 300w, https:\/\/lereveil224.info\/wp-content\/uploads\/2025\/03\/IMG-20250323-WA0001-768x512.jpg 768w, https:\/\/lereveil224.info\/wp-content\/uploads\/2025\/03\/IMG-20250323-WA0001.jpg 1080w\" sizes=\"(max-width: 1024px) 100vw, 1024px\" \/><\/figure>\n\n\n\n<p>Dans son discours, Dre Agn\u00e8s SANGAR\u00c9, responsable du comit\u00e9 Genre et \u00c9quit\u00e9 de l&rsquo;Universit\u00e9 de N&rsquo;Z\u00e9r\u00e9kor\u00e9, pr\u00e9cise : *\u00ab Bien que nous c\u00e9l\u00e9brions cette Journ\u00e9e internationale en diff\u00e9r\u00e9, notre d\u00e9termination \u00e0 d\u00e9fendre la cause des femmes et des filles reste intacte. \u00c0 cette occasion m\u00e9morable, le th\u00e8me retenu cette ann\u00e9e par les Nations Unies, <em>&lsquo;Pour toutes les femmes et les filles : droit, \u00e9galit\u00e9 et autonomisation&rsquo;<\/em>, r\u00e9sonne avec une force particuli\u00e8re dans notre contexte guin\u00e9en. Il nous interpelle sur les avanc\u00e9es r\u00e9alis\u00e9es, qui prot\u00e8gent les femmes et les filles contre les violences et favorisent leur acc\u00e8s \u00e0 l&rsquo;\u00e9ducation et \u00e0 la sant\u00e9, mais aussi sur les d\u00e9fis li\u00e9s au mariage pr\u00e9coce, \u00e0 la violence conjugale, \u00e0 l&rsquo;acc\u00e8s limit\u00e9 aux ressources \u00e9conomiques et \u00e0 la formation qui persistent.<\/p>\n\n\n\n<p>Je rappelle \u00e9galement qu&rsquo;aucune soci\u00e9t\u00e9 ne peut prosp\u00e9rer si la moiti\u00e9 de sa population est laiss\u00e9e pour compte. Le progr\u00e8s d&rsquo;une nation repose sur la reconnaissance des droits de chaque individu, ind\u00e9pendamment de son genre. \u00bb*<\/p>\n\n\n\n<p>Proposant des pistes de solutions, elle sugg\u00e8re : <em>\u00ab Pour rem\u00e9dier \u00e0 ces probl\u00e8mes, nous devons renforcer l&rsquo;\u00e9ducation aux droits humains, sensibiliser nos communaut\u00e9s et veiller \u00e0 l&rsquo;application stricte des lois. \u00bb<\/em><\/p>\n\n\n\n<p>Pour terminer, Dre Agn\u00e8s Sangar\u00e9 interpelle les autorit\u00e9s universitaires en ces termes : <em>\u00ab Je termine en sollicitant aupr\u00e8s des autorit\u00e9s universitaires la promotion d&rsquo;un cadre acad\u00e9mique et professionnel inclusif o\u00f9 chaque femme et fille peut s&rsquo;\u00e9panouir sans discrimination ni entrave, en leur garantissant l&rsquo;\u00e9galit\u00e9 et l&rsquo;\u00e9quit\u00e9, en encourageant leur participation active dans tous les domaines, afin de leur permettre de contribuer pleinement au d\u00e9veloppement de notre nation. \u00bb<\/em><\/p>\n\n\n\n<figure class=\"wp-block-image size-large\"><img decoding=\"async\" width=\"1024\" height=\"683\" src=\"https:\/\/lereveil224.info\/wp-content\/uploads\/2025\/03\/IMG-20250323-WA0002-1024x683.jpg\" alt=\"\" class=\"wp-image-8004\" srcset=\"https:\/\/lereveil224.info\/wp-content\/uploads\/2025\/03\/IMG-20250323-WA0002-1024x683.jpg 1024w, https:\/\/lereveil224.info\/wp-content\/uploads\/2025\/03\/IMG-20250323-WA0002-300x200.jpg 300w, https:\/\/lereveil224.info\/wp-content\/uploads\/2025\/03\/IMG-20250323-WA0002-768x512.jpg 768w, https:\/\/lereveil224.info\/wp-content\/uploads\/2025\/03\/IMG-20250323-WA0002.jpg 1080w\" sizes=\"(max-width: 1024px) 100vw, 1024px\" \/><\/figure>\n\n\n\n<figure class=\"wp-block-image size-large\"><img decoding=\"async\" width=\"1024\" height=\"683\" src=\"https:\/\/lereveil224.info\/wp-content\/uploads\/2025\/03\/IMG-20250323-WA0002-1024x683.jpg\" alt=\"\" class=\"wp-image-8004\" srcset=\"https:\/\/lereveil224.info\/wp-content\/uploads\/2025\/03\/IMG-20250323-WA0002-1024x683.jpg 1024w, https:\/\/lereveil224.info\/wp-content\/uploads\/2025\/03\/IMG-20250323-WA0002-300x200.jpg 300w, https:\/\/lereveil224.info\/wp-content\/uploads\/2025\/03\/IMG-20250323-WA0002-768x512.jpg 768w, https:\/\/lereveil224.info\/wp-content\/uploads\/2025\/03\/IMG-20250323-WA0002.jpg 1080w\" sizes=\"(max-width: 1024px) 100vw, 1024px\" \/><\/figure>\n\n\n\n<p>Prenant la parole, Dr Demba A\u00efssata SAMOURA, vice-recteur charg\u00e9 de la Recherche et de l&rsquo;Innovation, a tout d&rsquo;abord souhait\u00e9 la bienvenue \u00e0 l&rsquo;autorit\u00e9 r\u00e9gionale avant de pr\u00e9ciser : <em>\u00ab La journ\u00e9e du 8 mars n&rsquo;est pas qu&rsquo;une simple f\u00eate, mais l&rsquo;occasion de se pencher sur l&rsquo;\u00e9tat de la promotion des droits des femmes. Pour le cas guin\u00e9en, des efforts sont faits dans ce sens gr\u00e2ce \u00e0 la d\u00e9termination du Pr\u00e9sident de la R\u00e9publique, Son Excellence G\u00e9n\u00e9ral Mamadi Doumbouya, qui place la femme au centre de ses pr\u00e9occupations. Du c\u00f4t\u00e9 de l&rsquo;Universit\u00e9 de N&rsquo;Z\u00e9r\u00e9kor\u00e9, la promotion des droits des femmes et des filles reste notre priorit\u00e9. \u00bb<\/em>, dira Dr Demba au nom du recteur.<\/p>\n\n\n\n<figure class=\"wp-block-image size-large\"><img decoding=\"async\" width=\"1024\" height=\"683\" src=\"https:\/\/lereveil224.info\/wp-content\/uploads\/2025\/03\/IMG-20250323-WA0003-1024x683.jpg\" alt=\"\" class=\"wp-image-8003\" srcset=\"https:\/\/lereveil224.info\/wp-content\/uploads\/2025\/03\/IMG-20250323-WA0003-1024x683.jpg 1024w, https:\/\/lereveil224.info\/wp-content\/uploads\/2025\/03\/IMG-20250323-WA0003-300x200.jpg 300w, https:\/\/lereveil224.info\/wp-content\/uploads\/2025\/03\/IMG-20250323-WA0003-768x512.jpg 768w, https:\/\/lereveil224.info\/wp-content\/uploads\/2025\/03\/IMG-20250323-WA0003.jpg 1080w\" sizes=\"(max-width: 1024px) 100vw, 1024px\" \/><\/figure>\n\n\n\n<figure class=\"wp-block-image size-large\"><img decoding=\"async\" width=\"1024\" height=\"683\" src=\"https:\/\/lereveil224.info\/wp-content\/uploads\/2025\/03\/IMG-20250323-WA0003-1024x683.jpg\" alt=\"\" class=\"wp-image-8003\" srcset=\"https:\/\/lereveil224.info\/wp-content\/uploads\/2025\/03\/IMG-20250323-WA0003-1024x683.jpg 1024w, https:\/\/lereveil224.info\/wp-content\/uploads\/2025\/03\/IMG-20250323-WA0003-300x200.jpg 300w, https:\/\/lereveil224.info\/wp-content\/uploads\/2025\/03\/IMG-20250323-WA0003-768x512.jpg 768w, https:\/\/lereveil224.info\/wp-content\/uploads\/2025\/03\/IMG-20250323-WA0003.jpg 1080w\" sizes=\"(max-width: 1024px) 100vw, 1024px\" \/><\/figure>\n\n\n\n<p>Repr\u00e9sentant Monsieur le Gouverneur de la r\u00e9gion administrative de N&rsquo;Z\u00e9r\u00e9kor\u00e9, le chef de cabinet, Monsieur \u00c9tienne SANDOUNO, n&rsquo;a pas manqu\u00e9 de saluer l&rsquo;implication des femmes dans la stabilit\u00e9 du pays, tout en lan\u00e7ant un appel : <em>\u00ab Nous sommes convaincus qu\u2019en respectant les droits des femmes, nous les pousserons \u00e0 s&rsquo;investir davantage dans le d\u00e9veloppement commun. Je demande \u00e0 tout le monde de veiller \u00e0 cela et aussi aux femmes et filles d&rsquo;\u00eatre de v\u00e9ritables forces motrices d&rsquo;une soci\u00e9t\u00e9 \u00e9quitable et prosp\u00e8re. \u00bb<\/em><\/p>\n\n\n\n<p>\u00c0 noter que le panel a \u00e9t\u00e9 anim\u00e9 par des femmes qui ont captiv\u00e9 l&rsquo;auditoire durant deux heures d&rsquo;horloge, avec des interactions \u00e0 la hauteur des attentes.<\/p>\n\n\n\n<p><em>\u00ab Chaque engagement est une avanc\u00e9e, il est temps que nos paroles deviennent des actes. \u00bb<\/em> C&rsquo;est sur ce slogan qu&rsquo;a pris fin cette c\u00e9l\u00e9bration en diff\u00e9r\u00e9, marquant une nouvelle page pour les femmes et les filles de l&rsquo;Universit\u00e9 de N&rsquo;Z\u00e9r\u00e9kor\u00e9.<\/p>\n\n\n\n<p><strong>David KALIVOGUI<\/strong><\/p>\n","protected":false},"excerpt":{"rendered":"<p>La salle 3 de l&rsquo;Universit\u00e9 de N&rsquo;Z\u00e9r\u00e9kor\u00e9 a servi de cadre \u00e0 la tenue d&rsquo;un panel sous le th\u00e8me \u00ab\u00a0Pour toutes les femmes et les filles : droit, \u00e9galit\u00e9 et autonomisation\u00a0\u00bb, \u00e0 l&rsquo;occasion de la c\u00e9l\u00e9bration en diff\u00e9r\u00e9 de la Journ\u00e9e internationale de la femme, ce samedi 22 mars 2025. Dans son discours, Dre Agn\u00e8s [&hellip;]<\/p>\n","protected":false},"author":123458,"featured_media":8006,"comment_status":"open","ping_status":"open","sticky":false,"template":"","format":"standard","meta":{"_acf_changed":false,"footnotes":""},"categories":[11,18],"tags":[],"class_list":["post-8002","post","type-post","status-publish","format-standard","has-post-thumbnail","hentry","category-actualite","category-region"],"acf":[],"_links":{"self":[{"href":"https:\/\/lereveil224.info\/index.php\/wp-json\/wp\/v2\/posts\/8002","targetHints":{"allow":["GET"]}}],"collection":[{"href":"https:\/\/lereveil224.info\/index.php\/wp-json\/wp\/v2\/posts"}],"about":[{"href":"https:\/\/lereveil224.info\/index.php\/wp-json\/wp\/v2\/types\/post"}],"author":[{"embeddable":true,"href":"https:\/\/lereveil224.info\/index.php\/wp-json\/wp\/v2\/users\/123458"}],"replies":[{"embeddable":true,"href":"https:\/\/lereveil224.info\/index.php\/wp-json\/wp\/v2\/comments?post=8002"}],"version-history":[{"count":1,"href":"https:\/\/lereveil224.info\/index.php\/wp-json\/wp\/v2\/posts\/8002\/revisions"}],"predecessor-version":[{"id":8007,"href":"https:\/\/lereveil224.info\/index.php\/wp-json\/wp\/v2\/posts\/8002\/revisions\/8007"}],"wp:featuredmedia":[{"embeddable":true,"href":"https:\/\/lereveil224.info\/index.php\/wp-json\/wp\/v2\/media\/8006"}],"wp:attachment":[{"href":"https:\/\/lereveil224.info\/index.php\/wp-json\/wp\/v2\/media?parent=8002"}],"wp:term":[{"taxonomy":"category","embeddable":true,"href":"https:\/\/lereveil224.info\/index.php\/wp-json\/wp\/v2\/categories?post=8002"},{"taxonomy":"post_tag","embeddable":true,"href":"https:\/\/lereveil224.info\/index.php\/wp-json\/wp\/v2\/tags?post=8002"}],"curies":[{"name":"wp","href":"https:\/\/api.w.org\/{rel}","templated":true}]}}