{"id":7990,"date":"2025-03-19T22:28:20","date_gmt":"2025-03-19T22:28:20","guid":{"rendered":"https:\/\/lereveil224.info\/?p=7990"},"modified":"2025-03-19T22:28:20","modified_gmt":"2025-03-19T22:28:20","slug":"amadou-oury-bah-et-les-sages-des-coordinations-regionales-un-dialogue-pour-lunite-nationale","status":"publish","type":"post","link":"https:\/\/lereveil224.info\/index.php\/2025\/03\/19\/amadou-oury-bah-et-les-sages-des-coordinations-regionales-un-dialogue-pour-lunite-nationale\/","title":{"rendered":"Amadou Oury BAH et les sages des coordinations r\u00e9gionales : Un dialogue pour l\u2019unit\u00e9 nationale"},"content":{"rendered":"\n<p>Ce mardi 18 mars 2025, le Premier ministre, Chef du Gouvernement, Amadou Oury BAH, a accueilli au Palais de la Colombe les repr\u00e9sentants des quatre coordinations r\u00e9gionales de la Guin\u00e9e. Cette rencontre, plac\u00e9e sous le signe du respect mutuel et de la reconnaissance, a permis aux sages d\u2019exprimer leur gratitude envers le gouvernement pour les actions entreprises sous la direction du Pr\u00e9sident de la R\u00e9publique, le G\u00e9n\u00e9ral Mamadi Doumbouya.<\/p>\n\n\n\n<p>\u00c0 travers leurs interventions, les repr\u00e9sentants des coordinations ont salu\u00e9 les avanc\u00e9es r\u00e9alis\u00e9es en faveur du d\u00e9veloppement du pays, de la coh\u00e9sion sociale et de la stabilit\u00e9. Ils ont r\u00e9affirm\u00e9 leur soutien aux efforts du gouvernement visant \u00e0 am\u00e9liorer les conditions de vie des citoyens et \u00e0 renforcer l\u2019unit\u00e9 nationale.<\/p>\n\n\n\n<p>Cette entrevue illustre la place centrale du dialogue dans la gestion des affaires publiques et t\u00e9moigne de l\u2019importance accord\u00e9e aux conseils des sages dans l\u2019orientation des grandes d\u00e9cisions nationales. En recevant ces figures influentes, le Premier ministre r\u00e9affirme l\u2019engagement du gouvernement \u00e0 \u0153uvrer pour un avenir o\u00f9 chaque Guin\u00e9en, quelle que soit sa r\u00e9gion d\u2019origine, se sent pleinement concern\u00e9 par le progr\u00e8s collectif.<\/p>\n\n\n\n<p><strong>Mamadouba CAMARA<\/strong><\/p>\n","protected":false},"excerpt":{"rendered":"<p>Ce mardi 18 mars 2025, le Premier ministre, Chef du Gouvernement, Amadou Oury BAH, a accueilli au Palais de la Colombe les repr\u00e9sentants des quatre coordinations r\u00e9gionales de la Guin\u00e9e. Cette rencontre, plac\u00e9e sous le signe du respect mutuel et de la reconnaissance, a permis aux sages d\u2019exprimer leur gratitude envers le gouvernement pour les [&hellip;]<\/p>\n","protected":false},"author":123458,"featured_media":7991,"comment_status":"open","ping_status":"open","sticky":false,"template":"","format":"standard","meta":{"_acf_changed":false,"footnotes":""},"categories":[11,2],"tags":[],"class_list":["post-7990","post","type-post","status-publish","format-standard","has-post-thumbnail","hentry","category-actualite","category-politique"],"acf":[],"_links":{"self":[{"href":"https:\/\/lereveil224.info\/index.php\/wp-json\/wp\/v2\/posts\/7990","targetHints":{"allow":["GET"]}}],"collection":[{"href":"https:\/\/lereveil224.info\/index.php\/wp-json\/wp\/v2\/posts"}],"about":[{"href":"https:\/\/lereveil224.info\/index.php\/wp-json\/wp\/v2\/types\/post"}],"author":[{"embeddable":true,"href":"https:\/\/lereveil224.info\/index.php\/wp-json\/wp\/v2\/users\/123458"}],"replies":[{"embeddable":true,"href":"https:\/\/lereveil224.info\/index.php\/wp-json\/wp\/v2\/comments?post=7990"}],"version-history":[{"count":1,"href":"https:\/\/lereveil224.info\/index.php\/wp-json\/wp\/v2\/posts\/7990\/revisions"}],"predecessor-version":[{"id":7992,"href":"https:\/\/lereveil224.info\/index.php\/wp-json\/wp\/v2\/posts\/7990\/revisions\/7992"}],"wp:featuredmedia":[{"embeddable":true,"href":"https:\/\/lereveil224.info\/index.php\/wp-json\/wp\/v2\/media\/7991"}],"wp:attachment":[{"href":"https:\/\/lereveil224.info\/index.php\/wp-json\/wp\/v2\/media?parent=7990"}],"wp:term":[{"taxonomy":"category","embeddable":true,"href":"https:\/\/lereveil224.info\/index.php\/wp-json\/wp\/v2\/categories?post=7990"},{"taxonomy":"post_tag","embeddable":true,"href":"https:\/\/lereveil224.info\/index.php\/wp-json\/wp\/v2\/tags?post=7990"}],"curies":[{"name":"wp","href":"https:\/\/api.w.org\/{rel}","templated":true}]}}