{"id":7987,"date":"2025-03-19T22:04:02","date_gmt":"2025-03-19T22:04:02","guid":{"rendered":"https:\/\/lereveil224.info\/?p=7987"},"modified":"2025-03-19T22:04:03","modified_gmt":"2025-03-19T22:04:03","slug":"gueckedou-une-nouvelle-page-pour-lagriculture-et-lelevage","status":"publish","type":"post","link":"https:\/\/lereveil224.info\/index.php\/2025\/03\/19\/gueckedou-une-nouvelle-page-pour-lagriculture-et-lelevage\/","title":{"rendered":"Gueck\u00e9dou : Une Nouvelle Page pour l&rsquo;Agriculture et l&rsquo;\u00c9levage"},"content":{"rendered":"\n<p>La pr\u00e9fecture de Gueck\u00e9dou s&rsquo;appr\u00eate \u00e0 vivre un moment solennel ce jeudi 20 mars 2025 avec la c\u00e9r\u00e9monie de passation de service entre les Directeurs Pr\u00e9fectoraux de l&rsquo;Agriculture et de l&rsquo;\u00c9levage sortant et entrant. L&rsquo;\u00e9v\u00e9nement se tiendra \u00e0 partir de 09h dans la salle de r\u00e9union du bloc administratif de la pr\u00e9fecture.<\/p>\n\n\n\n<p>Le cabinet du Pr\u00e9fet invite l\u2019ensemble des cadres pr\u00e9fectoraux, communaux ainsi que les repr\u00e9sentants des services de d\u00e9fense et de s\u00e9curit\u00e9 \u00e0 honorer de leur pr\u00e9sence cette c\u00e9r\u00e9monie qui marque un tournant dans la gestion du secteur agricole et de l\u2019\u00e9levage \u00e0 Gueck\u00e9dou.<\/p>\n\n\n\n<p>Le Directeur Pr\u00e9fectoral sortant, apr\u00e8s avoir servi avec engagement, est appel\u00e9 \u00e0 poursuivre sa mission dans la pr\u00e9fecture de Mandiana. Son successeur aura d\u00e9sormais la lourde t\u00e2che de prendre le relais et de continuer les efforts en faveur du d\u00e9veloppement agricole et de l\u2019\u00e9levage dans la r\u00e9gion.<\/p>\n\n\n\n<p>Ce changement s\u2019inscrit dans une dynamique de renforcement de la gouvernance locale et du secteur rural. Tous les acteurs concern\u00e9s sont donc invit\u00e9s \u00e0 se mobiliser pour accompagner cette transition dans un esprit de continuit\u00e9 et d\u2019am\u00e9lioration des performances.<\/p>\n\n\n\n<p>Gueck\u00e9dou se pr\u00e9pare ainsi \u00e0 une nouvelle \u00e9tape, avec l&rsquo;espoir que cette passation apportera un souffle nouveau pour le d\u00e9veloppement du secteur agricole et de l\u2019\u00e9levage dans la pr\u00e9fecture.<\/p>\n\n\n\n<p><strong>Mamadouba CAMARA<\/strong><\/p>\n","protected":false},"excerpt":{"rendered":"<p>La pr\u00e9fecture de Gueck\u00e9dou s&rsquo;appr\u00eate \u00e0 vivre un moment solennel ce jeudi 20 mars 2025 avec la c\u00e9r\u00e9monie de passation de service entre les Directeurs Pr\u00e9fectoraux de l&rsquo;Agriculture et de l&rsquo;\u00c9levage sortant et entrant. L&rsquo;\u00e9v\u00e9nement se tiendra \u00e0 partir de 09h dans la salle de r\u00e9union du bloc administratif de la pr\u00e9fecture. Le cabinet du [&hellip;]<\/p>\n","protected":false},"author":123458,"featured_media":7988,"comment_status":"open","ping_status":"open","sticky":false,"template":"","format":"standard","meta":{"_acf_changed":false,"footnotes":""},"categories":[11,18],"tags":[],"class_list":["post-7987","post","type-post","status-publish","format-standard","has-post-thumbnail","hentry","category-actualite","category-region"],"acf":[],"_links":{"self":[{"href":"https:\/\/lereveil224.info\/index.php\/wp-json\/wp\/v2\/posts\/7987","targetHints":{"allow":["GET"]}}],"collection":[{"href":"https:\/\/lereveil224.info\/index.php\/wp-json\/wp\/v2\/posts"}],"about":[{"href":"https:\/\/lereveil224.info\/index.php\/wp-json\/wp\/v2\/types\/post"}],"author":[{"embeddable":true,"href":"https:\/\/lereveil224.info\/index.php\/wp-json\/wp\/v2\/users\/123458"}],"replies":[{"embeddable":true,"href":"https:\/\/lereveil224.info\/index.php\/wp-json\/wp\/v2\/comments?post=7987"}],"version-history":[{"count":1,"href":"https:\/\/lereveil224.info\/index.php\/wp-json\/wp\/v2\/posts\/7987\/revisions"}],"predecessor-version":[{"id":7989,"href":"https:\/\/lereveil224.info\/index.php\/wp-json\/wp\/v2\/posts\/7987\/revisions\/7989"}],"wp:featuredmedia":[{"embeddable":true,"href":"https:\/\/lereveil224.info\/index.php\/wp-json\/wp\/v2\/media\/7988"}],"wp:attachment":[{"href":"https:\/\/lereveil224.info\/index.php\/wp-json\/wp\/v2\/media?parent=7987"}],"wp:term":[{"taxonomy":"category","embeddable":true,"href":"https:\/\/lereveil224.info\/index.php\/wp-json\/wp\/v2\/categories?post=7987"},{"taxonomy":"post_tag","embeddable":true,"href":"https:\/\/lereveil224.info\/index.php\/wp-json\/wp\/v2\/tags?post=7987"}],"curies":[{"name":"wp","href":"https:\/\/api.w.org\/{rel}","templated":true}]}}