{"id":7980,"date":"2025-03-19T07:38:39","date_gmt":"2025-03-19T07:38:39","guid":{"rendered":"https:\/\/lereveil224.info\/?p=7980"},"modified":"2025-03-19T07:38:40","modified_gmt":"2025-03-19T07:38:40","slug":"suspension-de-lufr-une-decision-qui-fait-trembler-la-scene-politique-guineenne","status":"publish","type":"post","link":"https:\/\/lereveil224.info\/index.php\/2025\/03\/19\/suspension-de-lufr-une-decision-qui-fait-trembler-la-scene-politique-guineenne\/","title":{"rendered":"Suspension de l\u2019UFR : Une d\u00e9cision qui fait trembler la sc\u00e8ne politique guin\u00e9enne"},"content":{"rendered":"\n<p>La r\u00e9cente suspension de l\u2019Union des Forces R\u00e9publicaines (UFR) par le minist\u00e8re de l\u2019Administration du Territoire et de la D\u00e9centralisation (MATD) a provoqu\u00e9 une onde de choc au sein de la classe politique guin\u00e9enne. Le parti, dirig\u00e9 par l\u2019ancien Premier ministre Sidya Tour\u00e9, d\u00e9nonce une mesure \u00ab arbitraire \u00bb et \u00ab injuste \u00bb, estimant qu\u2019elle porte une atteinte grave aux principes du pluralisme politique et de l\u2019\u00c9tat de droit.<\/p>\n\n\n\n<p>Dans un communiqu\u00e9 officiel, l\u2019UFR s\u2019est dite \u00ab stup\u00e9faite \u00bb par cette suspension qu\u2019elle qualifie de \u00ab violation flagrante \u00bb des r\u00e8gles d\u00e9mocratiques. Selon ses responsables, le parti a scrupuleusement respect\u00e9 toutes les obligations l\u00e9gales r\u00e9gissant les formations politiques en Guin\u00e9e et a toujours r\u00e9pondu aux sollicitations administratives. Cette d\u00e9cision est donc, \u00e0 leurs yeux, totalement \u00ab inacceptable \u00bb.<\/p>\n\n\n\n<p>Ce nouvel \u00e9pisode survient dans un climat d\u00e9j\u00e0 tendu entre le pouvoir et l\u2019opposition. Pour l\u2019UFR, il ne s\u2019agit ni plus ni moins que d\u2019une man\u0153uvre visant \u00e0 affaiblir les forces adverses du r\u00e9gime en place. Loin de se contenter d\u2019une simple contestation, le parti exige des explications claires sur les raisons pr\u00e9cises ayant conduit \u00e0 sa suspension.<\/p>\n\n\n\n<p>\u00ab Nous ignorons jusqu\u2019\u00e0 pr\u00e9sent les motifs exacts de cette sanction \u00bb, indique le communiqu\u00e9 du parti, qui regrette par ailleurs l\u2019absence de dialogue entre les autorit\u00e9s et les formations politiques. Selon lui, cette attitude contribue \u00e0 renforcer un climat de m\u00e9fiance et d\u2019instabilit\u00e9, au d\u00e9triment d\u2019une \u00e9volution politique apais\u00e9e.<\/p>\n\n\n\n<p>Alors que l\u2019UFR refuse de baisser les bras, cette affaire risque d\u2019intensifier les tensions sur la sc\u00e8ne politique guin\u00e9enne et de relancer le d\u00e9bat sur la libert\u00e9 d\u2019expression et le respect du jeu d\u00e9mocratique dans le pays.<\/p>\n\n\n\n<p><strong>Mamadouba CAMARA<\/strong><\/p>\n","protected":false},"excerpt":{"rendered":"<p>La r\u00e9cente suspension de l\u2019Union des Forces R\u00e9publicaines (UFR) par le minist\u00e8re de l\u2019Administration du Territoire et de la D\u00e9centralisation (MATD) a provoqu\u00e9 une onde de choc au sein de la classe politique guin\u00e9enne. Le parti, dirig\u00e9 par l\u2019ancien Premier ministre Sidya Tour\u00e9, d\u00e9nonce une mesure \u00ab arbitraire \u00bb et \u00ab injuste \u00bb, estimant qu\u2019elle [&hellip;]<\/p>\n","protected":false},"author":123458,"featured_media":7981,"comment_status":"open","ping_status":"open","sticky":false,"template":"","format":"standard","meta":{"_acf_changed":false,"footnotes":""},"categories":[11,2],"tags":[],"class_list":["post-7980","post","type-post","status-publish","format-standard","has-post-thumbnail","hentry","category-actualite","category-politique"],"acf":[],"_links":{"self":[{"href":"https:\/\/lereveil224.info\/index.php\/wp-json\/wp\/v2\/posts\/7980","targetHints":{"allow":["GET"]}}],"collection":[{"href":"https:\/\/lereveil224.info\/index.php\/wp-json\/wp\/v2\/posts"}],"about":[{"href":"https:\/\/lereveil224.info\/index.php\/wp-json\/wp\/v2\/types\/post"}],"author":[{"embeddable":true,"href":"https:\/\/lereveil224.info\/index.php\/wp-json\/wp\/v2\/users\/123458"}],"replies":[{"embeddable":true,"href":"https:\/\/lereveil224.info\/index.php\/wp-json\/wp\/v2\/comments?post=7980"}],"version-history":[{"count":1,"href":"https:\/\/lereveil224.info\/index.php\/wp-json\/wp\/v2\/posts\/7980\/revisions"}],"predecessor-version":[{"id":7982,"href":"https:\/\/lereveil224.info\/index.php\/wp-json\/wp\/v2\/posts\/7980\/revisions\/7982"}],"wp:featuredmedia":[{"embeddable":true,"href":"https:\/\/lereveil224.info\/index.php\/wp-json\/wp\/v2\/media\/7981"}],"wp:attachment":[{"href":"https:\/\/lereveil224.info\/index.php\/wp-json\/wp\/v2\/media?parent=7980"}],"wp:term":[{"taxonomy":"category","embeddable":true,"href":"https:\/\/lereveil224.info\/index.php\/wp-json\/wp\/v2\/categories?post=7980"},{"taxonomy":"post_tag","embeddable":true,"href":"https:\/\/lereveil224.info\/index.php\/wp-json\/wp\/v2\/tags?post=7980"}],"curies":[{"name":"wp","href":"https:\/\/api.w.org\/{rel}","templated":true}]}}