{"id":7971,"date":"2025-03-17T15:06:52","date_gmt":"2025-03-17T15:06:52","guid":{"rendered":"https:\/\/lereveil224.info\/?p=7971"},"modified":"2025-03-17T15:06:53","modified_gmt":"2025-03-17T15:06:53","slug":"crise-au-sein-de-la-cntg-salifou-camara-exclu-des-poursuites-en-vue","status":"publish","type":"post","link":"https:\/\/lereveil224.info\/index.php\/2025\/03\/17\/crise-au-sein-de-la-cntg-salifou-camara-exclu-des-poursuites-en-vue\/","title":{"rendered":"Crise au sein de la CNTG : Salifou CAMARA exclu, des poursuites en vue"},"content":{"rendered":"\n<p>La Conf\u00e9d\u00e9ration Nationale des Travailleurs de Guin\u00e9e (CNTG) traverse une nouvelle temp\u00eate. Lors d\u2019un point presse tenu ce lundi 17 mars \u00e0 la Bourse du Travail, l\u2019organisation syndicale a annonc\u00e9 l\u2019exclusion de Salifou CAMARA de toutes ses instances. Cette d\u00e9cision radicale a \u00e9t\u00e9 prise \u00e0 l\u2019unanimit\u00e9 lors d\u2019une r\u00e9union extraordinaire du Bureau Conf\u00e9d\u00e9ral.<\/p>\n\n\n\n<p>Selon les responsables de la CNTG, cette exclusion fait suite \u00e0 de graves accusations port\u00e9es contre Salifou Camara, notamment des violations des textes r\u00e9glementaires de la conf\u00e9d\u00e9ration. De plus, l\u2019int\u00e9ress\u00e9 aurait refus\u00e9 de r\u00e9pondre aux convocations qui lui ont \u00e9t\u00e9 adress\u00e9es, aggravant ainsi son cas.<\/p>\n\n\n\n<p>Pour combler le vide laiss\u00e9 par cette exclusion, la CNTG pr\u00e9voit l\u2019organisation d\u2019un congr\u00e8s partiel afin de d\u00e9signer un rempla\u00e7ant. Par ailleurs, la centrale syndicale n\u2019\u00e9carte pas l\u2019option de poursuites judiciaires contre Salifou Camara, laissant entendre que les faits reproch\u00e9s pourraient avoir des implications l\u00e9gales.<\/p>\n\n\n\n<p>Cette crise interne intervient dans un contexte d\u00e9j\u00e0 tendu pour le mouvement syndical guin\u00e9en, souvent confront\u00e9 \u00e0 des dissensions internes et des luttes d\u2019influence. Reste \u00e0 savoir si cette exclusion marquera la fin des tensions ou si elle ouvrira une nouvelle phase de turbulences au sein de la CNTG.<\/p>\n\n\n\n<p><strong>Mamadouba CAMARA<\/strong><\/p>\n","protected":false},"excerpt":{"rendered":"<p>La Conf\u00e9d\u00e9ration Nationale des Travailleurs de Guin\u00e9e (CNTG) traverse une nouvelle temp\u00eate. Lors d\u2019un point presse tenu ce lundi 17 mars \u00e0 la Bourse du Travail, l\u2019organisation syndicale a annonc\u00e9 l\u2019exclusion de Salifou CAMARA de toutes ses instances. Cette d\u00e9cision radicale a \u00e9t\u00e9 prise \u00e0 l\u2019unanimit\u00e9 lors d\u2019une r\u00e9union extraordinaire du Bureau Conf\u00e9d\u00e9ral. Selon les [&hellip;]<\/p>\n","protected":false},"author":123458,"featured_media":7972,"comment_status":"open","ping_status":"open","sticky":false,"template":"","format":"standard","meta":{"_acf_changed":false,"footnotes":""},"categories":[11],"tags":[],"class_list":["post-7971","post","type-post","status-publish","format-standard","has-post-thumbnail","hentry","category-actualite"],"acf":[],"_links":{"self":[{"href":"https:\/\/lereveil224.info\/index.php\/wp-json\/wp\/v2\/posts\/7971","targetHints":{"allow":["GET"]}}],"collection":[{"href":"https:\/\/lereveil224.info\/index.php\/wp-json\/wp\/v2\/posts"}],"about":[{"href":"https:\/\/lereveil224.info\/index.php\/wp-json\/wp\/v2\/types\/post"}],"author":[{"embeddable":true,"href":"https:\/\/lereveil224.info\/index.php\/wp-json\/wp\/v2\/users\/123458"}],"replies":[{"embeddable":true,"href":"https:\/\/lereveil224.info\/index.php\/wp-json\/wp\/v2\/comments?post=7971"}],"version-history":[{"count":1,"href":"https:\/\/lereveil224.info\/index.php\/wp-json\/wp\/v2\/posts\/7971\/revisions"}],"predecessor-version":[{"id":7973,"href":"https:\/\/lereveil224.info\/index.php\/wp-json\/wp\/v2\/posts\/7971\/revisions\/7973"}],"wp:featuredmedia":[{"embeddable":true,"href":"https:\/\/lereveil224.info\/index.php\/wp-json\/wp\/v2\/media\/7972"}],"wp:attachment":[{"href":"https:\/\/lereveil224.info\/index.php\/wp-json\/wp\/v2\/media?parent=7971"}],"wp:term":[{"taxonomy":"category","embeddable":true,"href":"https:\/\/lereveil224.info\/index.php\/wp-json\/wp\/v2\/categories?post=7971"},{"taxonomy":"post_tag","embeddable":true,"href":"https:\/\/lereveil224.info\/index.php\/wp-json\/wp\/v2\/tags?post=7971"}],"curies":[{"name":"wp","href":"https:\/\/api.w.org\/{rel}","templated":true}]}}