{"id":7967,"date":"2025-03-15T22:20:53","date_gmt":"2025-03-15T22:20:53","guid":{"rendered":"https:\/\/lereveil224.info\/?p=7967"},"modified":"2025-03-15T22:20:55","modified_gmt":"2025-03-15T22:20:55","slug":"model-obtient-son-certificat-daptitude-une-victoire-politique-dans-un-climat-dincertitude","status":"publish","type":"post","link":"https:\/\/lereveil224.info\/index.php\/2025\/03\/15\/model-obtient-son-certificat-daptitude-une-victoire-politique-dans-un-climat-dincertitude\/","title":{"rendered":"MoDeL Obtient son Certificat d\u2019Aptitude : Une Victoire Politique dans un Climat d\u2019Incertitude"},"content":{"rendered":"\n<p>Le Mouvement D\u00e9mocratique Lib\u00e9ral (MoDeL) vient d\u2019atteindre une \u00e9tape cruciale de son parcours politique. Apr\u00e8s plus de six mois d\u2019un processus d\u2019\u00e9valuation exigeant men\u00e9 par le Minist\u00e8re de l\u2019Administration du Territoire et de la D\u00e9centralisation (MATD), le parti a officiellement obtenu son certificat d\u2019aptitude, lui permettant d\u2019exercer pleinement ses activit\u00e9s politiques.<\/p>\n\n\n\n<p>Ce succ\u00e8s, bien que significatif, ne dissipe pas toutes les inqui\u00e9tudes qui p\u00e8sent sur le MoDeL. Son pr\u00e9sident demeure emprisonn\u00e9 depuis plusieurs mois, une situation qui jette une ombre sur cette avanc\u00e9e administrative.<\/p>\n\n\n\n<p>L\u2019obtention de ce certificat n\u2019a pas \u00e9t\u00e9 de tout repos. Entre exigences bureaucratiques rigoureuses et lenteurs administratives, le parcours a \u00e9t\u00e9 sem\u00e9 d\u2019emb\u00fbches. Me Mamadou Malal BAH, charg\u00e9 des affaires juridiques et contentieux du parti, t\u00e9moigne : \u00ab L\u2019\u00e9valuation a dur\u00e9 plus de six mois et nous a contraints \u00e0 fournir une quantit\u00e9 consid\u00e9rable de documents. \u00c0 certaines \u00e9tapes, des dysfonctionnements dans le traitement des dossiers par le minist\u00e8re ont ralenti la proc\u00e9dure. Mais gr\u00e2ce \u00e0 une \u00e9quipe d\u00e9termin\u00e9e et m\u00e9thodique, nous avons su r\u00e9agir rapidement en fournissant les compl\u00e9ments demand\u00e9s, ce qui a finalement abouti \u00e0 l\u2019obtention de notre certificat. \u00bb<\/p>\n\n\n\n<p>Si cette reconnaissance officielle marque une avanc\u00e9e majeure, elle ne met pas un terme aux d\u00e9fis du MoDeL. La question du maintien en d\u00e9tention de son leader demeure un sujet br\u00fblant, qui pourrait conditionner l\u2019avenir du parti et sa participation active \u00e0 la vie politique du pays.<\/p>\n\n\n\n<p><strong>Mamadouba CAMARA<\/strong><\/p>\n","protected":false},"excerpt":{"rendered":"<p>Le Mouvement D\u00e9mocratique Lib\u00e9ral (MoDeL) vient d\u2019atteindre une \u00e9tape cruciale de son parcours politique. Apr\u00e8s plus de six mois d\u2019un processus d\u2019\u00e9valuation exigeant men\u00e9 par le Minist\u00e8re de l\u2019Administration du Territoire et de la D\u00e9centralisation (MATD), le parti a officiellement obtenu son certificat d\u2019aptitude, lui permettant d\u2019exercer pleinement ses activit\u00e9s politiques. Ce succ\u00e8s, bien que [&hellip;]<\/p>\n","protected":false},"author":123458,"featured_media":7968,"comment_status":"open","ping_status":"open","sticky":false,"template":"","format":"standard","meta":{"_acf_changed":false,"footnotes":""},"categories":[11,2],"tags":[],"class_list":["post-7967","post","type-post","status-publish","format-standard","has-post-thumbnail","hentry","category-actualite","category-politique"],"acf":[],"_links":{"self":[{"href":"https:\/\/lereveil224.info\/index.php\/wp-json\/wp\/v2\/posts\/7967","targetHints":{"allow":["GET"]}}],"collection":[{"href":"https:\/\/lereveil224.info\/index.php\/wp-json\/wp\/v2\/posts"}],"about":[{"href":"https:\/\/lereveil224.info\/index.php\/wp-json\/wp\/v2\/types\/post"}],"author":[{"embeddable":true,"href":"https:\/\/lereveil224.info\/index.php\/wp-json\/wp\/v2\/users\/123458"}],"replies":[{"embeddable":true,"href":"https:\/\/lereveil224.info\/index.php\/wp-json\/wp\/v2\/comments?post=7967"}],"version-history":[{"count":1,"href":"https:\/\/lereveil224.info\/index.php\/wp-json\/wp\/v2\/posts\/7967\/revisions"}],"predecessor-version":[{"id":7969,"href":"https:\/\/lereveil224.info\/index.php\/wp-json\/wp\/v2\/posts\/7967\/revisions\/7969"}],"wp:featuredmedia":[{"embeddable":true,"href":"https:\/\/lereveil224.info\/index.php\/wp-json\/wp\/v2\/media\/7968"}],"wp:attachment":[{"href":"https:\/\/lereveil224.info\/index.php\/wp-json\/wp\/v2\/media?parent=7967"}],"wp:term":[{"taxonomy":"category","embeddable":true,"href":"https:\/\/lereveil224.info\/index.php\/wp-json\/wp\/v2\/categories?post=7967"},{"taxonomy":"post_tag","embeddable":true,"href":"https:\/\/lereveil224.info\/index.php\/wp-json\/wp\/v2\/tags?post=7967"}],"curies":[{"name":"wp","href":"https:\/\/api.w.org\/{rel}","templated":true}]}}