{"id":7945,"date":"2025-03-13T00:46:12","date_gmt":"2025-03-13T00:46:12","guid":{"rendered":"https:\/\/lereveil224.info\/?p=7945"},"modified":"2025-03-13T00:46:13","modified_gmt":"2025-03-13T00:46:13","slug":"mort-de-maradona-un-proces-sous-haute-tension-pour-negligence-medicale","status":"publish","type":"post","link":"https:\/\/lereveil224.info\/index.php\/2025\/03\/13\/mort-de-maradona-un-proces-sous-haute-tension-pour-negligence-medicale\/","title":{"rendered":"Mort de MARADONA : un proc\u00e8s sous haute tension pour n\u00e9gligence m\u00e9dicale"},"content":{"rendered":"\n<p>Pr\u00e8s de quatre ans apr\u00e8s la disparition de Diego MARADONA, la justice argentine tente de faire la lumi\u00e8re sur les circonstances de sa mort. Le proc\u00e8s de sept professionnels de sant\u00e9 accus\u00e9s de n\u00e9gligence criminelle s&rsquo;est ouvert, r\u00e9v\u00e9lant des manquements qui auraient co\u00fbt\u00e9 la vie \u00e0 la l\u00e9gende du football.<\/p>\n\n\n\n<p>D\u00e8s la premi\u00e8re audience, le procureur a soulign\u00e9 que l\u2019\u00e9quipe m\u00e9dicale avait \u00ab consciemment fait preuve d\u2019une n\u00e9gligence fatale \u00bb, laissant Maradona seul et sans surveillance ad\u00e9quate apr\u00e8s son op\u00e9ration neurologique. L\u2019accusation pointe une s\u00e9rie d\u2019erreurs et d\u2019omissions qui auraient conduit \u00e0 son d\u00e9c\u00e8s, une situation qualifi\u00e9e d\u2019\u00ab abandon m\u00e9dical \u00bb.<\/p>\n\n\n\n<p>Les proches du Pibe de Oro esp\u00e8rent que la justice \u00e9tablira clairement les responsabilit\u00e9s et rendra hommage \u00e0 la m\u00e9moire d\u2019un joueur qui a marqu\u00e9 l\u2019histoire du football. Le verdict de ce proc\u00e8s tr\u00e8s m\u00e9diatis\u00e9 sera d\u00e9terminant pour les suites judiciaires et pour la confiance du public envers le syst\u00e8me de sant\u00e9 argentin.<\/p>\n\n\n\n<p><strong>Mamadouba CAMARA<\/strong><\/p>\n","protected":false},"excerpt":{"rendered":"<p>Pr\u00e8s de quatre ans apr\u00e8s la disparition de Diego MARADONA, la justice argentine tente de faire la lumi\u00e8re sur les circonstances de sa mort. Le proc\u00e8s de sept professionnels de sant\u00e9 accus\u00e9s de n\u00e9gligence criminelle s&rsquo;est ouvert, r\u00e9v\u00e9lant des manquements qui auraient co\u00fbt\u00e9 la vie \u00e0 la l\u00e9gende du football. D\u00e8s la premi\u00e8re audience, le [&hellip;]<\/p>\n","protected":false},"author":123458,"featured_media":7946,"comment_status":"open","ping_status":"open","sticky":false,"template":"","format":"standard","meta":{"_acf_changed":false,"footnotes":""},"categories":[11,30,9],"tags":[],"class_list":["post-7945","post","type-post","status-publish","format-standard","has-post-thumbnail","hentry","category-actualite","category-international","category-sport"],"acf":[],"_links":{"self":[{"href":"https:\/\/lereveil224.info\/index.php\/wp-json\/wp\/v2\/posts\/7945","targetHints":{"allow":["GET"]}}],"collection":[{"href":"https:\/\/lereveil224.info\/index.php\/wp-json\/wp\/v2\/posts"}],"about":[{"href":"https:\/\/lereveil224.info\/index.php\/wp-json\/wp\/v2\/types\/post"}],"author":[{"embeddable":true,"href":"https:\/\/lereveil224.info\/index.php\/wp-json\/wp\/v2\/users\/123458"}],"replies":[{"embeddable":true,"href":"https:\/\/lereveil224.info\/index.php\/wp-json\/wp\/v2\/comments?post=7945"}],"version-history":[{"count":1,"href":"https:\/\/lereveil224.info\/index.php\/wp-json\/wp\/v2\/posts\/7945\/revisions"}],"predecessor-version":[{"id":7947,"href":"https:\/\/lereveil224.info\/index.php\/wp-json\/wp\/v2\/posts\/7945\/revisions\/7947"}],"wp:featuredmedia":[{"embeddable":true,"href":"https:\/\/lereveil224.info\/index.php\/wp-json\/wp\/v2\/media\/7946"}],"wp:attachment":[{"href":"https:\/\/lereveil224.info\/index.php\/wp-json\/wp\/v2\/media?parent=7945"}],"wp:term":[{"taxonomy":"category","embeddable":true,"href":"https:\/\/lereveil224.info\/index.php\/wp-json\/wp\/v2\/categories?post=7945"},{"taxonomy":"post_tag","embeddable":true,"href":"https:\/\/lereveil224.info\/index.php\/wp-json\/wp\/v2\/tags?post=7945"}],"curies":[{"name":"wp","href":"https:\/\/api.w.org\/{rel}","templated":true}]}}