{"id":7931,"date":"2025-03-11T22:14:10","date_gmt":"2025-03-11T22:14:10","guid":{"rendered":"https:\/\/lereveil224.info\/?p=7931"},"modified":"2025-03-11T22:15:27","modified_gmt":"2025-03-11T22:15:27","slug":"nzerekore-le-gouverneur-lamine-keita-exprime-sa-gratitude-avant-son-depart","status":"publish","type":"post","link":"https:\/\/lereveil224.info\/index.php\/2025\/03\/11\/nzerekore-le-gouverneur-lamine-keita-exprime-sa-gratitude-avant-son-depart\/","title":{"rendered":"Nz\u00e9r\u00e9kor\u00e9 : Le Gouverneur Lamine KE\u00cfTA Exprime Sa Gratitude Avant Son D\u00e9part"},"content":{"rendered":"\n<p>Apr\u00e8s plus de deux ans et demi \u00e0 la t\u00eate de la r\u00e9gion administrative de Nz\u00e9r\u00e9kor\u00e9, le gouverneur en poste Lamine KE\u00cfTA a tenu \u00e0 adresser un message de reconnaissance \u00e0 l\u2019ensemble des responsables r\u00e9gionaux, pr\u00e9fectoraux et communaux.<\/p>\n\n\n\n<p>Nomm\u00e9 \u00e0 ce poste le 1er septembre 2022, il quittera officiellement ses fonctions le 10 mars 2025. Dans une note empreinte d\u2019\u00e9motion et de gratitude, il a salu\u00e9 la collaboration pr\u00e9cieuse de ses \u00e9quipes tout au long de son mandat. Il a \u00e9galement exprim\u00e9 ses remerciements au Pr\u00e9sident de la R\u00e9publique, le G\u00e9n\u00e9ral Mamadi DOUMBOUYA, pour la confiance plac\u00e9e en lui en le nommant gouverneur de Mamou.<\/p>\n\n\n\n<p>Sous son leadership, la r\u00e9gion de Nz\u00e9r\u00e9kor\u00e9 a connu plusieurs avanc\u00e9es dans divers domaines, gr\u00e2ce \u00e0 l\u2019engagement collectif des autorit\u00e9s locales. Il a soulign\u00e9 l\u2019importance du d\u00e9vouement et de la coh\u00e9sion qui ont permis d\u2019accomplir des missions essentielles au d\u00e9veloppement de la r\u00e9gion.<\/p>\n\n\n\n<p>Alors qu\u2019il tourne une page de son parcours \u00e0 Nz\u00e9r\u00e9kor\u00e9, ce d\u00e9part marque un nouveau chapitre, tant pour lui que pour la r\u00e9gion. Son message laisse transpara\u00eetre une volont\u00e9 de continuit\u00e9 et de progression, dans l\u2019espoir que l\u2019\u00e9lan amorc\u00e9 se poursuivra avec son successeur. Plus qu\u2019un simple changement de gouvernance, c\u2019est une transition qui s\u2019inscrit dans la dynamique du service \u00e0 la nation.<\/p>\n\n\n\n<p><strong>Mamadouba CAMARA<\/strong><\/p>\n","protected":false},"excerpt":{"rendered":"<p>Apr\u00e8s plus de deux ans et demi \u00e0 la t\u00eate de la r\u00e9gion administrative de Nz\u00e9r\u00e9kor\u00e9, le gouverneur en poste Lamine KE\u00cfTA a tenu \u00e0 adresser un message de reconnaissance \u00e0 l\u2019ensemble des responsables r\u00e9gionaux, pr\u00e9fectoraux et communaux. Nomm\u00e9 \u00e0 ce poste le 1er septembre 2022, il quittera officiellement ses fonctions le 10 mars 2025. [&hellip;]<\/p>\n","protected":false},"author":123458,"featured_media":7932,"comment_status":"open","ping_status":"open","sticky":false,"template":"","format":"standard","meta":{"_acf_changed":false,"footnotes":""},"categories":[11,18],"tags":[],"class_list":["post-7931","post","type-post","status-publish","format-standard","has-post-thumbnail","hentry","category-actualite","category-region"],"acf":[],"_links":{"self":[{"href":"https:\/\/lereveil224.info\/index.php\/wp-json\/wp\/v2\/posts\/7931","targetHints":{"allow":["GET"]}}],"collection":[{"href":"https:\/\/lereveil224.info\/index.php\/wp-json\/wp\/v2\/posts"}],"about":[{"href":"https:\/\/lereveil224.info\/index.php\/wp-json\/wp\/v2\/types\/post"}],"author":[{"embeddable":true,"href":"https:\/\/lereveil224.info\/index.php\/wp-json\/wp\/v2\/users\/123458"}],"replies":[{"embeddable":true,"href":"https:\/\/lereveil224.info\/index.php\/wp-json\/wp\/v2\/comments?post=7931"}],"version-history":[{"count":1,"href":"https:\/\/lereveil224.info\/index.php\/wp-json\/wp\/v2\/posts\/7931\/revisions"}],"predecessor-version":[{"id":7933,"href":"https:\/\/lereveil224.info\/index.php\/wp-json\/wp\/v2\/posts\/7931\/revisions\/7933"}],"wp:featuredmedia":[{"embeddable":true,"href":"https:\/\/lereveil224.info\/index.php\/wp-json\/wp\/v2\/media\/7932"}],"wp:attachment":[{"href":"https:\/\/lereveil224.info\/index.php\/wp-json\/wp\/v2\/media?parent=7931"}],"wp:term":[{"taxonomy":"category","embeddable":true,"href":"https:\/\/lereveil224.info\/index.php\/wp-json\/wp\/v2\/categories?post=7931"},{"taxonomy":"post_tag","embeddable":true,"href":"https:\/\/lereveil224.info\/index.php\/wp-json\/wp\/v2\/tags?post=7931"}],"curies":[{"name":"wp","href":"https:\/\/api.w.org\/{rel}","templated":true}]}}