{"id":7926,"date":"2025-03-11T15:37:36","date_gmt":"2025-03-11T15:37:36","guid":{"rendered":"https:\/\/lereveil224.info\/?p=7926"},"modified":"2025-03-11T15:37:37","modified_gmt":"2025-03-11T15:37:37","slug":"page-noire-lero-en-deuil-apres-la-disparition-du-premier-imam","status":"publish","type":"post","link":"https:\/\/lereveil224.info\/index.php\/2025\/03\/11\/page-noire-lero-en-deuil-apres-la-disparition-du-premier-imam\/","title":{"rendered":"Page Noire : L\u00e9ro en deuil apr\u00e8s la disparition du premier imam"},"content":{"rendered":"\n<p>L\u00e9ro est plong\u00e9 dans la tristesse apr\u00e8s le d\u00e9c\u00e8s de son premier imam, Elhadj Kabinet, survenu ce mardi 11 mars 2025 aux environs de 4h du matin dans sa r\u00e9sidence.<\/p>\n\n\n\n<p>Sa disparition soudaine a surpris de nombreux fid\u00e8les, car la veille encore, il se tenait \u00e0 la mosqu\u00e9e pour la pri\u00e8re de 20h. Selon des t\u00e9moins, il avait dirig\u00e9 cette pri\u00e8re et formul\u00e9 des invocations pour tous ceux qui ont contribu\u00e9 au renouvellement de l&rsquo;int\u00e9rieur de la cour de la mosqu\u00e9e.<\/p>\n\n\n\n<p>L\u2019annonce de son d\u00e9c\u00e8s a donc provoqu\u00e9 une vive \u00e9motion au sein de la communaut\u00e9. \u00ab\u00a0Il \u00e9tait encore avec nous hier soir \u00e0 la mosqu\u00e9e, et aujourd\u2019hui, il n\u2019est plus. Seul Dieu est Grand\u00a0\u00bb, confie un fid\u00e8le, encore sous le choc.<\/p>\n\n\n\n<p>Avec la disparition de cette figure religieuse respect\u00e9e, L\u00e9ro perd un guide spirituel dont l\u2019engagement et la sagesse auront marqu\u00e9 plusieurs g\u00e9n\u00e9rations. Que son \u00e2me repose en paix.<\/p>\n\n\n\n<p><strong>Mamadouba CAMARA<\/strong><\/p>\n","protected":false},"excerpt":{"rendered":"<p>L\u00e9ro est plong\u00e9 dans la tristesse apr\u00e8s le d\u00e9c\u00e8s de son premier imam, Elhadj Kabinet, survenu ce mardi 11 mars 2025 aux environs de 4h du matin dans sa r\u00e9sidence. Sa disparition soudaine a surpris de nombreux fid\u00e8les, car la veille encore, il se tenait \u00e0 la mosqu\u00e9e pour la pri\u00e8re de 20h. Selon des [&hellip;]<\/p>\n","protected":false},"author":123458,"featured_media":7442,"comment_status":"open","ping_status":"open","sticky":false,"template":"","format":"standard","meta":{"_acf_changed":false,"footnotes":""},"categories":[11,27],"tags":[],"class_list":["post-7926","post","type-post","status-publish","format-standard","has-post-thumbnail","hentry","category-actualite","category-religieux"],"acf":[],"_links":{"self":[{"href":"https:\/\/lereveil224.info\/index.php\/wp-json\/wp\/v2\/posts\/7926","targetHints":{"allow":["GET"]}}],"collection":[{"href":"https:\/\/lereveil224.info\/index.php\/wp-json\/wp\/v2\/posts"}],"about":[{"href":"https:\/\/lereveil224.info\/index.php\/wp-json\/wp\/v2\/types\/post"}],"author":[{"embeddable":true,"href":"https:\/\/lereveil224.info\/index.php\/wp-json\/wp\/v2\/users\/123458"}],"replies":[{"embeddable":true,"href":"https:\/\/lereveil224.info\/index.php\/wp-json\/wp\/v2\/comments?post=7926"}],"version-history":[{"count":1,"href":"https:\/\/lereveil224.info\/index.php\/wp-json\/wp\/v2\/posts\/7926\/revisions"}],"predecessor-version":[{"id":7927,"href":"https:\/\/lereveil224.info\/index.php\/wp-json\/wp\/v2\/posts\/7926\/revisions\/7927"}],"wp:featuredmedia":[{"embeddable":true,"href":"https:\/\/lereveil224.info\/index.php\/wp-json\/wp\/v2\/media\/7442"}],"wp:attachment":[{"href":"https:\/\/lereveil224.info\/index.php\/wp-json\/wp\/v2\/media?parent=7926"}],"wp:term":[{"taxonomy":"category","embeddable":true,"href":"https:\/\/lereveil224.info\/index.php\/wp-json\/wp\/v2\/categories?post=7926"},{"taxonomy":"post_tag","embeddable":true,"href":"https:\/\/lereveil224.info\/index.php\/wp-json\/wp\/v2\/tags?post=7926"}],"curies":[{"name":"wp","href":"https:\/\/api.w.org\/{rel}","templated":true}]}}