{"id":7915,"date":"2025-03-11T01:27:35","date_gmt":"2025-03-11T01:27:35","guid":{"rendered":"https:\/\/lereveil224.info\/?p=7915"},"modified":"2025-03-11T01:27:37","modified_gmt":"2025-03-11T01:27:37","slug":"nzerekore-une-nouvelle-ere-pour-les-victimes-du-stade-3-avril","status":"publish","type":"post","link":"https:\/\/lereveil224.info\/index.php\/2025\/03\/11\/nzerekore-une-nouvelle-ere-pour-les-victimes-du-stade-3-avril\/","title":{"rendered":"NZ\u00e9r\u00e9kor\u00e9 : Une nouvelle \u00e8re pour les victimes du stade 3 avril"},"content":{"rendered":"\n<p>Les victimes et les parents des victimes peuvent d\u00e9sormais esp\u00e9rer obtenir justice concernant la bousculade qui s&rsquo;est produite le 1\u1d49\u02b3 d\u00e9cembre 2024 au stade du 3 avril.<\/p>\n\n\n\n<p>En effet, le collectif des avocats des victimes du 1\u1d49\u02b3 d\u00e9cembre a d\u00e9cid\u00e9, ce 10 mars 2025, \u00e0 travers quelques-uns de ses membres, de d\u00e9poser plainte contre des personnes bien identifi\u00e9es, susceptibles d&rsquo;\u00eatre coupables de l&rsquo;incident qui s&rsquo;est produit au stade du 3 avril, ayant caus\u00e9 plusieurs morts et des bless\u00e9s graves.<\/p>\n\n\n\n<figure class=\"wp-block-image size-full\"><img fetchpriority=\"high\" decoding=\"async\" width=\"1020\" height=\"765\" src=\"https:\/\/lereveil224.info\/wp-content\/uploads\/2025\/03\/IMG-20250311-WA0001.jpg\" alt=\"\" class=\"wp-image-7916\" srcset=\"https:\/\/lereveil224.info\/wp-content\/uploads\/2025\/03\/IMG-20250311-WA0001.jpg 1020w, https:\/\/lereveil224.info\/wp-content\/uploads\/2025\/03\/IMG-20250311-WA0001-300x225.jpg 300w, https:\/\/lereveil224.info\/wp-content\/uploads\/2025\/03\/IMG-20250311-WA0001-768x576.jpg 768w, https:\/\/lereveil224.info\/wp-content\/uploads\/2025\/03\/IMG-20250311-WA0001-86x64.jpg 86w\" sizes=\"(max-width: 1020px) 100vw, 1020px\" \/><\/figure>\n\n\n\n<p>Prenant la parole devant le tribunal de premi\u00e8re instance de N&rsquo;Z\u00e9r\u00e9kor\u00e9 et un parterre de journalistes, ma\u00eetre Paul Lajar BILIMOU, avocat au barreau de Guin\u00e9e et membre du collectif des avocats des victimes du 1\u1d49\u02b3 d\u00e9cembre, a d\u00e9clar\u00e9 : \u00ab Nous sommes l\u00e0 aujourd&rsquo;hui, 10 mars 2025, au tribunal de premi\u00e8re instance de N&rsquo;Z\u00e9r\u00e9kor\u00e9 pour d\u00e9poser, de fa\u00e7on r\u00e9guli\u00e8re, une plainte au nom des victimes et des parents des victimes de l&rsquo;un des drames du stade du 3 avril. Nous avons d\u00e9pos\u00e9 une plainte en bonne et due forme contre des personnes bien nomm\u00e9es, bien identifi\u00e9es et identifiables, afin que le parquet, qui est l\u2019organe de poursuite, engage des actions judiciaires contre elles et que justice soit rendue conform\u00e9ment \u00e0 la loi. \u00bb<\/p>\n\n\n\n<p>Parlant du parquet, ma\u00eetre BILIMOU estime que celui-ci est rest\u00e9 inactif : \u00ab Ce qui nous a pouss\u00e9s \u00e0 porter plainte, c&rsquo;est que nous estimons que le parquet reste inactif. Aucune des victimes pr\u00e9sentes \u00e0 N&rsquo;Z\u00e9r\u00e9kor\u00e9 n&rsquo;a jamais re\u00e7u une seule convocation, que ce soit du parquet ou d&rsquo;un organe d&rsquo;enqu\u00eate, pour \u00eatre auditionn\u00e9e sur ce qui s&rsquo;est pass\u00e9. Aucun t\u00e9moin n&rsquo;a jamais \u00e9t\u00e9 convoqu\u00e9 ou invit\u00e9 \u00e0 d\u00e9poser son t\u00e9moignage. Nous estimons que, puisque le parquet ne veut pas agir, nous allons le contraindre \u00e0 le faire. S&rsquo;il ne le fait pas, l&rsquo;histoire retiendra au moins que des avocats ont d\u00e9pos\u00e9 plainte de fa\u00e7on r\u00e9guli\u00e8re. \u00bb<\/p>\n\n\n\n<p>Interrog\u00e9 sur la suite de l&rsquo;enqu\u00eate engag\u00e9e par les autorit\u00e9s, il r\u00e9pond : \u00ab Nous avons tous appris que l&rsquo;\u00c9tat a ouvert une enqu\u00eate. Le Garde des Sceaux a pris la parole, donn\u00e9 des instructions au procureur g\u00e9n\u00e9ral qui, d&rsquo;apr\u00e8s nos informations, aurait \u00e0 son tour donn\u00e9 des directives au parquet d&rsquo;instance, lequel nous informe qu&rsquo;une enqu\u00eate est ouverte. Mais nous ignorons qui la dirige. Nous ne savons pas devant quel juge d\u2019instruction elle est pendante. Jusqu&rsquo;\u00e0 pr\u00e9sent, nous avons frapp\u00e9 \u00e0 plusieurs portes pour savoir si un cabinet a \u00e9t\u00e9 saisi, sans r\u00e9ponse. C&rsquo;est pourquoi nous avons pris nos responsabilit\u00e9s en d\u00e9posant plainte contre ceux que nous supposons, de pr\u00e8s ou de loin, impliqu\u00e9s dans ce drame. \u00bb<\/p>\n\n\n\n<p>Ma\u00eetre Paul Lajar BILIMOU esp\u00e8re une suite \u00e0 leur requ\u00eate : \u00ab Nous reviendrons, aujourd&rsquo;hui ou demain, pour voir quelle suite le parquet r\u00e9serve \u00e0 notre plainte. Deux possibilit\u00e9s s&rsquo;offrent \u00e0 lui : engager des poursuites ou classer notre proc\u00e9dure sans suite. Si la plainte est class\u00e9e sans suite, nous en tirerons les cons\u00e9quences. Pour l&rsquo;heure, nous attendons la r\u00e9action du parquet. \u00bb<\/p>\n\n\n\n<figure class=\"wp-block-image size-full\"><img decoding=\"async\" width=\"1020\" height=\"765\" src=\"https:\/\/lereveil224.info\/wp-content\/uploads\/2025\/03\/IMG-20250311-WA0002.jpg\" alt=\"\" class=\"wp-image-7917\" srcset=\"https:\/\/lereveil224.info\/wp-content\/uploads\/2025\/03\/IMG-20250311-WA0002.jpg 1020w, https:\/\/lereveil224.info\/wp-content\/uploads\/2025\/03\/IMG-20250311-WA0002-300x225.jpg 300w, https:\/\/lereveil224.info\/wp-content\/uploads\/2025\/03\/IMG-20250311-WA0002-768x576.jpg 768w, https:\/\/lereveil224.info\/wp-content\/uploads\/2025\/03\/IMG-20250311-WA0002-86x64.jpg 86w\" sizes=\"(max-width: 1020px) 100vw, 1020px\" \/><\/figure>\n\n\n\n<figure class=\"wp-block-image size-full\"><img decoding=\"async\" width=\"1020\" height=\"765\" src=\"https:\/\/lereveil224.info\/wp-content\/uploads\/2025\/03\/IMG-20250311-WA0002.jpg\" alt=\"\" class=\"wp-image-7917\" srcset=\"https:\/\/lereveil224.info\/wp-content\/uploads\/2025\/03\/IMG-20250311-WA0002.jpg 1020w, https:\/\/lereveil224.info\/wp-content\/uploads\/2025\/03\/IMG-20250311-WA0002-300x225.jpg 300w, https:\/\/lereveil224.info\/wp-content\/uploads\/2025\/03\/IMG-20250311-WA0002-768x576.jpg 768w, https:\/\/lereveil224.info\/wp-content\/uploads\/2025\/03\/IMG-20250311-WA0002-86x64.jpg 86w\" sizes=\"(max-width: 1020px) 100vw, 1020px\" \/><\/figure>\n\n\n\n<p>Quant \u00e0 ma\u00eetre Th\u00e9odore Michel LOUA, avocat du m\u00eame collectif, il insiste sur l&rsquo;importance de la justice pour tous : \u00ab Nous avons port\u00e9 cette plainte non seulement pour que justice soit rendue aux victimes, mais aussi parce que la justice doit s&rsquo;appliquer \u00e0 tous, sans distinction. Une victime priv\u00e9e d&rsquo;un proche essentiel \u2013 enfant, \u00e9pouse, fr\u00e8re \u2013 doit pouvoir compter sur la justice. Or, la justice est la colonne vert\u00e9brale d&rsquo;une nation. Si le chef de l&rsquo;\u00c9tat a d\u00e9clar\u00e9 que la justice doit \u00eatre la boussole qui guide chaque citoyen, il doit en faire son cheval de bataille pour que cette proc\u00e9dure aboutisse. Les Guin\u00e9ens doivent pouvoir compter sur lui et savoir que la justice s&rsquo;applique \u00e0 tous. Il est essentiel de lui donner l&rsquo;effectivit\u00e9 n\u00e9cessaire pour garantir la paix et le d\u00e9veloppement. \u00bb<\/p>\n\n\n\n<p>Selon ma\u00eetre Th\u00e9odore, la plupart des victimes sont d\u00e9moralis\u00e9es : \u00ab La majorit\u00e9 des victimes sont d\u00e9moralis\u00e9es. C&rsquo;est ce qui les a motiv\u00e9es \u00e0 porter plainte. Aucun acte, ne serait-ce que symbolique, n\u2019a \u00e9t\u00e9 pos\u00e9 pour leur apporter un apaisement. Je ne parle pas des sacs de riz apport\u00e9s par le pr\u00e9sident du CNT, mais au-del\u00e0 de cela, un geste symbolique lors d&rsquo;une immersion gouvernementale aurait d\u00fb \u00eatre fait pour montrer que leurs pr\u00e9occupations sont prises en compte et que leur douleur est partag\u00e9e. Malheureusement, tout est pass\u00e9 inaper\u00e7u, comme si rien de grave ne s&rsquo;\u00e9tait produit \u00e0 N&rsquo;Z\u00e9r\u00e9kor\u00e9. C&rsquo;est d&rsquo;ailleurs l&rsquo;une des raisons fondamentales qui ont pouss\u00e9 ces victimes \u00e0 porter plainte. \u00bb<\/p>\n\n\n\n<p>Il convient de rappeler que ce drame reste le plus meurtrier de l\u2019histoire du football dans la r\u00e9gion foresti\u00e8re, ayant endeuill\u00e9 de nombreuses familles.<\/p>\n\n\n\n<p><strong>Thierno Amadou DIALLO <\/strong><\/p>\n","protected":false},"excerpt":{"rendered":"<p>Les victimes et les parents des victimes peuvent d\u00e9sormais esp\u00e9rer obtenir justice concernant la bousculade qui s&rsquo;est produite le 1\u1d49\u02b3 d\u00e9cembre 2024 au stade du 3 avril. En effet, le collectif des avocats des victimes du 1\u1d49\u02b3 d\u00e9cembre a d\u00e9cid\u00e9, ce 10 mars 2025, \u00e0 travers quelques-uns de ses membres, de d\u00e9poser plainte contre des [&hellip;]<\/p>\n","protected":false},"author":123458,"featured_media":7918,"comment_status":"open","ping_status":"open","sticky":false,"template":"","format":"standard","meta":{"_acf_changed":false,"footnotes":""},"categories":[11,18],"tags":[],"class_list":["post-7915","post","type-post","status-publish","format-standard","has-post-thumbnail","hentry","category-actualite","category-region"],"acf":[],"_links":{"self":[{"href":"https:\/\/lereveil224.info\/index.php\/wp-json\/wp\/v2\/posts\/7915","targetHints":{"allow":["GET"]}}],"collection":[{"href":"https:\/\/lereveil224.info\/index.php\/wp-json\/wp\/v2\/posts"}],"about":[{"href":"https:\/\/lereveil224.info\/index.php\/wp-json\/wp\/v2\/types\/post"}],"author":[{"embeddable":true,"href":"https:\/\/lereveil224.info\/index.php\/wp-json\/wp\/v2\/users\/123458"}],"replies":[{"embeddable":true,"href":"https:\/\/lereveil224.info\/index.php\/wp-json\/wp\/v2\/comments?post=7915"}],"version-history":[{"count":1,"href":"https:\/\/lereveil224.info\/index.php\/wp-json\/wp\/v2\/posts\/7915\/revisions"}],"predecessor-version":[{"id":7919,"href":"https:\/\/lereveil224.info\/index.php\/wp-json\/wp\/v2\/posts\/7915\/revisions\/7919"}],"wp:featuredmedia":[{"embeddable":true,"href":"https:\/\/lereveil224.info\/index.php\/wp-json\/wp\/v2\/media\/7918"}],"wp:attachment":[{"href":"https:\/\/lereveil224.info\/index.php\/wp-json\/wp\/v2\/media?parent=7915"}],"wp:term":[{"taxonomy":"category","embeddable":true,"href":"https:\/\/lereveil224.info\/index.php\/wp-json\/wp\/v2\/categories?post=7915"},{"taxonomy":"post_tag","embeddable":true,"href":"https:\/\/lereveil224.info\/index.php\/wp-json\/wp\/v2\/tags?post=7915"}],"curies":[{"name":"wp","href":"https:\/\/api.w.org\/{rel}","templated":true}]}}