{"id":7895,"date":"2025-03-08T14:35:23","date_gmt":"2025-03-08T14:35:23","guid":{"rendered":"https:\/\/lereveil224.info\/?p=7895"},"modified":"2025-03-08T14:35:24","modified_gmt":"2025-03-08T14:35:24","slug":"cancer-du-col-de-luterus-un-cri-dalerte-lance-a-conakry","status":"publish","type":"post","link":"https:\/\/lereveil224.info\/index.php\/2025\/03\/08\/cancer-du-col-de-luterus-un-cri-dalerte-lance-a-conakry\/","title":{"rendered":"Cancer du col de l\u2019ut\u00e9rus : Un cri d\u2019alerte lanc\u00e9 \u00e0 Conakry"},"content":{"rendered":"\n<p>Dans le cadre du <strong>Mois de la Femme<\/strong>, l\u2019ONG <strong>Global Alliance for Health and Education<\/strong> a organis\u00e9 une conf\u00e9rence de presse \u00e0 <strong>Conakry<\/strong> pour sensibiliser sur le <strong>cancer du col de l\u2019ut\u00e9rus<\/strong>, une maladie qui fait chaque ann\u00e9e des ravages en Guin\u00e9e. L\u2019\u00e9v\u00e9nement, qui s\u2019est tenu \u00e0 l\u2019\u00c9cole du 2 octobre, a rassembl\u00e9 des \u00e9l\u00e8ves du secondaire et des repr\u00e9sentants de l\u2019administration guin\u00e9enne.<\/p>\n\n\n\n<p><strong>Dr Saran KABA<\/strong>, sp\u00e9cialiste en sant\u00e9 publique et pr\u00e9sidente ex\u00e9cutive de l\u2019ONG, a tir\u00e9 la sonnette d\u2019alarme sur la situation pr\u00e9occupante de cette maladie. \u00ab\u00a0Le cancer du col de l\u2019ut\u00e9rus est l\u2019un des plus fr\u00e9quents, mais il reste sous-estim\u00e9 en raison d\u2019un manque d\u2019information\u00a0\u00bb, a-t-elle d\u00e9clar\u00e9. Elle a insist\u00e9 sur l\u2019urgence de <strong>renforcer la sensibilisation<\/strong> et de promouvoir des <strong>solutions accessibles<\/strong> pour r\u00e9duire le nombre de victimes.<\/p>\n\n\n\n<p>L\u2019<strong>Organisation mondiale de la sant\u00e9 (OMS)<\/strong> rappelle que plusieurs moyens existent pour lutter efficacement contre cette maladie : <strong>la vaccination contre le papillomavirus humain (HPV)<\/strong>, <strong>le d\u00e9pistage pr\u00e9coce<\/strong> et <strong>une prise en charge rapide<\/strong>. Pourtant, en Guin\u00e9e, le cancer du col de l\u2019ut\u00e9rus tue <strong>plus de 1000 femmes chaque ann\u00e9e<\/strong>, faute d\u2019acc\u00e8s \u00e0 ces soins essentiels.<\/p>\n\n\n\n<p>Face \u00e0 ce constat alarmant, l\u2019ONG <strong>Global Alliance for Health and Education<\/strong> appelle \u00e0 une <strong>mobilisation collective<\/strong> pour am\u00e9liorer la pr\u00e9vention et l\u2019accompagnement des patientes. L\u2019objectif est clair : r\u00e9duire la mortalit\u00e9 li\u00e9e \u00e0 cette maladie et garantir \u00e0 chaque femme un acc\u00e8s \u00e0 des soins adapt\u00e9s.<\/p>\n\n\n\n<p><strong>Mamadouba CAMARA<\/strong><\/p>\n","protected":false},"excerpt":{"rendered":"<p>Dans le cadre du Mois de la Femme, l\u2019ONG Global Alliance for Health and Education a organis\u00e9 une conf\u00e9rence de presse \u00e0 Conakry pour sensibiliser sur le cancer du col de l\u2019ut\u00e9rus, une maladie qui fait chaque ann\u00e9e des ravages en Guin\u00e9e. L\u2019\u00e9v\u00e9nement, qui s\u2019est tenu \u00e0 l\u2019\u00c9cole du 2 octobre, a rassembl\u00e9 des \u00e9l\u00e8ves [&hellip;]<\/p>\n","protected":false},"author":123458,"featured_media":7896,"comment_status":"open","ping_status":"open","sticky":false,"template":"","format":"standard","meta":{"_acf_changed":false,"footnotes":""},"categories":[11,41],"tags":[],"class_list":["post-7895","post","type-post","status-publish","format-standard","has-post-thumbnail","hentry","category-actualite","category-sante"],"acf":[],"_links":{"self":[{"href":"https:\/\/lereveil224.info\/index.php\/wp-json\/wp\/v2\/posts\/7895","targetHints":{"allow":["GET"]}}],"collection":[{"href":"https:\/\/lereveil224.info\/index.php\/wp-json\/wp\/v2\/posts"}],"about":[{"href":"https:\/\/lereveil224.info\/index.php\/wp-json\/wp\/v2\/types\/post"}],"author":[{"embeddable":true,"href":"https:\/\/lereveil224.info\/index.php\/wp-json\/wp\/v2\/users\/123458"}],"replies":[{"embeddable":true,"href":"https:\/\/lereveil224.info\/index.php\/wp-json\/wp\/v2\/comments?post=7895"}],"version-history":[{"count":1,"href":"https:\/\/lereveil224.info\/index.php\/wp-json\/wp\/v2\/posts\/7895\/revisions"}],"predecessor-version":[{"id":7897,"href":"https:\/\/lereveil224.info\/index.php\/wp-json\/wp\/v2\/posts\/7895\/revisions\/7897"}],"wp:featuredmedia":[{"embeddable":true,"href":"https:\/\/lereveil224.info\/index.php\/wp-json\/wp\/v2\/media\/7896"}],"wp:attachment":[{"href":"https:\/\/lereveil224.info\/index.php\/wp-json\/wp\/v2\/media?parent=7895"}],"wp:term":[{"taxonomy":"category","embeddable":true,"href":"https:\/\/lereveil224.info\/index.php\/wp-json\/wp\/v2\/categories?post=7895"},{"taxonomy":"post_tag","embeddable":true,"href":"https:\/\/lereveil224.info\/index.php\/wp-json\/wp\/v2\/tags?post=7895"}],"curies":[{"name":"wp","href":"https:\/\/api.w.org\/{rel}","templated":true}]}}