{"id":7888,"date":"2025-03-07T21:14:16","date_gmt":"2025-03-07T21:14:16","guid":{"rendered":"https:\/\/lereveil224.info\/?p=7888"},"modified":"2025-03-07T21:14:17","modified_gmt":"2025-03-07T21:14:17","slug":"omvg-une-nouvelle-ere-pour-lintegration-sous-regionale","status":"publish","type":"post","link":"https:\/\/lereveil224.info\/index.php\/2025\/03\/07\/omvg-une-nouvelle-ere-pour-lintegration-sous-regionale\/","title":{"rendered":"OMVG : Une Nouvelle \u00c8re pour l\u2019Int\u00e9gration Sous-R\u00e9gionale"},"content":{"rendered":"\n<p>Ce vendredi 7 mars 2025, la capitale s\u00e9n\u00e9galaise, Dakar, a \u00e9t\u00e9 le th\u00e9\u00e2tre d\u2019un \u00e9v\u00e9nement cl\u00e9 pour la coop\u00e9ration sous-r\u00e9gionale. La c\u00e9r\u00e9monie de passation de charges entre le Haut-Commissaire sortant de l\u2019Organisation pour la Mise en Valeur du Fleuve Gambie (OMVG), M. Lansana FOFANA, et son successeur, M. Demba JALLOW, a marqu\u00e9 une \u00e9tape d\u00e9cisive dans la gouvernance de cette institution strat\u00e9gique.<\/p>\n\n\n\n<p>Pr\u00e9sid\u00e9e par M. Aboubacar CAMARA, Ministre de l\u2019\u00c9nergie, de l\u2019Hydraulique et des Hydrocarbures de la R\u00e9publique de Guin\u00e9e et actuel Pr\u00e9sident du Conseil des Ministres de l\u2019OMVG, cette transition intervient dans un contexte de renforcement institutionnel. La c\u00e9r\u00e9monie s&rsquo;est d\u00e9roul\u00e9e en marge de la 13\u1d49 Session Extraordinaire du Conseil des Ministres, consacr\u00e9e \u00e0 l\u2019examen du rapport d\u2019audit du projet hydro\u00e9lectrique de Sambangalou.<\/p>\n\n\n\n<p>D&rsquo;abord initi\u00e9e au si\u00e8ge de l\u2019OMVG, la passation s\u2019est poursuivie \u00e0 l\u2019H\u00f4tel King Fahd Palace, en pr\u00e9sence des membres du personnel de l\u2019Organisation, des repr\u00e9sentants gouvernementaux ainsi que des partenaires techniques et financiers.<\/p>\n\n\n\n<p>Dans une ambiance empreinte d\u2019\u00e9motion et de reconnaissance, la repr\u00e9sentante du personnel a salu\u00e9 les r\u00e9alisations du Haut-Commissaire sortant, mettant en avant ses huit ann\u00e9es de service marqu\u00e9es par des avanc\u00e9es majeures, notamment la mobilisation de financements cons\u00e9quents et l\u2019extension du Projet \u00c9nergie avec plus de 1 677 km de lignes d\u2019interconnexion.<\/p>\n\n\n\n<p>Prenant la parole, le nouveau Haut-Commissaire, M. Demba JALLOW, a r\u00e9affirm\u00e9 son engagement \u00e0 poursuivre la dynamique enclench\u00e9e et \u00e0 \u0153uvrer pour une int\u00e9gration \u00e9nerg\u00e9tique efficace entre les pays membres. De leur c\u00f4t\u00e9, les partenaires techniques et financiers, dont la Banque Mondiale, ont salu\u00e9 les progr\u00e8s r\u00e9alis\u00e9s tout en exprimant leurs attentes pour l\u2019avenir des projets en cours.<\/p>\n\n\n\n<p>Le Ministre de l\u2019Hydraulique et de l\u2019Assainissement du S\u00e9n\u00e9gal, repr\u00e9sentant du pays h\u00f4te, a rendu un hommage appuy\u00e9 au travail accompli par M. FOFANA et a f\u00e9licit\u00e9 son successeur pour sa prise de fonction.<\/p>\n\n\n\n<p>En cl\u00f4turant la c\u00e9r\u00e9monie, le Pr\u00e9sident en exercice du Conseil des Ministres, M. Aboubacar CAMARA, a insist\u00e9 sur la n\u00e9cessit\u00e9 de maintenir une dynamique forte et d\u2019\u0153uvrer \u00e0 l\u2019efficacit\u00e9 des projets en cours. Il a officiellement install\u00e9 M. Demba Jallow dans ses nouvelles fonctions tout en lui prodiguant des orientations strat\u00e9giques pour la suite des missions de l\u2019Organisation.<\/p>\n\n\n\n<p>La c\u00e9r\u00e9monie s\u2019est achev\u00e9e sur une note de reconnaissance avec la remise de distinctions honorifiques \u00e0 M. Lansana FOFANA, suivie de pri\u00e8res et b\u00e9n\u00e9dictions. Un nouveau chapitre s\u2019ouvre ainsi pour l\u2019OMVG, porteur d\u2019espoir pour le d\u00e9veloppement \u00e9nerg\u00e9tique et l\u2019int\u00e9gration sous-r\u00e9gionale.<\/p>\n\n\n\n<p>L\u2019agenda se poursuivra demain avec le Conseil des Ministres de l\u2019OMVG et la pr\u00e9sentation du rapport des experts.<\/p>\n\n\n\n<p><strong>Mamadouba CAMARA<\/strong><\/p>\n","protected":false},"excerpt":{"rendered":"<p>Ce vendredi 7 mars 2025, la capitale s\u00e9n\u00e9galaise, Dakar, a \u00e9t\u00e9 le th\u00e9\u00e2tre d\u2019un \u00e9v\u00e9nement cl\u00e9 pour la coop\u00e9ration sous-r\u00e9gionale. La c\u00e9r\u00e9monie de passation de charges entre le Haut-Commissaire sortant de l\u2019Organisation pour la Mise en Valeur du Fleuve Gambie (OMVG), M. Lansana FOFANA, et son successeur, M. Demba JALLOW, a marqu\u00e9 une \u00e9tape d\u00e9cisive [&hellip;]<\/p>\n","protected":false},"author":123458,"featured_media":7889,"comment_status":"open","ping_status":"open","sticky":false,"template":"","format":"standard","meta":{"_acf_changed":false,"footnotes":""},"categories":[11,29],"tags":[],"class_list":["post-7888","post","type-post","status-publish","format-standard","has-post-thumbnail","hentry","category-actualite","category-continentale"],"acf":[],"_links":{"self":[{"href":"https:\/\/lereveil224.info\/index.php\/wp-json\/wp\/v2\/posts\/7888","targetHints":{"allow":["GET"]}}],"collection":[{"href":"https:\/\/lereveil224.info\/index.php\/wp-json\/wp\/v2\/posts"}],"about":[{"href":"https:\/\/lereveil224.info\/index.php\/wp-json\/wp\/v2\/types\/post"}],"author":[{"embeddable":true,"href":"https:\/\/lereveil224.info\/index.php\/wp-json\/wp\/v2\/users\/123458"}],"replies":[{"embeddable":true,"href":"https:\/\/lereveil224.info\/index.php\/wp-json\/wp\/v2\/comments?post=7888"}],"version-history":[{"count":1,"href":"https:\/\/lereveil224.info\/index.php\/wp-json\/wp\/v2\/posts\/7888\/revisions"}],"predecessor-version":[{"id":7890,"href":"https:\/\/lereveil224.info\/index.php\/wp-json\/wp\/v2\/posts\/7888\/revisions\/7890"}],"wp:featuredmedia":[{"embeddable":true,"href":"https:\/\/lereveil224.info\/index.php\/wp-json\/wp\/v2\/media\/7889"}],"wp:attachment":[{"href":"https:\/\/lereveil224.info\/index.php\/wp-json\/wp\/v2\/media?parent=7888"}],"wp:term":[{"taxonomy":"category","embeddable":true,"href":"https:\/\/lereveil224.info\/index.php\/wp-json\/wp\/v2\/categories?post=7888"},{"taxonomy":"post_tag","embeddable":true,"href":"https:\/\/lereveil224.info\/index.php\/wp-json\/wp\/v2\/tags?post=7888"}],"curies":[{"name":"wp","href":"https:\/\/api.w.org\/{rel}","templated":true}]}}