{"id":7884,"date":"2025-03-07T17:11:35","date_gmt":"2025-03-07T17:11:35","guid":{"rendered":"https:\/\/lereveil224.info\/?p=7884"},"modified":"2025-03-07T17:16:19","modified_gmt":"2025-03-07T17:16:19","slug":"7884","status":"publish","type":"post","link":"https:\/\/lereveil224.info\/index.php\/2025\/03\/07\/7884\/","title":{"rendered":"N&rsquo;Z\u00e9r\u00e9kor\u00e9 : Le Gouverneur proc\u00e8de \u00e0 l&rsquo;inauguration de la 128\u1d49 mosqu\u00e9e du vendredi"},"content":{"rendered":"\n<p>Ce vendredi 7 mars 2025, le contr\u00f4leur g\u00e9n\u00e9ral de police Lamine Keita, gouverneur de la r\u00e9gion administrative de N&rsquo;Z\u00e9r\u00e9kor\u00e9, a proc\u00e9d\u00e9 \u00e0 l&rsquo;inauguration de la 128\u1d49 mosqu\u00e9e du vendredi au quartier Angola, dans la commune urbaine.<\/p>\n\n\n\n<figure class=\"wp-block-image size-full\"><img fetchpriority=\"high\" decoding=\"async\" width=\"1020\" height=\"471\" src=\"https:\/\/lereveil224.info\/wp-content\/uploads\/2025\/03\/IMG-20250307-WA0003.jpg\" alt=\"\" class=\"wp-image-7871\" srcset=\"https:\/\/lereveil224.info\/wp-content\/uploads\/2025\/03\/IMG-20250307-WA0003.jpg 1020w, https:\/\/lereveil224.info\/wp-content\/uploads\/2025\/03\/IMG-20250307-WA0003-300x139.jpg 300w, https:\/\/lereveil224.info\/wp-content\/uploads\/2025\/03\/IMG-20250307-WA0003-768x355.jpg 768w\" sizes=\"(max-width: 1020px) 100vw, 1020px\" \/><\/figure>\n\n\n\n<p>En pr\u00e9sence de nombreux fid\u00e8les, Elhadj Amadou SOUMAORO, secr\u00e9taire g\u00e9n\u00e9ral des affaires religieuses, a, au nom de sa hi\u00e9rarchie, remerci\u00e9 les fid\u00e8les pour leur implication dans la construction de cette maison de Dieu, avant de pr\u00e9ciser quelques principes : \u00ab Dans cette maison de Dieu, seules les recommandations divines et celles du proph\u00e8te Mohamed, paix et b\u00e9n\u00e9dictions sur lui et ses compagnons, doivent \u00eatre exerc\u00e9es. Pour les pri\u00e8res nocturnes, nous demandons \u00e0 l&rsquo;imam, au nom de la paix et de la coh\u00e9sion sociale \u00e0 N&rsquo;Z\u00e9r\u00e9kor\u00e9, que les micros de l&rsquo;ext\u00e9rieur soient compl\u00e8tement ferm\u00e9s. Et cela tout au long des dix derni\u00e8res nuits du mois de Ramadan, car l&rsquo;islam est une religion de paix et de coh\u00e9sion, une religion qui fait la promotion du bon voisinage. \u00bb<\/p>\n\n\n\n<figure class=\"wp-block-image size-full\"><img decoding=\"async\" width=\"1020\" height=\"471\" src=\"https:\/\/lereveil224.info\/wp-content\/uploads\/2025\/03\/IMG-20250307-WA0004.jpg\" alt=\"\" class=\"wp-image-7870\" srcset=\"https:\/\/lereveil224.info\/wp-content\/uploads\/2025\/03\/IMG-20250307-WA0004.jpg 1020w, https:\/\/lereveil224.info\/wp-content\/uploads\/2025\/03\/IMG-20250307-WA0004-300x139.jpg 300w, https:\/\/lereveil224.info\/wp-content\/uploads\/2025\/03\/IMG-20250307-WA0004-768x355.jpg 768w\" sizes=\"(max-width: 1020px) 100vw, 1020px\" \/><\/figure>\n\n\n\n<figure class=\"wp-block-image size-full\"><img decoding=\"async\" width=\"1020\" height=\"471\" src=\"https:\/\/lereveil224.info\/wp-content\/uploads\/2025\/03\/IMG-20250307-WA0004.jpg\" alt=\"\" class=\"wp-image-7870\" srcset=\"https:\/\/lereveil224.info\/wp-content\/uploads\/2025\/03\/IMG-20250307-WA0004.jpg 1020w, https:\/\/lereveil224.info\/wp-content\/uploads\/2025\/03\/IMG-20250307-WA0004-300x139.jpg 300w, https:\/\/lereveil224.info\/wp-content\/uploads\/2025\/03\/IMG-20250307-WA0004-768x355.jpg 768w\" sizes=\"(max-width: 1020px) 100vw, 1020px\" \/><\/figure>\n\n\n\n<p>Remettant officiellement la cl\u00e9 de cette mosqu\u00e9e, le contr\u00f4leur g\u00e9n\u00e9ral de police Lamine KEITA, gouverneur de la r\u00e9gion administrative de N&rsquo;Z\u00e9r\u00e9kor\u00e9, a pr\u00e9cis\u00e9 : \u00ab C&rsquo;est pour moi un grand honneur, au nom du pr\u00e9sident de la R\u00e9publique, son excellence g\u00e9n\u00e9ral Mamadi Doumbouya, de remettre la cl\u00e9 \u00e0 l&rsquo;imam Mohamed Kanet. Cette mosqu\u00e9e doit \u00eatre un lieu o\u00f9 la promotion du vivre-ensemble et de la paix doit \u00eatre le quotidien de tous et de toutes. \u00bb<\/p>\n\n\n\n<p>\u00c0 noter que, depuis sa prise de fonction en septembre 2022, cette mosqu\u00e9e d&rsquo;Angola est la 9\u1d49 mosqu\u00e9e inaugur\u00e9e par le 37\u1d49 gouverneur de la r\u00e9gion administrative de N&rsquo;Z\u00e9r\u00e9kor\u00e9, le contr\u00f4leur g\u00e9n\u00e9ral de police Lamine KEITA, un record dans l&rsquo;histoire de cette ville. Le gouverneur \u00e9tait accompagn\u00e9 du pr\u00e9fet de Beyla, le colonel Ibrahima Soul\u00e9.<\/p>\n\n\n\n<p><strong>Thierno Amadou DIALLO<\/strong><\/p>\n","protected":false},"excerpt":{"rendered":"<p>Ce vendredi 7 mars 2025, le contr\u00f4leur g\u00e9n\u00e9ral de police Lamine Keita, gouverneur de la r\u00e9gion administrative de N&rsquo;Z\u00e9r\u00e9kor\u00e9, a proc\u00e9d\u00e9 \u00e0 l&rsquo;inauguration de la 128\u1d49 mosqu\u00e9e du vendredi au quartier Angola, dans la commune urbaine. En pr\u00e9sence de nombreux fid\u00e8les, Elhadj Amadou SOUMAORO, secr\u00e9taire g\u00e9n\u00e9ral des affaires religieuses, a, au nom de sa hi\u00e9rarchie, [&hellip;]<\/p>\n","protected":false},"author":123458,"featured_media":7872,"comment_status":"open","ping_status":"open","sticky":false,"template":"","format":"standard","meta":{"_acf_changed":false,"footnotes":""},"categories":[11,18,27],"tags":[],"class_list":["post-7884","post","type-post","status-publish","format-standard","has-post-thumbnail","hentry","category-actualite","category-region","category-religieux"],"acf":[],"_links":{"self":[{"href":"https:\/\/lereveil224.info\/index.php\/wp-json\/wp\/v2\/posts\/7884","targetHints":{"allow":["GET"]}}],"collection":[{"href":"https:\/\/lereveil224.info\/index.php\/wp-json\/wp\/v2\/posts"}],"about":[{"href":"https:\/\/lereveil224.info\/index.php\/wp-json\/wp\/v2\/types\/post"}],"author":[{"embeddable":true,"href":"https:\/\/lereveil224.info\/index.php\/wp-json\/wp\/v2\/users\/123458"}],"replies":[{"embeddable":true,"href":"https:\/\/lereveil224.info\/index.php\/wp-json\/wp\/v2\/comments?post=7884"}],"version-history":[{"count":2,"href":"https:\/\/lereveil224.info\/index.php\/wp-json\/wp\/v2\/posts\/7884\/revisions"}],"predecessor-version":[{"id":7887,"href":"https:\/\/lereveil224.info\/index.php\/wp-json\/wp\/v2\/posts\/7884\/revisions\/7887"}],"wp:featuredmedia":[{"embeddable":true,"href":"https:\/\/lereveil224.info\/index.php\/wp-json\/wp\/v2\/media\/7872"}],"wp:attachment":[{"href":"https:\/\/lereveil224.info\/index.php\/wp-json\/wp\/v2\/media?parent=7884"}],"wp:term":[{"taxonomy":"category","embeddable":true,"href":"https:\/\/lereveil224.info\/index.php\/wp-json\/wp\/v2\/categories?post=7884"},{"taxonomy":"post_tag","embeddable":true,"href":"https:\/\/lereveil224.info\/index.php\/wp-json\/wp\/v2\/tags?post=7884"}],"curies":[{"name":"wp","href":"https:\/\/api.w.org\/{rel}","templated":true}]}}