{"id":7862,"date":"2025-03-06T13:14:52","date_gmt":"2025-03-06T13:14:52","guid":{"rendered":"https:\/\/lereveil224.info\/?p=7862"},"modified":"2025-03-06T13:14:53","modified_gmt":"2025-03-06T13:14:53","slug":"mohamed-diane-denonce-un-proces-biaise-et-reclame-la-justice","status":"publish","type":"post","link":"https:\/\/lereveil224.info\/index.php\/2025\/03\/06\/mohamed-diane-denonce-un-proces-biaise-et-reclame-la-justice\/","title":{"rendered":"Mohamed DIAN\u00c9 d\u00e9nonce un proc\u00e8s biais\u00e9 et r\u00e9clame la justice"},"content":{"rendered":"\n<p>L\u2019ancien ministre de la D\u00e9fense, Mohamed DIAN\u00c9, a vivement contest\u00e9 la proc\u00e9dure judiciaire men\u00e9e contre lui lors de son proc\u00e8s en appel devant la chambre des appels de la Cour de r\u00e9pression des infractions \u00e9conomiques et financi\u00e8res (CRIEF). Ce jeudi 6 mars 2025, face aux juges, il a d\u00e9nonc\u00e9 des irr\u00e9gularit\u00e9s graves et r\u00e9affirm\u00e9 son innocence, pointant du doigt une enqu\u00eate qu\u2019il juge b\u00e2cl\u00e9e et partiale.<\/p>\n\n\n\n<p>Dian\u00e9 a notamment soulign\u00e9 l\u2019absence de preuves concr\u00e8tes justifiant sa condamnation en premi\u00e8re instance. Selon lui, aucun montant pr\u00e9cis ne lui avait \u00e9t\u00e9 reproch\u00e9 jusqu\u2019au jour de la plaidoirie, o\u00f9 l\u2019agent judiciaire de l\u2019\u00c9tat a soudainement \u00e9voqu\u00e9 un pr\u00e9tendu d\u00e9tournement de <strong>500 000 milliards de francs<\/strong>, sans fournir le moindre document \u00e9tayant cette accusation. \u00ab\u00a0Comment peut-on condamner une personne sans preuves tangibles, sans m\u00eame identifier les fonds pr\u00e9tendument d\u00e9tourn\u00e9s et leur destination ?\u00a0\u00bb, s\u2019est-il interrog\u00e9 devant la cour.<\/p>\n\n\n\n<p>L\u2019ex-ministre estime que sa condamnation repose uniquement sur des accusations unilat\u00e9rales et non sur un travail d\u2019instruction rigoureux. Il a \u00e9galement d\u00e9nonc\u00e9 le fait que les intendants militaires, v\u00e9ritables gestionnaires du budget du minist\u00e8re de la D\u00e9fense, n\u2019aient jamais \u00e9t\u00e9 auditionn\u00e9s. \u201cJ\u2019ai tout fait pour qu\u2019ils soient convoqu\u00e9s, mais personne n\u2019a eu le courage de le faire. Pourquoi ce deux poids, deux mesures ?\u201d a-t-il fustig\u00e9, comparant son cas \u00e0 celui d\u2019un ancien pr\u00e9sident de l\u2019Assembl\u00e9e nationale jug\u00e9 avec ses caissiers.<\/p>\n\n\n\n<p>Concernant les accusations d\u2019enrichissement illicite et de blanchiment d\u2019argent, Mohamed DIAN\u00c9 a rejet\u00e9 en bloc les charges port\u00e9es contre lui, affirmant que plusieurs biens qui lui sont attribu\u00e9s ne lui appartiennent pas et que <strong>ses d\u00e9clarations de patrimoine avaient \u00e9t\u00e9 effectu\u00e9es en toute transparence en 2011 et 2016<\/strong>. Pourtant, selon lui, ces \u00e9l\u00e9ments cruciaux ont \u00e9t\u00e9 \u00ab\u00a0d\u00e9lib\u00e9r\u00e9ment ignor\u00e9s\u00a0\u00bb par la justice.<\/p>\n\n\n\n<p>Face \u00e0 cette situation qu\u2019il consid\u00e8re comme une grave injustice, l\u2019ancien ministre a lanc\u00e9 un appel \u00e0 une justice impartiale : <strong>\u201cUn proc\u00e8s \u00e9quitable ne peut se fonder sur des all\u00e9gations non prouv\u00e9es et des irr\u00e9gularit\u00e9s aussi flagrantes. La justice doit \u00eatre rendue de mani\u00e8re transparente et \u00e9quitable, sans influence politique.\u201d<\/strong><\/p>\n\n\n\n<p>Alors que le proc\u00e8s en appel se poursuit, la chambre des appels de la CRIEF devra trancher sur ces accusations et examiner les arguments de la d\u00e9fense. Une affaire qui continue de faire couler beaucoup d\u2019encre et de diviser l\u2019opinion publique.<\/p>\n\n\n\n<p><strong>Mamadouba CAMARA<\/strong><\/p>\n","protected":false},"excerpt":{"rendered":"<p>L\u2019ancien ministre de la D\u00e9fense, Mohamed DIAN\u00c9, a vivement contest\u00e9 la proc\u00e9dure judiciaire men\u00e9e contre lui lors de son proc\u00e8s en appel devant la chambre des appels de la Cour de r\u00e9pression des infractions \u00e9conomiques et financi\u00e8res (CRIEF). Ce jeudi 6 mars 2025, face aux juges, il a d\u00e9nonc\u00e9 des irr\u00e9gularit\u00e9s graves et r\u00e9affirm\u00e9 son [&hellip;]<\/p>\n","protected":false},"author":123458,"featured_media":7863,"comment_status":"open","ping_status":"open","sticky":false,"template":"","format":"standard","meta":{"_acf_changed":false,"footnotes":""},"categories":[11,2],"tags":[],"class_list":["post-7862","post","type-post","status-publish","format-standard","has-post-thumbnail","hentry","category-actualite","category-politique"],"acf":[],"_links":{"self":[{"href":"https:\/\/lereveil224.info\/index.php\/wp-json\/wp\/v2\/posts\/7862","targetHints":{"allow":["GET"]}}],"collection":[{"href":"https:\/\/lereveil224.info\/index.php\/wp-json\/wp\/v2\/posts"}],"about":[{"href":"https:\/\/lereveil224.info\/index.php\/wp-json\/wp\/v2\/types\/post"}],"author":[{"embeddable":true,"href":"https:\/\/lereveil224.info\/index.php\/wp-json\/wp\/v2\/users\/123458"}],"replies":[{"embeddable":true,"href":"https:\/\/lereveil224.info\/index.php\/wp-json\/wp\/v2\/comments?post=7862"}],"version-history":[{"count":1,"href":"https:\/\/lereveil224.info\/index.php\/wp-json\/wp\/v2\/posts\/7862\/revisions"}],"predecessor-version":[{"id":7864,"href":"https:\/\/lereveil224.info\/index.php\/wp-json\/wp\/v2\/posts\/7862\/revisions\/7864"}],"wp:featuredmedia":[{"embeddable":true,"href":"https:\/\/lereveil224.info\/index.php\/wp-json\/wp\/v2\/media\/7863"}],"wp:attachment":[{"href":"https:\/\/lereveil224.info\/index.php\/wp-json\/wp\/v2\/media?parent=7862"}],"wp:term":[{"taxonomy":"category","embeddable":true,"href":"https:\/\/lereveil224.info\/index.php\/wp-json\/wp\/v2\/categories?post=7862"},{"taxonomy":"post_tag","embeddable":true,"href":"https:\/\/lereveil224.info\/index.php\/wp-json\/wp\/v2\/tags?post=7862"}],"curies":[{"name":"wp","href":"https:\/\/api.w.org\/{rel}","templated":true}]}}