{"id":7849,"date":"2025-03-05T18:05:48","date_gmt":"2025-03-05T18:05:48","guid":{"rendered":"https:\/\/lereveil224.info\/?p=7849"},"modified":"2025-03-05T18:05:49","modified_gmt":"2025-03-05T18:05:49","slug":"mozambique-un-accord-de-compromis-politique-signe-mais-les-tensions-persistent","status":"publish","type":"post","link":"https:\/\/lereveil224.info\/index.php\/2025\/03\/05\/mozambique-un-accord-de-compromis-politique-signe-mais-les-tensions-persistent\/","title":{"rendered":"Mozambique : Un accord de compromis politique sign\u00e9, mais les tensions persistent"},"content":{"rendered":"\n<p>Le Mozambique a franchi une \u00e9tape importante vers l\u2019apaisement politique avec la signature, ce mercredi 5 mars, d\u2019un <strong>\u00ab accord de compromis politique \u00bb<\/strong> entre le pr\u00e9sident Daniel Chapo et plusieurs repr\u00e9sentants de la soci\u00e9t\u00e9 civile, religieuse et de l\u2019opposition. La c\u00e9r\u00e9monie, qui s\u2019est tenue dans la capitale Maputo, marque une volont\u00e9 affich\u00e9e de restaurer la <strong>stabilit\u00e9 politique et sociale<\/strong>, apr\u00e8s plusieurs mois de contestation post-\u00e9lectorale ayant secou\u00e9 le pays.<\/p>\n\n\n\n<p>Cet accord ouvre la voie \u00e0 un <strong>\u00ab dialogue national inclusif \u00bb<\/strong>, cens\u00e9 permettre aux diff\u00e9rentes forces du pays de trouver une issue pacifique \u00e0 la crise n\u00e9e du scrutin d\u2019octobre dernier. Toutefois, un absent de taille ternit l\u2019\u00e9lan consensuel : <strong>Venancio Mondlane<\/strong>, principal opposant et revendicateur de la victoire \u00e9lectorale, ne fait pas partie des signataires.<\/p>\n\n\n\n<p>Par ailleurs, la r\u00e9pression violente d\u2019une manifestation ce m\u00eame jour \u00e0 Maputo vient rappeler la fragilit\u00e9 de la situation. La dispersion brutale des manifestants montre que les tensions restent vives et que le chemin vers une v\u00e9ritable r\u00e9conciliation nationale sera sem\u00e9 d\u2019emb\u00fbches.<\/p>\n\n\n\n<p>Si cet accord est un premier pas vers une sortie de crise, son efficacit\u00e9 d\u00e9pendra de la volont\u00e9 r\u00e9elle des acteurs politiques \u00e0 instaurer un dialogue ouvert et sinc\u00e8re. Dans un pays encore marqu\u00e9 par les divisions, la paix durable ne pourra se construire sans une prise en compte des revendications de toutes les parties prenantes.<\/p>\n\n\n\n<p><strong>Mamadouba CAMARA<\/strong><\/p>\n","protected":false},"excerpt":{"rendered":"<p>Le Mozambique a franchi une \u00e9tape importante vers l\u2019apaisement politique avec la signature, ce mercredi 5 mars, d\u2019un \u00ab accord de compromis politique \u00bb entre le pr\u00e9sident Daniel Chapo et plusieurs repr\u00e9sentants de la soci\u00e9t\u00e9 civile, religieuse et de l\u2019opposition. La c\u00e9r\u00e9monie, qui s\u2019est tenue dans la capitale Maputo, marque une volont\u00e9 affich\u00e9e de restaurer [&hellip;]<\/p>\n","protected":false},"author":123458,"featured_media":7850,"comment_status":"open","ping_status":"open","sticky":false,"template":"","format":"standard","meta":{"_acf_changed":false,"footnotes":""},"categories":[11,2],"tags":[],"class_list":["post-7849","post","type-post","status-publish","format-standard","has-post-thumbnail","hentry","category-actualite","category-politique"],"acf":[],"_links":{"self":[{"href":"https:\/\/lereveil224.info\/index.php\/wp-json\/wp\/v2\/posts\/7849","targetHints":{"allow":["GET"]}}],"collection":[{"href":"https:\/\/lereveil224.info\/index.php\/wp-json\/wp\/v2\/posts"}],"about":[{"href":"https:\/\/lereveil224.info\/index.php\/wp-json\/wp\/v2\/types\/post"}],"author":[{"embeddable":true,"href":"https:\/\/lereveil224.info\/index.php\/wp-json\/wp\/v2\/users\/123458"}],"replies":[{"embeddable":true,"href":"https:\/\/lereveil224.info\/index.php\/wp-json\/wp\/v2\/comments?post=7849"}],"version-history":[{"count":1,"href":"https:\/\/lereveil224.info\/index.php\/wp-json\/wp\/v2\/posts\/7849\/revisions"}],"predecessor-version":[{"id":7851,"href":"https:\/\/lereveil224.info\/index.php\/wp-json\/wp\/v2\/posts\/7849\/revisions\/7851"}],"wp:featuredmedia":[{"embeddable":true,"href":"https:\/\/lereveil224.info\/index.php\/wp-json\/wp\/v2\/media\/7850"}],"wp:attachment":[{"href":"https:\/\/lereveil224.info\/index.php\/wp-json\/wp\/v2\/media?parent=7849"}],"wp:term":[{"taxonomy":"category","embeddable":true,"href":"https:\/\/lereveil224.info\/index.php\/wp-json\/wp\/v2\/categories?post=7849"},{"taxonomy":"post_tag","embeddable":true,"href":"https:\/\/lereveil224.info\/index.php\/wp-json\/wp\/v2\/tags?post=7849"}],"curies":[{"name":"wp","href":"https:\/\/api.w.org\/{rel}","templated":true}]}}