{"id":7840,"date":"2025-03-04T23:44:47","date_gmt":"2025-03-04T23:44:47","guid":{"rendered":"https:\/\/lereveil224.info\/?p=7840"},"modified":"2025-03-04T23:44:48","modified_gmt":"2025-03-04T23:44:48","slug":"nzerekore-les-femmes-des-22-quartiers-de-la-commune-urbaine-saluent-linitiative-de-dr-fode-cisse-pour-la-paix","status":"publish","type":"post","link":"https:\/\/lereveil224.info\/index.php\/2025\/03\/04\/nzerekore-les-femmes-des-22-quartiers-de-la-commune-urbaine-saluent-linitiative-de-dr-fode-cisse-pour-la-paix\/","title":{"rendered":"NZ\u00e9r\u00e9kor\u00e9 : Les femmes des 22 quartiers de la commune urbaine saluent l&rsquo;initiative de Dr Fod\u00e9 CISS\u00c9 pour la paix"},"content":{"rendered":"\n<p>R\u00e9unies autour de la table ce mardi 4 mars 2025, pour parler des strat\u00e9gies en faveur d\u2019une v\u00e9ritable paix, dans un r\u00e9ceptif h\u00f4telier de la place, les responsables des femmes des 22 quartiers de la commune urbaine de NZ\u00e9r\u00e9kor\u00e9, en compagnie de la d\u00e9l\u00e9gu\u00e9e communale des femmes, ont salu\u00e9 cette initiative de Dr Fod\u00e9 CISS\u00c9.<\/p>\n\n\n\n<p>Profitant de cette rencontre, la premi\u00e8re du genre, les femmes ont pris l&rsquo;engagement ferme de soutenir cette initiative de Dr Fod\u00e9 CISS\u00c9, visant \u00e0 r\u00e9unir toutes les composantes sociales pour pr\u00f4ner la paix et l&rsquo;unit\u00e9 entre les filles et fils de la Guin\u00e9e.<\/p>\n\n\n\n<figure class=\"wp-block-image size-full\"><img fetchpriority=\"high\" decoding=\"async\" width=\"1020\" height=\"471\" src=\"https:\/\/lereveil224.info\/wp-content\/uploads\/2025\/03\/IMG-20250304-WA0002.jpg\" alt=\"\" class=\"wp-image-7843\" srcset=\"https:\/\/lereveil224.info\/wp-content\/uploads\/2025\/03\/IMG-20250304-WA0002.jpg 1020w, https:\/\/lereveil224.info\/wp-content\/uploads\/2025\/03\/IMG-20250304-WA0002-300x139.jpg 300w, https:\/\/lereveil224.info\/wp-content\/uploads\/2025\/03\/IMG-20250304-WA0002-768x355.jpg 768w\" sizes=\"(max-width: 1020px) 100vw, 1020px\" \/><\/figure>\n\n\n\n<p>Prenant la parole, Madame Seny KOLI\u00c9 dit prendre acte et promet que les choses ne seront plus comme avant : <em>\u00ab Nous savons comment N&rsquo;Z\u00e9r\u00e9kor\u00e9 \u00e9tait comparativement \u00e0 ce jour sous l&rsquo;\u00e8re du CNRD. C&rsquo;est pourquoi nous saluons cette initiative de notre fils, Dr Fod\u00e9 Ciss\u00e9, pour le maintien de la paix et de la coh\u00e9sion sociale dans cette cit\u00e9. Une telle initiative, premi\u00e8re du genre, m\u00e9rite tout notre accompagnement. C&rsquo;est pourquoi je le r\u00e9it\u00e8re ici : les femmes de N&rsquo;Z\u00e9r\u00e9kor\u00e9 sont d\u00e9termin\u00e9es \u00e0 accompagner Docteur dans cette dynamique qui colle parfaitement avec la vision du Pr\u00e9sident de la R\u00e9publique, Son Excellence Mamadi Doumbouya. Pour cette raison, nous allons lui proposer des actions r\u00e9alistes et r\u00e9alisables dans les jours \u00e0 venir, pour une vaste campagne de sensibilisation sur la non-violence et la paix dans notre cit\u00e9 commune. \u00bb<\/em><br><em>C\u2019est la premi\u00e8re fois qu\u2019un fils de N&rsquo;Z\u00e9r\u00e9kor\u00e9 vient \u00e0 la rencontre des femmes pour ne parler que de paix,<\/em> conclura-t-elle.<\/p>\n\n\n\n<figure class=\"wp-block-image size-full\"><img decoding=\"async\" width=\"1020\" height=\"471\" src=\"https:\/\/lereveil224.info\/wp-content\/uploads\/2025\/03\/IMG-20250304-WA0003.jpg\" alt=\"\" class=\"wp-image-7842\" srcset=\"https:\/\/lereveil224.info\/wp-content\/uploads\/2025\/03\/IMG-20250304-WA0003.jpg 1020w, https:\/\/lereveil224.info\/wp-content\/uploads\/2025\/03\/IMG-20250304-WA0003-300x139.jpg 300w, https:\/\/lereveil224.info\/wp-content\/uploads\/2025\/03\/IMG-20250304-WA0003-768x355.jpg 768w\" sizes=\"(max-width: 1020px) 100vw, 1020px\" \/><\/figure>\n\n\n\n<figure class=\"wp-block-image size-full\"><img decoding=\"async\" width=\"1020\" height=\"471\" src=\"https:\/\/lereveil224.info\/wp-content\/uploads\/2025\/03\/IMG-20250304-WA0003.jpg\" alt=\"\" class=\"wp-image-7842\" srcset=\"https:\/\/lereveil224.info\/wp-content\/uploads\/2025\/03\/IMG-20250304-WA0003.jpg 1020w, https:\/\/lereveil224.info\/wp-content\/uploads\/2025\/03\/IMG-20250304-WA0003-300x139.jpg 300w, https:\/\/lereveil224.info\/wp-content\/uploads\/2025\/03\/IMG-20250304-WA0003-768x355.jpg 768w\" sizes=\"(max-width: 1020px) 100vw, 1020px\" \/><\/figure>\n\n\n\n<p>Pour Mariame Fassoudou, d\u00e9l\u00e9gu\u00e9e communale des femmes : <em>\u00ab Cette initiative est \u00e0 saluer, car elle va dans la dynamique du rassemblement et de la paix. C&rsquo;est pourquoi, au nom des femmes des 22 quartiers de la commune urbaine de N&rsquo;Z\u00e9r\u00e9kor\u00e9, nous disons oui \u00e0 l&rsquo;initiative de Dr Fod\u00e9 Ciss\u00e9. Et nous sommes engag\u00e9es \u00e0 le soutenir, car il nous a accord\u00e9 tout le respect et la consid\u00e9ration. C&rsquo;est la premi\u00e8re fois qu&rsquo;on nous consulte sur des probl\u00e9matiques de paix \u00e0 N&rsquo;Z\u00e9r\u00e9kor\u00e9. Par le pass\u00e9, nous avons toujours \u00e9t\u00e9 mises devant le fait accompli. Mais avec Dr Fod\u00e9 Ciss\u00e9, c&rsquo;est tout \u00e0 fait le contraire. Nous lui disons merci pour cette consid\u00e9ration, et nous lui resterons fid\u00e8les et loyales jusqu&rsquo;\u00e0 ce que la paix d\u00e9finitive r\u00e8gne \u00e0 N&rsquo;Z\u00e9r\u00e9kor\u00e9. \u00bb<\/em><\/p>\n\n\n\n<figure class=\"wp-block-image size-full\"><img decoding=\"async\" width=\"1020\" height=\"471\" src=\"https:\/\/lereveil224.info\/wp-content\/uploads\/2025\/03\/IMG-20250304-WA0004.jpg\" alt=\"\" class=\"wp-image-7841\" srcset=\"https:\/\/lereveil224.info\/wp-content\/uploads\/2025\/03\/IMG-20250304-WA0004.jpg 1020w, https:\/\/lereveil224.info\/wp-content\/uploads\/2025\/03\/IMG-20250304-WA0004-300x139.jpg 300w, https:\/\/lereveil224.info\/wp-content\/uploads\/2025\/03\/IMG-20250304-WA0004-768x355.jpg 768w\" sizes=\"(max-width: 1020px) 100vw, 1020px\" \/><\/figure>\n\n\n\n<figure class=\"wp-block-image size-full\"><img decoding=\"async\" width=\"1020\" height=\"471\" src=\"https:\/\/lereveil224.info\/wp-content\/uploads\/2025\/03\/IMG-20250304-WA0004.jpg\" alt=\"\" class=\"wp-image-7841\" srcset=\"https:\/\/lereveil224.info\/wp-content\/uploads\/2025\/03\/IMG-20250304-WA0004.jpg 1020w, https:\/\/lereveil224.info\/wp-content\/uploads\/2025\/03\/IMG-20250304-WA0004-300x139.jpg 300w, https:\/\/lereveil224.info\/wp-content\/uploads\/2025\/03\/IMG-20250304-WA0004-768x355.jpg 768w\" sizes=\"(max-width: 1020px) 100vw, 1020px\" \/><\/figure>\n\n\n\n<p><em>\u00ab La r\u00e9gion foresti\u00e8re n&rsquo;a qu&rsquo;un seul cordon ombilical, qui est la paix. Nous avons \u00e9t\u00e9 manipul\u00e9s trop longtemps par des cadres v\u00e9reux. C&rsquo;est pourquoi nous n&rsquo;accepterons plus jamais la manipulation. Nous allons nous investir pour le maintien de la paix et de la coh\u00e9sion sociale dans cette maison commune qu&rsquo;est N&rsquo;Z\u00e9r\u00e9kor\u00e9. Et Dr Fod\u00e9 Ciss\u00e9 n\u2019a qu\u2019\u00e0 savoir que la jeunesse de N&rsquo;Z\u00e9r\u00e9kor\u00e9 restera mobilis\u00e9e pour l&rsquo;accompagner, conform\u00e9ment \u00e0 la volont\u00e9 du Pr\u00e9sident de la R\u00e9publique, Son Excellence G\u00e9n\u00e9ral Mamadi Doumbouya. \u00bb<\/em> dira Monsieur Josephe KOLI\u00c9, d\u00e9l\u00e9gu\u00e9 communal de la jeunesse de N&rsquo;Z\u00e9r\u00e9kor\u00e9.<\/p>\n\n\n\n<p>Tr\u00e8s satisfait de cette mobilisation de qualit\u00e9 des femmes des 22 quartiers, Dr Fod\u00e9 CISS\u00c9 s&rsquo;est exprim\u00e9 en ces termes : <em>\u00ab C&rsquo;est un sentiment de satisfaction qui m&rsquo;anime en ce jour. Vous savez que la r\u00e9gion foresti\u00e8re a \u00e9t\u00e9 le th\u00e9\u00e2tre de multiples violences \u00e0 caract\u00e8re ethnique ou religieux. Mais heureusement, depuis la prise de responsabilit\u00e9 des forces de d\u00e9fense et de s\u00e9curit\u00e9 sous la clairvoyance du G\u00e9n\u00e9ral Mamadi Doumbouya, l&rsquo;instauration de la paix, de l&rsquo;unit\u00e9 et de la coh\u00e9sion est devenue une priorit\u00e9 du gouvernement. Nous avons int\u00e9r\u00eat \u00e0 maintenir la paix, quel que soit le prix \u00e0 payer, et je m&rsquo;investirai dans ce sens. \u00bb<\/em><\/p>\n\n\n\n<p>Poursuivant, il pr\u00e9cise : <em>\u00ab Ce qui \u00e9tait hier un r\u00eave est devenu une r\u00e9alit\u00e9. Le m\u00e9ga projet Simandou 2040 est le symbole de la volont\u00e9 du Pr\u00e9sident de la R\u00e9publique de faire de la Guin\u00e9e une r\u00e9f\u00e9rence en termes de croissance \u00e9conomique dans la sous-r\u00e9gion. Et comme vous le savez, l&rsquo;argent n&rsquo;aime pas le bruit. Aujourd&rsquo;hui, notre r\u00e9gion est la plus convoit\u00e9e du pays \u00e0 cause de son potentiel agricole, commercial et minier. Tout cela nous interpelle \u00e0 l&rsquo;union et \u00e0 la coh\u00e9sion sociale, garants de tout d\u00e9veloppement durable. \u00bb<\/em><\/p>\n\n\n\n<p><em>\u00ab Vous devez \u00eatre rassur\u00e9s de mon engagement ferme pour une paix d\u00e9finitive \u00e0 N&rsquo;Z\u00e9r\u00e9kor\u00e9, \u00bb<\/em> conclut Dr Fod\u00e9 CISS\u00c9.<\/p>\n\n\n\n<p>\u00c0 noter que cette rencontre a d\u00e9marr\u00e9 par l&rsquo;observation d&rsquo;une minute de silence \u00e0 la m\u00e9moire de toutes les victimes des diff\u00e9rents \u00e9v\u00e9nements de N&rsquo;Z\u00e9r\u00e9kor\u00e9.<\/p>\n\n\n\n<p><strong>Thierno Amadou DIALLO<\/strong><\/p>\n","protected":false},"excerpt":{"rendered":"<p>R\u00e9unies autour de la table ce mardi 4 mars 2025, pour parler des strat\u00e9gies en faveur d\u2019une v\u00e9ritable paix, dans un r\u00e9ceptif h\u00f4telier de la place, les responsables des femmes des 22 quartiers de la commune urbaine de NZ\u00e9r\u00e9kor\u00e9, en compagnie de la d\u00e9l\u00e9gu\u00e9e communale des femmes, ont salu\u00e9 cette initiative de Dr Fod\u00e9 CISS\u00c9. [&hellip;]<\/p>\n","protected":false},"author":123458,"featured_media":7844,"comment_status":"open","ping_status":"open","sticky":false,"template":"","format":"standard","meta":{"_acf_changed":false,"footnotes":""},"categories":[11,18],"tags":[],"class_list":["post-7840","post","type-post","status-publish","format-standard","has-post-thumbnail","hentry","category-actualite","category-region"],"acf":[],"_links":{"self":[{"href":"https:\/\/lereveil224.info\/index.php\/wp-json\/wp\/v2\/posts\/7840","targetHints":{"allow":["GET"]}}],"collection":[{"href":"https:\/\/lereveil224.info\/index.php\/wp-json\/wp\/v2\/posts"}],"about":[{"href":"https:\/\/lereveil224.info\/index.php\/wp-json\/wp\/v2\/types\/post"}],"author":[{"embeddable":true,"href":"https:\/\/lereveil224.info\/index.php\/wp-json\/wp\/v2\/users\/123458"}],"replies":[{"embeddable":true,"href":"https:\/\/lereveil224.info\/index.php\/wp-json\/wp\/v2\/comments?post=7840"}],"version-history":[{"count":1,"href":"https:\/\/lereveil224.info\/index.php\/wp-json\/wp\/v2\/posts\/7840\/revisions"}],"predecessor-version":[{"id":7845,"href":"https:\/\/lereveil224.info\/index.php\/wp-json\/wp\/v2\/posts\/7840\/revisions\/7845"}],"wp:featuredmedia":[{"embeddable":true,"href":"https:\/\/lereveil224.info\/index.php\/wp-json\/wp\/v2\/media\/7844"}],"wp:attachment":[{"href":"https:\/\/lereveil224.info\/index.php\/wp-json\/wp\/v2\/media?parent=7840"}],"wp:term":[{"taxonomy":"category","embeddable":true,"href":"https:\/\/lereveil224.info\/index.php\/wp-json\/wp\/v2\/categories?post=7840"},{"taxonomy":"post_tag","embeddable":true,"href":"https:\/\/lereveil224.info\/index.php\/wp-json\/wp\/v2\/tags?post=7840"}],"curies":[{"name":"wp","href":"https:\/\/api.w.org\/{rel}","templated":true}]}}