{"id":7824,"date":"2025-03-03T09:59:23","date_gmt":"2025-03-03T09:59:23","guid":{"rendered":"https:\/\/lereveil224.info\/?p=7824"},"modified":"2025-03-03T10:18:34","modified_gmt":"2025-03-03T10:18:34","slug":"nzerekore-les-relations-civilo-militaires-une-reference-temoignent-les-diplomes","status":"publish","type":"post","link":"https:\/\/lereveil224.info\/index.php\/2025\/03\/03\/nzerekore-les-relations-civilo-militaires-une-reference-temoignent-les-diplomes\/","title":{"rendered":"NZ\u00e9r\u00e9kor\u00e9 : Les relations civilo-militaires, une r\u00e9f\u00e9rence, t\u00e9moignent les dipl\u00f4m\u00e9s"},"content":{"rendered":"\n<p>\u00c0 l&rsquo;occasion de la remise des dipl\u00f4mes aux 813 r\u00e9cipiendaires, dont 224 femmes, ce samedi 1er mars 2025, au sein de l&rsquo;universit\u00e9 de N&rsquo;Z\u00e9r\u00e9kor\u00e9, les dipl\u00f4m\u00e9s, tr\u00e8s contents, t\u00e9moignent des bonnes relations civilo-militaires, gr\u00e2ce \u00e0 la nouvelle dynamique impuls\u00e9e par le Colonel Amara SYLLA.<\/p>\n\n\n\n<p>Arriv\u00e9 \u00e0 la t\u00eate de la 4\u1d49 r\u00e9gion militaire de N&rsquo;Z\u00e9r\u00e9kor\u00e9 en mai 2024, le Colonel Amara SYLLA, 31\u1d49 Commandant du camp B\u00e9hanzin, a fait de la culture et de l&rsquo;int\u00e9gration entre les populations civiles et militaires de la r\u00e9gion une r\u00e9f\u00e9rence. Jamais les relations entre les forces de d\u00e9fense et de s\u00e9curit\u00e9 et les civils n&rsquo;ont \u00e9t\u00e9 aussi solides depuis plusieurs ann\u00e9es, comme c&rsquo;est le cas actuellement. Cela se mat\u00e9rialise par le t\u00e9moignage des dipl\u00f4m\u00e9s \u00e0 l&rsquo;occasion de la remise des dipl\u00f4mes \u00e0 la promotion 2023-2024 de l&rsquo;universit\u00e9 de N&rsquo;Z\u00e9r\u00e9kor\u00e9.<\/p>\n\n\n\n<p>Si jadis le contact entre l&rsquo;autorit\u00e9 militaire et les diff\u00e9rentes structures de l&rsquo;administration civile r\u00e9gionale \u00e9tait tr\u00e8s timide, pour ne pas dire quasi inexistant faute de communication permanente, aujourd&rsquo;hui, cette image a compl\u00e8tement chang\u00e9 depuis l&rsquo;arriv\u00e9e du Colonel Amara Sylla \u00e0 la t\u00eate de la 4\u1d49 r\u00e9gion militaire de N&rsquo;Z\u00e9r\u00e9kor\u00e9.<br>Tels sont les constats de notre r\u00e9daction sur place, \u00e0 travers les diff\u00e9rents t\u00e9moignages.<\/p>\n\n\n\n<p>Interrog\u00e9e par notre r\u00e9daction, Fatoumata DIAN\u00c9, 2\u1d49 de la promotion, pr\u00e9cise :<br><em>\u00ab Je suis tr\u00e8s contente de recevoir mon dipl\u00f4me des mains du Colonel Amara SYLLA, c&rsquo;est une grande chance pour moi. Cela fait quatre ans que je suis \u00e0 l&rsquo;universit\u00e9 de N&rsquo;Z\u00e9r\u00e9kor\u00e9, et c&rsquo;est la premi\u00e8re fois que je vois un Commandant du camp B\u00e9hanzin participer \u00e0 une c\u00e9r\u00e9monie de remise de dipl\u00f4mes, en plus de la pr\u00e9sence de la Noumba. Cela d\u00e9montre \u00e0 suffisance la volont\u00e9 du pr\u00e9sident de la R\u00e9publique, Son Excellence le G\u00e9n\u00e9ral Mamadi Doumbouya, en mati\u00e8re de rapprochement entre nous, civils, et les militaires. C&rsquo;est une r\u00e9f\u00e9rence dans la capitale du Sud de la Guin\u00e9e (comme aime le dire le Premier ministre, chef du gouvernement, M. Amadou Oury Bah). C&rsquo;est pourquoi je remercie le Colonel Amara Sylla pour cette nouvelle dynamique, un acte qui restera grav\u00e9 dans nos m\u00e9moires. \u00bb<\/em><\/p>\n\n\n\n<figure class=\"wp-block-image size-full\"><img fetchpriority=\"high\" decoding=\"async\" width=\"808\" height=\"634\" src=\"https:\/\/lereveil224.info\/wp-content\/uploads\/2025\/03\/IMG-20250303-WA0001_1.jpg\" alt=\"\" class=\"wp-image-7828\" srcset=\"https:\/\/lereveil224.info\/wp-content\/uploads\/2025\/03\/IMG-20250303-WA0001_1.jpg 808w, https:\/\/lereveil224.info\/wp-content\/uploads\/2025\/03\/IMG-20250303-WA0001_1-300x235.jpg 300w, https:\/\/lereveil224.info\/wp-content\/uploads\/2025\/03\/IMG-20250303-WA0001_1-768x603.jpg 768w, https:\/\/lereveil224.info\/wp-content\/uploads\/2025\/03\/IMG-20250303-WA0001_1-279x220.jpg 279w\" sizes=\"(max-width: 808px) 100vw, 808px\" \/><\/figure>\n\n\n\n<p>Pour Madame Moussou DIAWARA, major de la promotion :<br><em>\u00ab Au-del\u00e0 de ma joie d&rsquo;\u00eatre la premi\u00e8re de ma promotion, c&rsquo;est aussi la premi\u00e8re fois que la Noumba est pr\u00e9sente \u00e0 une c\u00e9r\u00e9monie de remise de dipl\u00f4mes au sein de notre universit\u00e9. Cette pr\u00e9sence est le fruit de la volont\u00e9 du Commandant de la 4\u1d49 r\u00e9gion militaire de N&rsquo;Z\u00e9r\u00e9kor\u00e9, qui m\u00e8ne de nombreuses actions dans le sens du renforcement des relations civilo-militaires \u00e0 N&rsquo;Z\u00e9r\u00e9kor\u00e9. Vous savez, par le pass\u00e9, les relations entre \u00e9tudiants et militaires ressemblaient \u00e0 celles entre la souris et le chat, mais du c\u00f4t\u00e9 de N&rsquo;Z\u00e9r\u00e9kor\u00e9, cette triste r\u00e9alit\u00e9 n&rsquo;est qu&rsquo;un lointain souvenir. L&rsquo;actuel Commandant est proche de la population civile en g\u00e9n\u00e9ral, et plus particuli\u00e8rement de la jeunesse de N&rsquo;Z\u00e9r\u00e9kor\u00e9. Nous le remercions pour l&rsquo;ouverture de cette nouvelle page de l&rsquo;histoire des bonnes relations entre civils et militaires \u00e0 N&rsquo;Z\u00e9r\u00e9kor\u00e9. Et je souhaite que cette dynamique se poursuive dans les autres r\u00e9gions de la Guin\u00e9e. \u00bb<\/em> conclut-elle.<\/p>\n\n\n\n<figure class=\"wp-block-image size-large\"><img decoding=\"async\" width=\"1024\" height=\"768\" src=\"https:\/\/lereveil224.info\/wp-content\/uploads\/2025\/03\/IMG-20250303-WA0005-1024x768.jpg\" alt=\"\" class=\"wp-image-7829\" srcset=\"https:\/\/lereveil224.info\/wp-content\/uploads\/2025\/03\/IMG-20250303-WA0005-1024x768.jpg 1024w, https:\/\/lereveil224.info\/wp-content\/uploads\/2025\/03\/IMG-20250303-WA0005-300x225.jpg 300w, https:\/\/lereveil224.info\/wp-content\/uploads\/2025\/03\/IMG-20250303-WA0005-768x576.jpg 768w, https:\/\/lereveil224.info\/wp-content\/uploads\/2025\/03\/IMG-20250303-WA0005-86x64.jpg 86w, https:\/\/lereveil224.info\/wp-content\/uploads\/2025\/03\/IMG-20250303-WA0005.jpg 1080w\" sizes=\"(max-width: 1024px) 100vw, 1024px\" \/><\/figure>\n\n\n\n<figure class=\"wp-block-image size-large\"><img decoding=\"async\" width=\"1024\" height=\"768\" src=\"https:\/\/lereveil224.info\/wp-content\/uploads\/2025\/03\/IMG-20250303-WA0005-1024x768.jpg\" alt=\"\" class=\"wp-image-7829\" srcset=\"https:\/\/lereveil224.info\/wp-content\/uploads\/2025\/03\/IMG-20250303-WA0005-1024x768.jpg 1024w, https:\/\/lereveil224.info\/wp-content\/uploads\/2025\/03\/IMG-20250303-WA0005-300x225.jpg 300w, https:\/\/lereveil224.info\/wp-content\/uploads\/2025\/03\/IMG-20250303-WA0005-768x576.jpg 768w, https:\/\/lereveil224.info\/wp-content\/uploads\/2025\/03\/IMG-20250303-WA0005-86x64.jpg 86w, https:\/\/lereveil224.info\/wp-content\/uploads\/2025\/03\/IMG-20250303-WA0005.jpg 1080w\" sizes=\"(max-width: 1024px) 100vw, 1024px\" \/><\/figure>\n\n\n\n<p>\u00c0 noter que cette c\u00e9r\u00e9monie, plac\u00e9e sous la pr\u00e9sidence du gouverneur de r\u00e9gion, repr\u00e9sent\u00e9 par M. Faya Augustin MILLIMONO, SAF, au gouvernorat de N&rsquo;Z\u00e9r\u00e9kor\u00e9, a connu la participation de plusieurs cadres et officiers des forces de d\u00e9fense et de s\u00e9curit\u00e9, preuve que l&rsquo;int\u00e9gration civilo-militaire est une r\u00e9alit\u00e9 dans la r\u00e9gion foresti\u00e8re.<\/p>\n\n\n\n<figure class=\"wp-block-image size-large\"><img decoding=\"async\" width=\"1024\" height=\"768\" src=\"https:\/\/lereveil224.info\/wp-content\/uploads\/2025\/03\/IMG-20250303-WA0003-1024x768.jpg\" alt=\"\" class=\"wp-image-7830\" srcset=\"https:\/\/lereveil224.info\/wp-content\/uploads\/2025\/03\/IMG-20250303-WA0003-1024x768.jpg 1024w, https:\/\/lereveil224.info\/wp-content\/uploads\/2025\/03\/IMG-20250303-WA0003-300x225.jpg 300w, https:\/\/lereveil224.info\/wp-content\/uploads\/2025\/03\/IMG-20250303-WA0003-768x576.jpg 768w, https:\/\/lereveil224.info\/wp-content\/uploads\/2025\/03\/IMG-20250303-WA0003-86x64.jpg 86w, https:\/\/lereveil224.info\/wp-content\/uploads\/2025\/03\/IMG-20250303-WA0003.jpg 1080w\" sizes=\"(max-width: 1024px) 100vw, 1024px\" \/><\/figure>\n\n\n\n<figure class=\"wp-block-image size-large\"><img decoding=\"async\" width=\"1024\" height=\"768\" src=\"https:\/\/lereveil224.info\/wp-content\/uploads\/2025\/03\/IMG-20250303-WA0003-1024x768.jpg\" alt=\"\" class=\"wp-image-7830\" srcset=\"https:\/\/lereveil224.info\/wp-content\/uploads\/2025\/03\/IMG-20250303-WA0003-1024x768.jpg 1024w, https:\/\/lereveil224.info\/wp-content\/uploads\/2025\/03\/IMG-20250303-WA0003-300x225.jpg 300w, https:\/\/lereveil224.info\/wp-content\/uploads\/2025\/03\/IMG-20250303-WA0003-768x576.jpg 768w, https:\/\/lereveil224.info\/wp-content\/uploads\/2025\/03\/IMG-20250303-WA0003-86x64.jpg 86w, https:\/\/lereveil224.info\/wp-content\/uploads\/2025\/03\/IMG-20250303-WA0003.jpg 1080w\" sizes=\"(max-width: 1024px) 100vw, 1024px\" \/><\/figure>\n\n\n\n<figure class=\"wp-block-image size-full\"><img loading=\"lazy\" decoding=\"async\" width=\"810\" height=\"524\" src=\"https:\/\/lereveil224.info\/wp-content\/uploads\/2025\/03\/IMG-20250303-WA0002_1.jpg\" alt=\"\" class=\"wp-image-7827\" srcset=\"https:\/\/lereveil224.info\/wp-content\/uploads\/2025\/03\/IMG-20250303-WA0002_1.jpg 810w, https:\/\/lereveil224.info\/wp-content\/uploads\/2025\/03\/IMG-20250303-WA0002_1-300x194.jpg 300w, https:\/\/lereveil224.info\/wp-content\/uploads\/2025\/03\/IMG-20250303-WA0002_1-768x497.jpg 768w, https:\/\/lereveil224.info\/wp-content\/uploads\/2025\/03\/IMG-20250303-WA0002_1-210x136.jpg 210w\" sizes=\"(max-width: 810px) 100vw, 810px\" \/><\/figure>\n\n\n\n<figure class=\"wp-block-image size-full\"><img loading=\"lazy\" decoding=\"async\" width=\"810\" height=\"524\" src=\"https:\/\/lereveil224.info\/wp-content\/uploads\/2025\/03\/IMG-20250303-WA0002_1.jpg\" alt=\"\" class=\"wp-image-7827\" srcset=\"https:\/\/lereveil224.info\/wp-content\/uploads\/2025\/03\/IMG-20250303-WA0002_1.jpg 810w, https:\/\/lereveil224.info\/wp-content\/uploads\/2025\/03\/IMG-20250303-WA0002_1-300x194.jpg 300w, https:\/\/lereveil224.info\/wp-content\/uploads\/2025\/03\/IMG-20250303-WA0002_1-768x497.jpg 768w, https:\/\/lereveil224.info\/wp-content\/uploads\/2025\/03\/IMG-20250303-WA0002_1-210x136.jpg 210w\" sizes=\"(max-width: 810px) 100vw, 810px\" \/><\/figure>\n\n\n\n<figure class=\"wp-block-image size-full\"><img loading=\"lazy\" decoding=\"async\" width=\"810\" height=\"730\" src=\"https:\/\/lereveil224.info\/wp-content\/uploads\/2025\/03\/IMG-20250303-WA0004_1.jpg\" alt=\"\" class=\"wp-image-7826\" srcset=\"https:\/\/lereveil224.info\/wp-content\/uploads\/2025\/03\/IMG-20250303-WA0004_1.jpg 810w, https:\/\/lereveil224.info\/wp-content\/uploads\/2025\/03\/IMG-20250303-WA0004_1-300x270.jpg 300w, https:\/\/lereveil224.info\/wp-content\/uploads\/2025\/03\/IMG-20250303-WA0004_1-768x692.jpg 768w\" sizes=\"(max-width: 810px) 100vw, 810px\" \/><\/figure>\n\n\n\n<figure class=\"wp-block-image size-full\"><img loading=\"lazy\" decoding=\"async\" width=\"810\" height=\"730\" src=\"https:\/\/lereveil224.info\/wp-content\/uploads\/2025\/03\/IMG-20250303-WA0004_1.jpg\" alt=\"\" class=\"wp-image-7826\" srcset=\"https:\/\/lereveil224.info\/wp-content\/uploads\/2025\/03\/IMG-20250303-WA0004_1.jpg 810w, https:\/\/lereveil224.info\/wp-content\/uploads\/2025\/03\/IMG-20250303-WA0004_1-300x270.jpg 300w, https:\/\/lereveil224.info\/wp-content\/uploads\/2025\/03\/IMG-20250303-WA0004_1-768x692.jpg 768w\" sizes=\"(max-width: 810px) 100vw, 810px\" \/><\/figure>\n\n\n\n<p><strong>Thierno Amadou DIALLO<\/strong><\/p>\n","protected":false},"excerpt":{"rendered":"<p>\u00c0 l&rsquo;occasion de la remise des dipl\u00f4mes aux 813 r\u00e9cipiendaires, dont 224 femmes, ce samedi 1er mars 2025, au sein de l&rsquo;universit\u00e9 de N&rsquo;Z\u00e9r\u00e9kor\u00e9, les dipl\u00f4m\u00e9s, tr\u00e8s contents, t\u00e9moignent des bonnes relations civilo-militaires, gr\u00e2ce \u00e0 la nouvelle dynamique impuls\u00e9e par le Colonel Amara SYLLA. Arriv\u00e9 \u00e0 la t\u00eate de la 4\u1d49 r\u00e9gion militaire de N&rsquo;Z\u00e9r\u00e9kor\u00e9 [&hellip;]<\/p>\n","protected":false},"author":123458,"featured_media":7831,"comment_status":"open","ping_status":"open","sticky":false,"template":"","format":"standard","meta":{"_acf_changed":false,"footnotes":""},"categories":[11,4,18],"tags":[],"class_list":["post-7824","post","type-post","status-publish","format-standard","has-post-thumbnail","hentry","category-actualite","category-education","category-region"],"acf":[],"_links":{"self":[{"href":"https:\/\/lereveil224.info\/index.php\/wp-json\/wp\/v2\/posts\/7824","targetHints":{"allow":["GET"]}}],"collection":[{"href":"https:\/\/lereveil224.info\/index.php\/wp-json\/wp\/v2\/posts"}],"about":[{"href":"https:\/\/lereveil224.info\/index.php\/wp-json\/wp\/v2\/types\/post"}],"author":[{"embeddable":true,"href":"https:\/\/lereveil224.info\/index.php\/wp-json\/wp\/v2\/users\/123458"}],"replies":[{"embeddable":true,"href":"https:\/\/lereveil224.info\/index.php\/wp-json\/wp\/v2\/comments?post=7824"}],"version-history":[{"count":3,"href":"https:\/\/lereveil224.info\/index.php\/wp-json\/wp\/v2\/posts\/7824\/revisions"}],"predecessor-version":[{"id":7833,"href":"https:\/\/lereveil224.info\/index.php\/wp-json\/wp\/v2\/posts\/7824\/revisions\/7833"}],"wp:featuredmedia":[{"embeddable":true,"href":"https:\/\/lereveil224.info\/index.php\/wp-json\/wp\/v2\/media\/7831"}],"wp:attachment":[{"href":"https:\/\/lereveil224.info\/index.php\/wp-json\/wp\/v2\/media?parent=7824"}],"wp:term":[{"taxonomy":"category","embeddable":true,"href":"https:\/\/lereveil224.info\/index.php\/wp-json\/wp\/v2\/categories?post=7824"},{"taxonomy":"post_tag","embeddable":true,"href":"https:\/\/lereveil224.info\/index.php\/wp-json\/wp\/v2\/tags?post=7824"}],"curies":[{"name":"wp","href":"https:\/\/api.w.org\/{rel}","templated":true}]}}