{"id":7817,"date":"2025-03-01T18:23:01","date_gmt":"2025-03-01T18:23:01","guid":{"rendered":"https:\/\/lereveil224.info\/?p=7817"},"modified":"2025-03-01T18:23:02","modified_gmt":"2025-03-01T18:23:02","slug":"nzerekore-plus-de-huit-cents-etudiants-recoivent-leur-diplome","status":"publish","type":"post","link":"https:\/\/lereveil224.info\/index.php\/2025\/03\/01\/nzerekore-plus-de-huit-cents-etudiants-recoivent-leur-diplome\/","title":{"rendered":"Nz\u00e9r\u00e9kor\u00e9 : plus de huit cents \u00e9tudiants re\u00e7oivent leur dipl\u00f4me"},"content":{"rendered":"\n<p>La cour de l\u2019universit\u00e9 de Nz\u00e9r\u00e9kor\u00e9 a servi de cadre \u00e0 la c\u00e9r\u00e9monie de remise des dipl\u00f4mes des \u00e9tudiants de la session 2023-2024, ce samedi 1\u1d49\u02b3 mars 2024.<\/p>\n\n\n\n<p>Ils \u00e9taient au total huit cent treize candidats, dont deux cent vingt-quatre filles, \u00e0 recevoir leurs dipl\u00f4mes. Contrairement aux ann\u00e9es pr\u00e9c\u00e9dentes, les filles se sont particuli\u00e8rement distingu\u00e9es cette ann\u00e9e en occupant toutes les premi\u00e8res places. Une premi\u00e8re dans l\u2019histoire de ce temple du savoir.<\/p>\n\n\n\n<figure class=\"wp-block-image size-full\"><img fetchpriority=\"high\" decoding=\"async\" width=\"1020\" height=\"765\" src=\"https:\/\/lereveil224.info\/wp-content\/uploads\/2025\/03\/IMG-20250301-WA0001.jpg\" alt=\"\" class=\"wp-image-7818\" srcset=\"https:\/\/lereveil224.info\/wp-content\/uploads\/2025\/03\/IMG-20250301-WA0001.jpg 1020w, https:\/\/lereveil224.info\/wp-content\/uploads\/2025\/03\/IMG-20250301-WA0001-300x225.jpg 300w, https:\/\/lereveil224.info\/wp-content\/uploads\/2025\/03\/IMG-20250301-WA0001-768x576.jpg 768w, https:\/\/lereveil224.info\/wp-content\/uploads\/2025\/03\/IMG-20250301-WA0001-86x64.jpg 86w\" sizes=\"(max-width: 1020px) 100vw, 1020px\" \/><\/figure>\n\n\n\n<p>Moussou DIAWARA est la premi\u00e8re, toutes options confondues. Elle n\u2019a qu\u2019un seul objectif : devenir ministre un jour.<\/p>\n\n\n\n<blockquote class=\"wp-block-quote is-layout-flow wp-block-quote-is-layout-flow\">\n<p>\u00ab\u00a0J\u2019ai besoin d\u2019aide pour financer mon master, car je compte aller jusqu\u2019au bout pour atteindre mon r\u00eave. C\u2019est une fiert\u00e9 et une satisfaction pour moi d\u2019\u00eatre la premi\u00e8re. C\u2019est un travail bien m\u00e9rit\u00e9 et non un fruit du hasard. Tout est parti de l\u2019objectif que je me suis fix\u00e9. Et mon tendre mari, qui a toujours \u00e9t\u00e9 \u00e0 mes c\u00f4t\u00e9s, m\u2019a aid\u00e9e \u00e0 l\u2019atteindre.<\/p>\n<\/blockquote>\n\n\n\n<blockquote class=\"wp-block-quote is-layout-flow wp-block-quote-is-layout-flow\">\n<p>J\u2019appelle mes amies qui sont encore sur les bancs \u00e0 sacrifier leur beaut\u00e9 pour obtenir des notes par leur travail, plut\u00f4t que de s\u2019en servir dans l\u2019espoir de les obtenir autrement\u00a0\u00bb, se r\u00e9jouit Moussou Diawara, la premi\u00e8re de l\u2019universit\u00e9.<\/p>\n<\/blockquote>\n\n\n\n<figure class=\"wp-block-image size-full\"><img decoding=\"async\" width=\"1020\" height=\"765\" src=\"https:\/\/lereveil224.info\/wp-content\/uploads\/2025\/03\/IMG-20250301-WA0002.jpg\" alt=\"\" class=\"wp-image-7819\" srcset=\"https:\/\/lereveil224.info\/wp-content\/uploads\/2025\/03\/IMG-20250301-WA0002.jpg 1020w, https:\/\/lereveil224.info\/wp-content\/uploads\/2025\/03\/IMG-20250301-WA0002-300x225.jpg 300w, https:\/\/lereveil224.info\/wp-content\/uploads\/2025\/03\/IMG-20250301-WA0002-768x576.jpg 768w, https:\/\/lereveil224.info\/wp-content\/uploads\/2025\/03\/IMG-20250301-WA0002-86x64.jpg 86w\" sizes=\"(max-width: 1020px) 100vw, 1020px\" \/><\/figure>\n\n\n\n<figure class=\"wp-block-image size-full\"><img decoding=\"async\" width=\"1020\" height=\"765\" src=\"https:\/\/lereveil224.info\/wp-content\/uploads\/2025\/03\/IMG-20250301-WA0002.jpg\" alt=\"\" class=\"wp-image-7819\" srcset=\"https:\/\/lereveil224.info\/wp-content\/uploads\/2025\/03\/IMG-20250301-WA0002.jpg 1020w, https:\/\/lereveil224.info\/wp-content\/uploads\/2025\/03\/IMG-20250301-WA0002-300x225.jpg 300w, https:\/\/lereveil224.info\/wp-content\/uploads\/2025\/03\/IMG-20250301-WA0002-768x576.jpg 768w, https:\/\/lereveil224.info\/wp-content\/uploads\/2025\/03\/IMG-20250301-WA0002-86x64.jpg 86w\" sizes=\"(max-width: 1020px) 100vw, 1020px\" \/><\/figure>\n\n\n\n<p>Kalilou KOUROUMA, pr\u00e9sident des \u00e9tudiants sortants, a, quant \u00e0 lui, remerci\u00e9 les encadreurs et les autorit\u00e9s en ces termes :<\/p>\n\n\n\n<blockquote class=\"wp-block-quote is-layout-flow wp-block-quote-is-layout-flow\">\n<p>\u00ab\u00a0Je remercie les encadreurs et les autorit\u00e9s pour leur engagement \u00e0 nous transmettre leur savoir avec passion. Gr\u00e2ce \u00e0 vous, nous avons acquis des comp\u00e9tences et des valeurs qui guideront notre avenir.<\/p>\n<\/blockquote>\n\n\n\n<blockquote class=\"wp-block-quote is-layout-flow wp-block-quote-is-layout-flow\">\n<p>Chers camarades, notre dipl\u00f4me n\u2019est pas qu\u2019un simple papier, il est le symbole de notre travail acharn\u00e9. Cependant, la fin de ce cycle marque aussi le d\u00e9but d\u2019un nouveau chapitre. Que nous poursuivions nos \u00e9tudes, int\u00e9grions le march\u00e9 du travail ou nous lancions dans l\u2019entrepreneuriat, souvenons-nous que nous sommes les artisans de notre avenir\u00a0\u00bb, a-t-il averti.<\/p>\n<\/blockquote>\n\n\n\n<figure class=\"wp-block-image size-full\"><img decoding=\"async\" width=\"1020\" height=\"765\" src=\"https:\/\/lereveil224.info\/wp-content\/uploads\/2025\/03\/IMG-20250301-WA0005.jpg\" alt=\"\" class=\"wp-image-7821\" srcset=\"https:\/\/lereveil224.info\/wp-content\/uploads\/2025\/03\/IMG-20250301-WA0005.jpg 1020w, https:\/\/lereveil224.info\/wp-content\/uploads\/2025\/03\/IMG-20250301-WA0005-300x225.jpg 300w, https:\/\/lereveil224.info\/wp-content\/uploads\/2025\/03\/IMG-20250301-WA0005-768x576.jpg 768w, https:\/\/lereveil224.info\/wp-content\/uploads\/2025\/03\/IMG-20250301-WA0005-86x64.jpg 86w\" sizes=\"(max-width: 1020px) 100vw, 1020px\" \/><\/figure>\n\n\n\n<figure class=\"wp-block-image size-full\"><img decoding=\"async\" width=\"1020\" height=\"765\" src=\"https:\/\/lereveil224.info\/wp-content\/uploads\/2025\/03\/IMG-20250301-WA0005.jpg\" alt=\"\" class=\"wp-image-7821\" srcset=\"https:\/\/lereveil224.info\/wp-content\/uploads\/2025\/03\/IMG-20250301-WA0005.jpg 1020w, https:\/\/lereveil224.info\/wp-content\/uploads\/2025\/03\/IMG-20250301-WA0005-300x225.jpg 300w, https:\/\/lereveil224.info\/wp-content\/uploads\/2025\/03\/IMG-20250301-WA0005-768x576.jpg 768w, https:\/\/lereveil224.info\/wp-content\/uploads\/2025\/03\/IMG-20250301-WA0005-86x64.jpg 86w\" sizes=\"(max-width: 1020px) 100vw, 1020px\" \/><\/figure>\n\n\n\n<p>Pour Milimono Faya AUGUSTIN, repr\u00e9sentant du gouverneur de la r\u00e9gion, la formation universitaire est l\u2019acquisition d\u2019un ensemble de connaissances li\u00e9es \u00e0 un domaine de vie, avec pour finalit\u00e9 leur mise en pratique d\u2019une part, et la formation continue d\u2019autre part.<\/p>\n\n\n\n<blockquote class=\"wp-block-quote is-layout-flow wp-block-quote-is-layout-flow\">\n<p>\u00ab\u00a0Je demande aux parents de continuer \u00e0 soutenir les \u00e9tudiants jusqu\u2019\u00e0 la fin de leur parcours\u00a0\u00bb, a-t-il d\u00e9clar\u00e9 avant d\u2019ouvrir solennellement la session d\u00e9nomm\u00e9e \u00ab\u00a0Professeur Ibrahima Gningueland\u00e9 Diallo\u00a0\u00bb.<\/p>\n<\/blockquote>\n\n\n\n<figure class=\"wp-block-image size-full\"><img loading=\"lazy\" decoding=\"async\" width=\"1020\" height=\"765\" src=\"https:\/\/lereveil224.info\/wp-content\/uploads\/2025\/03\/IMG-20250301-WA0003.jpg\" alt=\"\" class=\"wp-image-7820\" srcset=\"https:\/\/lereveil224.info\/wp-content\/uploads\/2025\/03\/IMG-20250301-WA0003.jpg 1020w, https:\/\/lereveil224.info\/wp-content\/uploads\/2025\/03\/IMG-20250301-WA0003-300x225.jpg 300w, https:\/\/lereveil224.info\/wp-content\/uploads\/2025\/03\/IMG-20250301-WA0003-768x576.jpg 768w, https:\/\/lereveil224.info\/wp-content\/uploads\/2025\/03\/IMG-20250301-WA0003-86x64.jpg 86w\" sizes=\"(max-width: 1020px) 100vw, 1020px\" \/><\/figure>\n\n\n\n<figure class=\"wp-block-image size-full\"><img loading=\"lazy\" decoding=\"async\" width=\"1020\" height=\"765\" src=\"https:\/\/lereveil224.info\/wp-content\/uploads\/2025\/03\/IMG-20250301-WA0003.jpg\" alt=\"\" class=\"wp-image-7820\" srcset=\"https:\/\/lereveil224.info\/wp-content\/uploads\/2025\/03\/IMG-20250301-WA0003.jpg 1020w, https:\/\/lereveil224.info\/wp-content\/uploads\/2025\/03\/IMG-20250301-WA0003-300x225.jpg 300w, https:\/\/lereveil224.info\/wp-content\/uploads\/2025\/03\/IMG-20250301-WA0003-768x576.jpg 768w, https:\/\/lereveil224.info\/wp-content\/uploads\/2025\/03\/IMG-20250301-WA0003-86x64.jpg 86w\" sizes=\"(max-width: 1020px) 100vw, 1020px\" \/><\/figure>\n\n\n\n<p>Prenant la parole, le vice-recteur, Docteur Demba A\u00efchata CAMARA, a, au nom du recteur, d\u00e9voil\u00e9 le nombre d\u2019\u00e9tudiants sortants :<\/p>\n\n\n\n<blockquote class=\"wp-block-quote is-layout-flow wp-block-quote-is-layout-flow\">\n<p>\u00ab\u00a0Je me tiens devant vous ce matin au nom du recteur pour cette c\u00e9r\u00e9monie solennelle de collation de grades de huit cent treize \u00e9tudiants, dont deux cent vingt-quatre filles, toutes options confondues, aussi bien en fili\u00e8res fondamentales que professionnelles.<\/p>\n<\/blockquote>\n\n\n\n<blockquote class=\"wp-block-quote is-layout-flow wp-block-quote-is-layout-flow\">\n<p>Chers \u00e9tudiants, apr\u00e8s avoir satisfait aux exigences de vos diff\u00e9rents programmes d\u2019\u00e9tudes, vous avez toutes les raisons d\u2019\u00eatre fiers de vous et de vos r\u00e9alisations. Alors, osez frapper \u00e0 toutes les portes o\u00f9 que vous soyez, car vous poss\u00e9dez d\u00e9sormais les connaissances et comp\u00e9tences n\u00e9cessaires pour am\u00e9liorer votre vie et celle des autres.<\/p>\n<\/blockquote>\n\n\n\n<blockquote class=\"wp-block-quote is-layout-flow wp-block-quote-is-layout-flow\">\n<p>C\u2019est pourquoi je vous adresse d\u2019ores et d\u00e9j\u00e0 mes sinc\u00e8res f\u00e9licitations. Mon message cl\u00e9 est le suivant : cultivez les valeurs cardinales, notamment l\u2019honn\u00eatet\u00e9, la rigueur, la ponctualit\u00e9, l\u2019utilit\u00e9, mais surtout le travail, car le monde appartient aux vaillants. Parlez peu et agissez plus en transformant les probl\u00e8mes en opportunit\u00e9s pour grandir.<\/p>\n<\/blockquote>\n\n\n\n<blockquote class=\"wp-block-quote is-layout-flow wp-block-quote-is-layout-flow\">\n<p>Permettez-moi enfin d\u2019exprimer notre gratitude \u00e0 la population de Nz\u00e9r\u00e9kor\u00e9, aux autorit\u00e9s communales, pr\u00e9fectorales et r\u00e9gionales, au minist\u00e8re de l\u2019Enseignement sup\u00e9rieur et de la Recherche scientifique, ainsi qu\u2019au pr\u00e9sident de la R\u00e9publique, le G\u00e9n\u00e9ral Mamadi Doumbouya\u00a0\u00bb, a-t-il conclu.<\/p>\n<\/blockquote>\n\n\n\n<p>Cette c\u00e9r\u00e9monie de remise de dipl\u00f4mes \u00e0 huit cent treize \u00e9tudiants s\u2019est d\u00e9roul\u00e9e devant une foule de parents, amis, encadreurs, autorit\u00e9s communales, pr\u00e9fectorales, r\u00e9gionales et militaires. Elle s\u2019est achev\u00e9e par des prises de photos.<\/p>\n\n\n\n<p><strong>Thierno Amadou DIALLO <\/strong><\/p>\n","protected":false},"excerpt":{"rendered":"<p>La cour de l\u2019universit\u00e9 de Nz\u00e9r\u00e9kor\u00e9 a servi de cadre \u00e0 la c\u00e9r\u00e9monie de remise des dipl\u00f4mes des \u00e9tudiants de la session 2023-2024, ce samedi 1\u1d49\u02b3 mars 2024. Ils \u00e9taient au total huit cent treize candidats, dont deux cent vingt-quatre filles, \u00e0 recevoir leurs dipl\u00f4mes. Contrairement aux ann\u00e9es pr\u00e9c\u00e9dentes, les filles se sont particuli\u00e8rement distingu\u00e9es [&hellip;]<\/p>\n","protected":false},"author":123458,"featured_media":7823,"comment_status":"open","ping_status":"open","sticky":false,"template":"","format":"standard","meta":{"_acf_changed":false,"footnotes":""},"categories":[11,4,18],"tags":[],"class_list":["post-7817","post","type-post","status-publish","format-standard","has-post-thumbnail","hentry","category-actualite","category-education","category-region"],"acf":[],"_links":{"self":[{"href":"https:\/\/lereveil224.info\/index.php\/wp-json\/wp\/v2\/posts\/7817","targetHints":{"allow":["GET"]}}],"collection":[{"href":"https:\/\/lereveil224.info\/index.php\/wp-json\/wp\/v2\/posts"}],"about":[{"href":"https:\/\/lereveil224.info\/index.php\/wp-json\/wp\/v2\/types\/post"}],"author":[{"embeddable":true,"href":"https:\/\/lereveil224.info\/index.php\/wp-json\/wp\/v2\/users\/123458"}],"replies":[{"embeddable":true,"href":"https:\/\/lereveil224.info\/index.php\/wp-json\/wp\/v2\/comments?post=7817"}],"version-history":[{"count":1,"href":"https:\/\/lereveil224.info\/index.php\/wp-json\/wp\/v2\/posts\/7817\/revisions"}],"predecessor-version":[{"id":7822,"href":"https:\/\/lereveil224.info\/index.php\/wp-json\/wp\/v2\/posts\/7817\/revisions\/7822"}],"wp:featuredmedia":[{"embeddable":true,"href":"https:\/\/lereveil224.info\/index.php\/wp-json\/wp\/v2\/media\/7823"}],"wp:attachment":[{"href":"https:\/\/lereveil224.info\/index.php\/wp-json\/wp\/v2\/media?parent=7817"}],"wp:term":[{"taxonomy":"category","embeddable":true,"href":"https:\/\/lereveil224.info\/index.php\/wp-json\/wp\/v2\/categories?post=7817"},{"taxonomy":"post_tag","embeddable":true,"href":"https:\/\/lereveil224.info\/index.php\/wp-json\/wp\/v2\/tags?post=7817"}],"curies":[{"name":"wp","href":"https:\/\/api.w.org\/{rel}","templated":true}]}}