{"id":7796,"date":"2025-02-24T18:11:14","date_gmt":"2025-02-24T18:11:14","guid":{"rendered":"https:\/\/lereveil224.info\/?p=7796"},"modified":"2025-02-24T18:11:15","modified_gmt":"2025-02-24T18:11:15","slug":"guinee-le-mpten-renforce-son-engagement-pour-le-numerique-et-la-cybersecurite","status":"publish","type":"post","link":"https:\/\/lereveil224.info\/index.php\/2025\/02\/24\/guinee-le-mpten-renforce-son-engagement-pour-le-numerique-et-la-cybersecurite\/","title":{"rendered":"Guin\u00e9e : Le MPTEN Renforce Son Engagement pour le Num\u00e9rique et la Cybers\u00e9curit\u00e9"},"content":{"rendered":"\n<p>Sous la pr\u00e9sidence de M. N\u2019faly SYLLA, Chef de Cabinet du Minist\u00e8re des Postes, des T\u00e9l\u00e9communications et de l\u2019\u00c9conomie Num\u00e9rique (MPTEN), le conseil hebdomadaire s\u2019est tenu ce lundi 24 f\u00e9vrier 2025. Une r\u00e9union strat\u00e9gique qui a permis d\u2019aborder des questions cl\u00e9s pour l\u2019avenir du num\u00e9rique en Guin\u00e9e et son int\u00e9gration dans l\u2019\u00e9cosyst\u00e8me technologique r\u00e9gional et international.<\/p>\n\n\n\n<figure class=\"wp-block-image size-large\"><img fetchpriority=\"high\" decoding=\"async\" width=\"1024\" height=\"683\" src=\"https:\/\/lereveil224.info\/wp-content\/uploads\/2025\/02\/20250224_180430-1024x683.jpg\" alt=\"\" class=\"wp-image-7797\" srcset=\"https:\/\/lereveil224.info\/wp-content\/uploads\/2025\/02\/20250224_180430-1024x683.jpg 1024w, https:\/\/lereveil224.info\/wp-content\/uploads\/2025\/02\/20250224_180430-300x200.jpg 300w, https:\/\/lereveil224.info\/wp-content\/uploads\/2025\/02\/20250224_180430-768x512.jpg 768w, https:\/\/lereveil224.info\/wp-content\/uploads\/2025\/02\/20250224_180430-1536x1024.jpg 1536w, https:\/\/lereveil224.info\/wp-content\/uploads\/2025\/02\/20250224_180430-2048x1366.jpg 2048w\" sizes=\"(max-width: 1024px) 100vw, 1024px\" \/><\/figure>\n\n\n\n<p>D\u00e8s l\u2019ouverture, M. N\u2019faly SYLLA a mis en lumi\u00e8re la participation active du MPTEN au lancement de la strat\u00e9gie num\u00e9rique du S\u00e9n\u00e9gal, <strong>New Deal Technologique<\/strong>, qui s\u2019est tenu r\u00e9cemment \u00e0 Dakar. Il a \u00e9galement soulign\u00e9 les pr\u00e9paratifs en cours pour la participation guin\u00e9enne au prestigieux <strong>Mobile World Congress (MWC) 2025<\/strong>, pr\u00e9vu \u00e0 Barcelone du 3 au 6 mars 2025.<\/p>\n\n\n\n<h3 class=\"wp-block-heading\">S\u00e9curit\u00e9 et Modernisation au C\u0153ur des \u00c9changes<\/h3>\n\n\n\n<p>Lors de cette session, plusieurs points essentiels ont \u00e9t\u00e9 examin\u00e9s :<\/p>\n\n\n\n<ul class=\"wp-block-list\">\n<li><strong>Compte rendu de l\u2019immersion gouvernementale<\/strong> : L\u2019Inspecteur G\u00e9n\u00e9ral Adjoint a pr\u00e9sent\u00e9 un \u00e9tat des lieux des infrastructures de t\u00e9l\u00e9communications \u00e0 l\u2019int\u00e9rieur du pays. Cette analyse vise \u00e0 renforcer l\u2019acc\u00e8s au num\u00e9rique sur l\u2019ensemble du territoire guin\u00e9en.<\/li>\n\n\n\n<li><strong>S\u00e9curit\u00e9 des syst\u00e8mes d\u2019information de l\u2019\u00c9tat<\/strong> : Une mise \u00e0 jour a \u00e9t\u00e9 faite sur la politique de cybers\u00e9curit\u00e9, int\u00e9grant les derniers ajustements destin\u00e9s \u00e0 prot\u00e9ger les infrastructures num\u00e9riques nationales.<\/li>\n\n\n\n<li><strong>Forum sur l\u2019e-gouvernement \u00e0 Banjul<\/strong> : Les conclusions du forum ont \u00e9t\u00e9 expos\u00e9es, mettant en avant les meilleures pratiques adopt\u00e9es dans la sous-r\u00e9gion pour une administration num\u00e9rique plus performante.<\/li>\n<\/ul>\n\n\n\n<p>D\u2019autres sujets strat\u00e9giques li\u00e9s au d\u00e9veloppement num\u00e9rique du pays ont \u00e9galement \u00e9t\u00e9 discut\u00e9s, consolidant ainsi la volont\u00e9 du minist\u00e8re de faire de la Guin\u00e9e un acteur incontournable du num\u00e9rique en Afrique de l\u2019Ouest.<\/p>\n\n\n\n<p><strong>Mamadouba CAMARA<\/strong><\/p>\n","protected":false},"excerpt":{"rendered":"<p>Sous la pr\u00e9sidence de M. N\u2019faly SYLLA, Chef de Cabinet du Minist\u00e8re des Postes, des T\u00e9l\u00e9communications et de l\u2019\u00c9conomie Num\u00e9rique (MPTEN), le conseil hebdomadaire s\u2019est tenu ce lundi 24 f\u00e9vrier 2025. Une r\u00e9union strat\u00e9gique qui a permis d\u2019aborder des questions cl\u00e9s pour l\u2019avenir du num\u00e9rique en Guin\u00e9e et son int\u00e9gration dans l\u2019\u00e9cosyst\u00e8me technologique r\u00e9gional et [&hellip;]<\/p>\n","protected":false},"author":123458,"featured_media":7798,"comment_status":"open","ping_status":"open","sticky":false,"template":"","format":"standard","meta":{"_acf_changed":false,"footnotes":""},"categories":[11,56],"tags":[],"class_list":["post-7796","post","type-post","status-publish","format-standard","has-post-thumbnail","hentry","category-actualite","category-technologie"],"acf":[],"_links":{"self":[{"href":"https:\/\/lereveil224.info\/index.php\/wp-json\/wp\/v2\/posts\/7796","targetHints":{"allow":["GET"]}}],"collection":[{"href":"https:\/\/lereveil224.info\/index.php\/wp-json\/wp\/v2\/posts"}],"about":[{"href":"https:\/\/lereveil224.info\/index.php\/wp-json\/wp\/v2\/types\/post"}],"author":[{"embeddable":true,"href":"https:\/\/lereveil224.info\/index.php\/wp-json\/wp\/v2\/users\/123458"}],"replies":[{"embeddable":true,"href":"https:\/\/lereveil224.info\/index.php\/wp-json\/wp\/v2\/comments?post=7796"}],"version-history":[{"count":1,"href":"https:\/\/lereveil224.info\/index.php\/wp-json\/wp\/v2\/posts\/7796\/revisions"}],"predecessor-version":[{"id":7799,"href":"https:\/\/lereveil224.info\/index.php\/wp-json\/wp\/v2\/posts\/7796\/revisions\/7799"}],"wp:featuredmedia":[{"embeddable":true,"href":"https:\/\/lereveil224.info\/index.php\/wp-json\/wp\/v2\/media\/7798"}],"wp:attachment":[{"href":"https:\/\/lereveil224.info\/index.php\/wp-json\/wp\/v2\/media?parent=7796"}],"wp:term":[{"taxonomy":"category","embeddable":true,"href":"https:\/\/lereveil224.info\/index.php\/wp-json\/wp\/v2\/categories?post=7796"},{"taxonomy":"post_tag","embeddable":true,"href":"https:\/\/lereveil224.info\/index.php\/wp-json\/wp\/v2\/tags?post=7796"}],"curies":[{"name":"wp","href":"https:\/\/api.w.org\/{rel}","templated":true}]}}