{"id":7784,"date":"2025-02-20T23:34:55","date_gmt":"2025-02-20T23:34:55","guid":{"rendered":"https:\/\/lereveil224.info\/?p=7784"},"modified":"2025-02-20T23:34:57","modified_gmt":"2025-02-20T23:34:57","slug":"kankan-le-premier-ministre-remet-officiellement-les-cles-du-hub-numerique-un-pas-decisif-vers-linclusion-digitale","status":"publish","type":"post","link":"https:\/\/lereveil224.info\/index.php\/2025\/02\/20\/kankan-le-premier-ministre-remet-officiellement-les-cles-du-hub-numerique-un-pas-decisif-vers-linclusion-digitale\/","title":{"rendered":"Kankan : Le Premier Ministre remet officiellement les cl\u00e9s du Hub Num\u00e9rique, un pas d\u00e9cisif vers l\u2019inclusion digitale"},"content":{"rendered":"\n<p>Ce jeudi 20 f\u00e9vrier 2025, la ville de Kankan a marqu\u00e9 une avanc\u00e9e majeure dans le domaine du num\u00e9rique avec la remise officielle des cl\u00e9s du <strong>Hub Num\u00e9rique de Kankan<\/strong> par le Premier ministre, Chef du Gouvernement, <strong>Monsieur Amadou Oury BAH<\/strong>. Cet \u00e9v\u00e9nement, qui s&rsquo;inscrit dans le cadre de l\u2019<strong>Immersion Gouvernementale<\/strong>, illustre la volont\u00e9 du gouvernement d\u2019acc\u00e9l\u00e9rer la transformation digitale et de moderniser les infrastructures technologiques du pays.<\/p>\n\n\n\n<figure class=\"wp-block-image size-large\"><img fetchpriority=\"high\" decoding=\"async\" width=\"1024\" height=\"683\" src=\"https:\/\/lereveil224.info\/wp-content\/uploads\/2025\/02\/20250220_232512-1024x683.jpg\" alt=\"\" class=\"wp-image-7787\" srcset=\"https:\/\/lereveil224.info\/wp-content\/uploads\/2025\/02\/20250220_232512-1024x683.jpg 1024w, https:\/\/lereveil224.info\/wp-content\/uploads\/2025\/02\/20250220_232512-300x200.jpg 300w, https:\/\/lereveil224.info\/wp-content\/uploads\/2025\/02\/20250220_232512-768x512.jpg 768w, https:\/\/lereveil224.info\/wp-content\/uploads\/2025\/02\/20250220_232512-1536x1024.jpg 1536w, https:\/\/lereveil224.info\/wp-content\/uploads\/2025\/02\/20250220_232512.jpg 2048w\" sizes=\"(max-width: 1024px) 100vw, 1024px\" \/><\/figure>\n\n\n\n<p>Ce centre d\u2019excellence s\u2019aligne sur la vision du Chef de l\u2019\u00c9tat, <strong>le G\u00e9n\u00e9ral Mamadi DOUMBOUYA<\/strong>, qui consid\u00e8re le num\u00e9rique comme un levier essentiel pour le d\u00e9veloppement socio-\u00e9conomique et l\u2019inclusion sociale en Guin\u00e9e. Il offre aux jeunes, aux entrepreneurs et aux innovateurs un espace de <strong>formation, d\u2019innovation et d\u2019entrepreneuriat num\u00e9rique<\/strong>, leur permettant ainsi d\u2019exploiter pleinement les opportunit\u00e9s offertes par les nouvelles technologies.<\/p>\n\n\n\n<figure class=\"wp-block-image size-large\"><img decoding=\"async\" width=\"1024\" height=\"683\" src=\"https:\/\/lereveil224.info\/wp-content\/uploads\/2025\/02\/20250220_232514-1024x683.jpg\" alt=\"\" class=\"wp-image-7786\" srcset=\"https:\/\/lereveil224.info\/wp-content\/uploads\/2025\/02\/20250220_232514-1024x683.jpg 1024w, https:\/\/lereveil224.info\/wp-content\/uploads\/2025\/02\/20250220_232514-300x200.jpg 300w, https:\/\/lereveil224.info\/wp-content\/uploads\/2025\/02\/20250220_232514-768x512.jpg 768w, https:\/\/lereveil224.info\/wp-content\/uploads\/2025\/02\/20250220_232514-1536x1024.jpg 1536w, https:\/\/lereveil224.info\/wp-content\/uploads\/2025\/02\/20250220_232514.jpg 2048w\" sizes=\"(max-width: 1024px) 100vw, 1024px\" \/><\/figure>\n\n\n\n<figure class=\"wp-block-image size-large\"><img decoding=\"async\" width=\"1024\" height=\"683\" src=\"https:\/\/lereveil224.info\/wp-content\/uploads\/2025\/02\/20250220_232514-1024x683.jpg\" alt=\"\" class=\"wp-image-7786\" srcset=\"https:\/\/lereveil224.info\/wp-content\/uploads\/2025\/02\/20250220_232514-1024x683.jpg 1024w, https:\/\/lereveil224.info\/wp-content\/uploads\/2025\/02\/20250220_232514-300x200.jpg 300w, https:\/\/lereveil224.info\/wp-content\/uploads\/2025\/02\/20250220_232514-768x512.jpg 768w, https:\/\/lereveil224.info\/wp-content\/uploads\/2025\/02\/20250220_232514-1536x1024.jpg 1536w, https:\/\/lereveil224.info\/wp-content\/uploads\/2025\/02\/20250220_232514.jpg 2048w\" sizes=\"(max-width: 1024px) 100vw, 1024px\" \/><\/figure>\n\n\n\n<p>Lors de son allocution, le Premier ministre a soulign\u00e9 l\u2019importance de ce Hub et a lanc\u00e9 un appel aux jeunes et aux entrepreneurs de Kankan pour qu\u2019ils s\u2019approprient cet outil. <strong>\u00ab\u00a0Ce Hub doit \u00eatre un p\u00f4le d\u2019apprentissage et d\u2019innovation, un moteur pour dynamiser les secteurs \u00e9conomiques locaux\u00a0\u00bb<\/strong>, a-t-il d\u00e9clar\u00e9.<\/p>\n\n\n\n<figure class=\"wp-block-image size-large\"><img decoding=\"async\" width=\"1024\" height=\"683\" src=\"https:\/\/lereveil224.info\/wp-content\/uploads\/2025\/02\/20250220_232516-1024x683.jpg\" alt=\"\" class=\"wp-image-7785\" srcset=\"https:\/\/lereveil224.info\/wp-content\/uploads\/2025\/02\/20250220_232516-1024x683.jpg 1024w, https:\/\/lereveil224.info\/wp-content\/uploads\/2025\/02\/20250220_232516-300x200.jpg 300w, https:\/\/lereveil224.info\/wp-content\/uploads\/2025\/02\/20250220_232516-768x512.jpg 768w, https:\/\/lereveil224.info\/wp-content\/uploads\/2025\/02\/20250220_232516-1536x1024.jpg 1536w, https:\/\/lereveil224.info\/wp-content\/uploads\/2025\/02\/20250220_232516.jpg 2048w\" sizes=\"(max-width: 1024px) 100vw, 1024px\" \/><\/figure>\n\n\n\n<figure class=\"wp-block-image size-large\"><img decoding=\"async\" width=\"1024\" height=\"683\" src=\"https:\/\/lereveil224.info\/wp-content\/uploads\/2025\/02\/20250220_232516-1024x683.jpg\" alt=\"\" class=\"wp-image-7785\" srcset=\"https:\/\/lereveil224.info\/wp-content\/uploads\/2025\/02\/20250220_232516-1024x683.jpg 1024w, https:\/\/lereveil224.info\/wp-content\/uploads\/2025\/02\/20250220_232516-300x200.jpg 300w, https:\/\/lereveil224.info\/wp-content\/uploads\/2025\/02\/20250220_232516-768x512.jpg 768w, https:\/\/lereveil224.info\/wp-content\/uploads\/2025\/02\/20250220_232516-1536x1024.jpg 1536w, https:\/\/lereveil224.info\/wp-content\/uploads\/2025\/02\/20250220_232516.jpg 2048w\" sizes=\"(max-width: 1024px) 100vw, 1024px\" \/><\/figure>\n\n\n\n<p>\u00c0 travers cette infrastructure, le <strong>Minist\u00e8re des Postes, des T\u00e9l\u00e9communications et de l&rsquo;\u00c9conomie Num\u00e9rique (MPTEN)<\/strong> r\u00e9affirme son engagement pour une <strong>Guin\u00e9e connect\u00e9e, inclusive et tourn\u00e9e vers l\u2019avenir<\/strong>. Le Hub de Kankan devient ainsi un symbole de cette ambition nationale, offrant un cadre id\u00e9al pour le renforcement des comp\u00e9tences num\u00e9riques et l\u2019\u00e9mergence d\u2019une \u00e9conomie digitale comp\u00e9titive.<\/p>\n\n\n\n<p><strong>Mamadouba CAMARA<\/strong><\/p>\n","protected":false},"excerpt":{"rendered":"<p>Ce jeudi 20 f\u00e9vrier 2025, la ville de Kankan a marqu\u00e9 une avanc\u00e9e majeure dans le domaine du num\u00e9rique avec la remise officielle des cl\u00e9s du Hub Num\u00e9rique de Kankan par le Premier ministre, Chef du Gouvernement, Monsieur Amadou Oury BAH. Cet \u00e9v\u00e9nement, qui s&rsquo;inscrit dans le cadre de l\u2019Immersion Gouvernementale, illustre la volont\u00e9 du [&hellip;]<\/p>\n","protected":false},"author":123458,"featured_media":7788,"comment_status":"open","ping_status":"open","sticky":false,"template":"","format":"standard","meta":{"_acf_changed":false,"footnotes":""},"categories":[11,56],"tags":[],"class_list":["post-7784","post","type-post","status-publish","format-standard","has-post-thumbnail","hentry","category-actualite","category-technologie"],"acf":[],"_links":{"self":[{"href":"https:\/\/lereveil224.info\/index.php\/wp-json\/wp\/v2\/posts\/7784","targetHints":{"allow":["GET"]}}],"collection":[{"href":"https:\/\/lereveil224.info\/index.php\/wp-json\/wp\/v2\/posts"}],"about":[{"href":"https:\/\/lereveil224.info\/index.php\/wp-json\/wp\/v2\/types\/post"}],"author":[{"embeddable":true,"href":"https:\/\/lereveil224.info\/index.php\/wp-json\/wp\/v2\/users\/123458"}],"replies":[{"embeddable":true,"href":"https:\/\/lereveil224.info\/index.php\/wp-json\/wp\/v2\/comments?post=7784"}],"version-history":[{"count":1,"href":"https:\/\/lereveil224.info\/index.php\/wp-json\/wp\/v2\/posts\/7784\/revisions"}],"predecessor-version":[{"id":7789,"href":"https:\/\/lereveil224.info\/index.php\/wp-json\/wp\/v2\/posts\/7784\/revisions\/7789"}],"wp:featuredmedia":[{"embeddable":true,"href":"https:\/\/lereveil224.info\/index.php\/wp-json\/wp\/v2\/media\/7788"}],"wp:attachment":[{"href":"https:\/\/lereveil224.info\/index.php\/wp-json\/wp\/v2\/media?parent=7784"}],"wp:term":[{"taxonomy":"category","embeddable":true,"href":"https:\/\/lereveil224.info\/index.php\/wp-json\/wp\/v2\/categories?post=7784"},{"taxonomy":"post_tag","embeddable":true,"href":"https:\/\/lereveil224.info\/index.php\/wp-json\/wp\/v2\/tags?post=7784"}],"curies":[{"name":"wp","href":"https:\/\/api.w.org\/{rel}","templated":true}]}}