{"id":7779,"date":"2025-02-20T19:35:08","date_gmt":"2025-02-20T19:35:08","guid":{"rendered":"https:\/\/lereveil224.info\/?p=7779"},"modified":"2025-02-20T19:35:09","modified_gmt":"2025-02-20T19:35:09","slug":"immersion-gouvernementale-des-actions-concretes-pour-le-developpement-des-localites-minieres","status":"publish","type":"post","link":"https:\/\/lereveil224.info\/index.php\/2025\/02\/20\/immersion-gouvernementale-des-actions-concretes-pour-le-developpement-des-localites-minieres\/","title":{"rendered":"Immersion gouvernementale : des actions concr\u00e8tes pour le d\u00e9veloppement des localit\u00e9s mini\u00e8res"},"content":{"rendered":"\n<p>Le 18 f\u00e9vrier 2025, une d\u00e9l\u00e9gation du Minist\u00e8re des Postes, T\u00e9l\u00e9communications et de l\u2019\u00c9conomie Num\u00e9rique a accompagn\u00e9 le Premier Ministre, Amadou Oury BAH, et plusieurs membres du gouvernement dans la poursuite de la mission d\u2019immersion gouvernementale. Cette initiative vise \u00e0 renforcer le dialogue avec les populations et \u00e0 identifier les priorit\u00e9s pour un d\u00e9veloppement inclusif.<\/p>\n\n\n\n<figure class=\"wp-block-image size-large\"><img fetchpriority=\"high\" decoding=\"async\" width=\"1024\" height=\"683\" src=\"https:\/\/lereveil224.info\/wp-content\/uploads\/2025\/02\/20250220_192749-1024x683.jpg\" alt=\"\" class=\"wp-image-7781\" srcset=\"https:\/\/lereveil224.info\/wp-content\/uploads\/2025\/02\/20250220_192749-1024x683.jpg 1024w, https:\/\/lereveil224.info\/wp-content\/uploads\/2025\/02\/20250220_192749-300x200.jpg 300w, https:\/\/lereveil224.info\/wp-content\/uploads\/2025\/02\/20250220_192749-768x512.jpg 768w, https:\/\/lereveil224.info\/wp-content\/uploads\/2025\/02\/20250220_192749-1536x1024.jpg 1536w, https:\/\/lereveil224.info\/wp-content\/uploads\/2025\/02\/20250220_192749.jpg 2048w\" sizes=\"(max-width: 1024px) 100vw, 1024px\" \/><\/figure>\n\n\n\n<p>Lors de cette treizi\u00e8me journ\u00e9e, plusieurs visites, inaugurations et rencontres ont marqu\u00e9 l\u2019\u00e9tape des pr\u00e9fectures de Kankan, Mandiana et Siguiri. Les \u00e9changes ont permis de recenser les besoins essentiels des habitants, notamment en mati\u00e8re d\u2019infrastructures, d\u2019acc\u00e8s aux services publics et de d\u00e9veloppement \u00e9conomique. Les autorit\u00e9s ont r\u00e9affirm\u00e9 leur engagement \u00e0 apporter des solutions concr\u00e8tes aux pr\u00e9occupations soulev\u00e9es.<\/p>\n\n\n\n<figure class=\"wp-block-image size-large\"><img decoding=\"async\" width=\"1024\" height=\"683\" src=\"https:\/\/lereveil224.info\/wp-content\/uploads\/2025\/02\/20250220_192758-1024x683.jpg\" alt=\"\" class=\"wp-image-7780\" srcset=\"https:\/\/lereveil224.info\/wp-content\/uploads\/2025\/02\/20250220_192758-1024x683.jpg 1024w, https:\/\/lereveil224.info\/wp-content\/uploads\/2025\/02\/20250220_192758-300x200.jpg 300w, https:\/\/lereveil224.info\/wp-content\/uploads\/2025\/02\/20250220_192758-768x512.jpg 768w, https:\/\/lereveil224.info\/wp-content\/uploads\/2025\/02\/20250220_192758-1536x1024.jpg 1536w, https:\/\/lereveil224.info\/wp-content\/uploads\/2025\/02\/20250220_192758.jpg 2048w\" sizes=\"(max-width: 1024px) 100vw, 1024px\" \/><\/figure>\n\n\n\n<figure class=\"wp-block-image size-large\"><img decoding=\"async\" width=\"1024\" height=\"683\" src=\"https:\/\/lereveil224.info\/wp-content\/uploads\/2025\/02\/20250220_192758-1024x683.jpg\" alt=\"\" class=\"wp-image-7780\" srcset=\"https:\/\/lereveil224.info\/wp-content\/uploads\/2025\/02\/20250220_192758-1024x683.jpg 1024w, https:\/\/lereveil224.info\/wp-content\/uploads\/2025\/02\/20250220_192758-300x200.jpg 300w, https:\/\/lereveil224.info\/wp-content\/uploads\/2025\/02\/20250220_192758-768x512.jpg 768w, https:\/\/lereveil224.info\/wp-content\/uploads\/2025\/02\/20250220_192758-1536x1024.jpg 1536w, https:\/\/lereveil224.info\/wp-content\/uploads\/2025\/02\/20250220_192758.jpg 2048w\" sizes=\"(max-width: 1024px) 100vw, 1024px\" \/><\/figure>\n\n\n\n<p>Cette mission a mis en lumi\u00e8re des enjeux majeurs pour ces localit\u00e9s mini\u00e8res et soulign\u00e9 la volont\u00e9 du gouvernement de renforcer les services de base, d\u2019am\u00e9liorer les infrastructures et de favoriser le bien-\u00eatre des populations.<\/p>\n\n\n\n<p><strong>Mamadouba CAMARA<\/strong><\/p>\n","protected":false},"excerpt":{"rendered":"<p>Le 18 f\u00e9vrier 2025, une d\u00e9l\u00e9gation du Minist\u00e8re des Postes, T\u00e9l\u00e9communications et de l\u2019\u00c9conomie Num\u00e9rique a accompagn\u00e9 le Premier Ministre, Amadou Oury BAH, et plusieurs membres du gouvernement dans la poursuite de la mission d\u2019immersion gouvernementale. Cette initiative vise \u00e0 renforcer le dialogue avec les populations et \u00e0 identifier les priorit\u00e9s pour un d\u00e9veloppement inclusif. [&hellip;]<\/p>\n","protected":false},"author":123458,"featured_media":7782,"comment_status":"open","ping_status":"open","sticky":false,"template":"","format":"standard","meta":{"_acf_changed":false,"footnotes":""},"categories":[11,2,18],"tags":[],"class_list":["post-7779","post","type-post","status-publish","format-standard","has-post-thumbnail","hentry","category-actualite","category-politique","category-region"],"acf":[],"_links":{"self":[{"href":"https:\/\/lereveil224.info\/index.php\/wp-json\/wp\/v2\/posts\/7779","targetHints":{"allow":["GET"]}}],"collection":[{"href":"https:\/\/lereveil224.info\/index.php\/wp-json\/wp\/v2\/posts"}],"about":[{"href":"https:\/\/lereveil224.info\/index.php\/wp-json\/wp\/v2\/types\/post"}],"author":[{"embeddable":true,"href":"https:\/\/lereveil224.info\/index.php\/wp-json\/wp\/v2\/users\/123458"}],"replies":[{"embeddable":true,"href":"https:\/\/lereveil224.info\/index.php\/wp-json\/wp\/v2\/comments?post=7779"}],"version-history":[{"count":1,"href":"https:\/\/lereveil224.info\/index.php\/wp-json\/wp\/v2\/posts\/7779\/revisions"}],"predecessor-version":[{"id":7783,"href":"https:\/\/lereveil224.info\/index.php\/wp-json\/wp\/v2\/posts\/7779\/revisions\/7783"}],"wp:featuredmedia":[{"embeddable":true,"href":"https:\/\/lereveil224.info\/index.php\/wp-json\/wp\/v2\/media\/7782"}],"wp:attachment":[{"href":"https:\/\/lereveil224.info\/index.php\/wp-json\/wp\/v2\/media?parent=7779"}],"wp:term":[{"taxonomy":"category","embeddable":true,"href":"https:\/\/lereveil224.info\/index.php\/wp-json\/wp\/v2\/categories?post=7779"},{"taxonomy":"post_tag","embeddable":true,"href":"https:\/\/lereveil224.info\/index.php\/wp-json\/wp\/v2\/tags?post=7779"}],"curies":[{"name":"wp","href":"https:\/\/api.w.org\/{rel}","templated":true}]}}