{"id":7761,"date":"2025-02-18T14:54:10","date_gmt":"2025-02-18T14:54:10","guid":{"rendered":"https:\/\/lereveil224.info\/?p=7761"},"modified":"2025-02-18T14:54:11","modified_gmt":"2025-02-18T14:54:11","slug":"liberte-de-la-presse-en-guinee-bah-oury-defend-le-bilan-du-gouvernement","status":"publish","type":"post","link":"https:\/\/lereveil224.info\/index.php\/2025\/02\/18\/liberte-de-la-presse-en-guinee-bah-oury-defend-le-bilan-du-gouvernement\/","title":{"rendered":"Libert\u00e9 de la presse en Guin\u00e9e : BAH Oury d\u00e9fend le bilan du gouvernement"},"content":{"rendered":"\n<p>Ce lundi 17 f\u00e9vrier 2025, le Premier ministre guin\u00e9en, BAH Oury, a r\u00e9affirm\u00e9 l&rsquo;engagement des autorit\u00e9s de la transition en faveur de la libert\u00e9 de la presse. Selon lui, le g\u00e9n\u00e9ral Mamadi DOUMBOUYA  attache une importance particuli\u00e8re \u00e0 l\u2019exercice du journalisme en Guin\u00e9e, et les actions entreprises par le gouvernement en sont la preuve.<\/p>\n\n\n\n<p>Parmi ces actions, BAH Oury a soulign\u00e9 l\u2019octroi d\u2019une <strong>maison r\u00e9gionale de la presse aux journalistes de Kankan<\/strong>, illustrant ainsi la volont\u00e9 de l\u2019\u00c9tat de soutenir le d\u00e9veloppement des m\u00e9dias, qu\u2019ils soient publics ou priv\u00e9s. Cette initiative, selon lui, t\u00e9moigne d\u2019un engagement concret envers la profession, loin des accusations r\u00e9currentes de r\u00e9pression.<\/p>\n\n\n\n<p>Le Premier ministre a \u00e9galement tenu \u00e0 d\u00e9noncer certaines perceptions relay\u00e9es par des m\u00e9dias internationaux. <strong>\u201cD\u00e8s que des rapports sont publi\u00e9s, on entend dire que telle ou telle radio a \u00e9t\u00e9 ferm\u00e9e et que le gouvernement est contre la libert\u00e9 de la presse. Cela ne refl\u00e8te pas toujours la r\u00e9alit\u00e9\u201d<\/strong>, a-t-il d\u00e9clar\u00e9, appelant les journalistes \u00e0 plus de professionnalisme.<\/p>\n\n\n\n<p>BAH Oury a insist\u00e9 sur le r\u00f4le fondamental des m\u00e9dias dans la soci\u00e9t\u00e9 : <strong>\u201cDans chaque chose, il y a du bien et du mauvais. La presse doit aider la population \u00e0 analyser ces r\u00e9alit\u00e9s, \u00e0 comprendre ce qui peut \u00eatre am\u00e9lior\u00e9, ce qui doit \u00eatre renforc\u00e9 ou consolid\u00e9. Une presse constructive est une presse respect\u00e9e.\u201d<\/strong><\/p>\n\n\n\n<p>Enfin, le Premier ministre a mis en avant l\u2019int\u00e9r\u00eat des <strong>immersions gouvernementales<\/strong> comme moyen de d\u00e9fendre la politique du pays face aux rapports d\u2019ONG internationales. <strong>\u201cLorsque certains affirment que nous sommes contre la presse parce que trois m\u00e9dias ont \u00e9t\u00e9 suspendus, je peux r\u00e9pondre en mettant en avant ceux qui ont vu le jour et qui sont d\u00e9sormais diffus\u00e9s sur Canal+.\u201d<\/strong><\/p>\n\n\n\n<p>Par cette d\u00e9claration, BAH Oury cherche \u00e0 redorer l\u2019image du gouvernement et \u00e0 r\u00e9affirmer son engagement envers la libert\u00e9 d\u2019informer. Cependant, dans un contexte o\u00f9 les tensions entre l\u2019\u00c9tat et certains organes de presse persistent, ces propos sauront-ils convaincre l\u2019ensemble des acteurs du paysage m\u00e9diatique guin\u00e9en ? Seul l\u2019avenir le dira.<\/p>\n\n\n\n<p><strong>Mamadouba CAMARA<\/strong><\/p>\n","protected":false},"excerpt":{"rendered":"<p>Ce lundi 17 f\u00e9vrier 2025, le Premier ministre guin\u00e9en, BAH Oury, a r\u00e9affirm\u00e9 l&rsquo;engagement des autorit\u00e9s de la transition en faveur de la libert\u00e9 de la presse. Selon lui, le g\u00e9n\u00e9ral Mamadi DOUMBOUYA attache une importance particuli\u00e8re \u00e0 l\u2019exercice du journalisme en Guin\u00e9e, et les actions entreprises par le gouvernement en sont la preuve. Parmi [&hellip;]<\/p>\n","protected":false},"author":123458,"featured_media":7710,"comment_status":"open","ping_status":"open","sticky":false,"template":"","format":"standard","meta":{"_acf_changed":false,"footnotes":""},"categories":[11,2,18],"tags":[],"class_list":["post-7761","post","type-post","status-publish","format-standard","has-post-thumbnail","hentry","category-actualite","category-politique","category-region"],"acf":[],"_links":{"self":[{"href":"https:\/\/lereveil224.info\/index.php\/wp-json\/wp\/v2\/posts\/7761","targetHints":{"allow":["GET"]}}],"collection":[{"href":"https:\/\/lereveil224.info\/index.php\/wp-json\/wp\/v2\/posts"}],"about":[{"href":"https:\/\/lereveil224.info\/index.php\/wp-json\/wp\/v2\/types\/post"}],"author":[{"embeddable":true,"href":"https:\/\/lereveil224.info\/index.php\/wp-json\/wp\/v2\/users\/123458"}],"replies":[{"embeddable":true,"href":"https:\/\/lereveil224.info\/index.php\/wp-json\/wp\/v2\/comments?post=7761"}],"version-history":[{"count":1,"href":"https:\/\/lereveil224.info\/index.php\/wp-json\/wp\/v2\/posts\/7761\/revisions"}],"predecessor-version":[{"id":7762,"href":"https:\/\/lereveil224.info\/index.php\/wp-json\/wp\/v2\/posts\/7761\/revisions\/7762"}],"wp:featuredmedia":[{"embeddable":true,"href":"https:\/\/lereveil224.info\/index.php\/wp-json\/wp\/v2\/media\/7710"}],"wp:attachment":[{"href":"https:\/\/lereveil224.info\/index.php\/wp-json\/wp\/v2\/media?parent=7761"}],"wp:term":[{"taxonomy":"category","embeddable":true,"href":"https:\/\/lereveil224.info\/index.php\/wp-json\/wp\/v2\/categories?post=7761"},{"taxonomy":"post_tag","embeddable":true,"href":"https:\/\/lereveil224.info\/index.php\/wp-json\/wp\/v2\/tags?post=7761"}],"curies":[{"name":"wp","href":"https:\/\/api.w.org\/{rel}","templated":true}]}}