{"id":7755,"date":"2025-02-18T13:27:58","date_gmt":"2025-02-18T13:27:58","guid":{"rendered":"https:\/\/lereveil224.info\/?p=7755"},"modified":"2025-02-18T13:27:59","modified_gmt":"2025-02-18T13:27:59","slug":"rdc-lonu-accuse-le-m23-dexecutions-denfants-a-bukavu-une-situation-alarmante","status":"publish","type":"post","link":"https:\/\/lereveil224.info\/index.php\/2025\/02\/18\/rdc-lonu-accuse-le-m23-dexecutions-denfants-a-bukavu-une-situation-alarmante\/","title":{"rendered":"RDC : L\u2019ONU Accuse le M23 d\u2019Ex\u00e9cutions d\u2019Enfants \u00e0 Bukavu, une Situation Alarmante"},"content":{"rendered":"\n<p>La situation dans l&rsquo;est de la R\u00e9publique d\u00e9mocratique du Congo (RDC) continue de se d\u00e9t\u00e9riorer. Ce mardi 18 f\u00e9vrier, l\u2019Organisation des Nations Unies (ONU) a lanc\u00e9 une accusation grave contre le groupe rebelle M23, affirmant que des enfants ont \u00e9t\u00e9 ex\u00e9cut\u00e9s \u00e0 Bukavu. Le Haut-Commissariat aux droits de l\u2019homme exhorte le M23 ainsi que le Rwanda \u00e0 respecter le droit international humanitaire.<\/p>\n\n\n\n<p>Depuis Gen\u00e8ve, la porte-parole du Haut-Commissariat, Ravina Shamdasani, souligne la difficult\u00e9 d\u2019obtenir des chiffres pr\u00e9cis sur le nombre total d&rsquo;ex\u00e9cutions sommaires, en raison de l\u2019extr\u00eame volatilit\u00e9 de la situation dans les provinces du Nord et du Sud-Kivu. Les informations en provenance de ces zones sont fragmentaires, mais les t\u00e9moignages recueillis \u00e9voquent une mont\u00e9e de la violence qui cible m\u00eame les plus vuln\u00e9rables.<\/p>\n\n\n\n<p>Cette nouvelle accusation de l\u2019ONU renforce les inqui\u00e9tudes sur l\u2019intensification du conflit et les souffrances inflig\u00e9es aux populations civiles. Les tensions restent vives entre la RDC et le Rwanda, ce dernier \u00e9tant r\u00e9guli\u00e8rement accus\u00e9 de soutenir le M23, malgr\u00e9 ses d\u00e9mentis r\u00e9p\u00e9t\u00e9s.<\/p>\n\n\n\n<p>Alors que la communaut\u00e9 internationale appelle \u00e0 la d\u00e9sescalade et au respect des droits humains, la population congolaise demeure en premi\u00e8re ligne, confront\u00e9e \u00e0 des violences qui ne cessent de s\u2019aggraver.<\/p>\n\n\n\n<p><strong>Mamadouba CAMARA<\/strong><\/p>\n","protected":false},"excerpt":{"rendered":"<p>La situation dans l&rsquo;est de la R\u00e9publique d\u00e9mocratique du Congo (RDC) continue de se d\u00e9t\u00e9riorer. Ce mardi 18 f\u00e9vrier, l\u2019Organisation des Nations Unies (ONU) a lanc\u00e9 une accusation grave contre le groupe rebelle M23, affirmant que des enfants ont \u00e9t\u00e9 ex\u00e9cut\u00e9s \u00e0 Bukavu. Le Haut-Commissariat aux droits de l\u2019homme exhorte le M23 ainsi que le [&hellip;]<\/p>\n","protected":false},"author":123458,"featured_media":7756,"comment_status":"open","ping_status":"open","sticky":false,"template":"","format":"standard","meta":{"_acf_changed":false,"footnotes":""},"categories":[11,29],"tags":[],"class_list":["post-7755","post","type-post","status-publish","format-standard","has-post-thumbnail","hentry","category-actualite","category-continentale"],"acf":[],"_links":{"self":[{"href":"https:\/\/lereveil224.info\/index.php\/wp-json\/wp\/v2\/posts\/7755","targetHints":{"allow":["GET"]}}],"collection":[{"href":"https:\/\/lereveil224.info\/index.php\/wp-json\/wp\/v2\/posts"}],"about":[{"href":"https:\/\/lereveil224.info\/index.php\/wp-json\/wp\/v2\/types\/post"}],"author":[{"embeddable":true,"href":"https:\/\/lereveil224.info\/index.php\/wp-json\/wp\/v2\/users\/123458"}],"replies":[{"embeddable":true,"href":"https:\/\/lereveil224.info\/index.php\/wp-json\/wp\/v2\/comments?post=7755"}],"version-history":[{"count":1,"href":"https:\/\/lereveil224.info\/index.php\/wp-json\/wp\/v2\/posts\/7755\/revisions"}],"predecessor-version":[{"id":7757,"href":"https:\/\/lereveil224.info\/index.php\/wp-json\/wp\/v2\/posts\/7755\/revisions\/7757"}],"wp:featuredmedia":[{"embeddable":true,"href":"https:\/\/lereveil224.info\/index.php\/wp-json\/wp\/v2\/media\/7756"}],"wp:attachment":[{"href":"https:\/\/lereveil224.info\/index.php\/wp-json\/wp\/v2\/media?parent=7755"}],"wp:term":[{"taxonomy":"category","embeddable":true,"href":"https:\/\/lereveil224.info\/index.php\/wp-json\/wp\/v2\/categories?post=7755"},{"taxonomy":"post_tag","embeddable":true,"href":"https:\/\/lereveil224.info\/index.php\/wp-json\/wp\/v2\/tags?post=7755"}],"curies":[{"name":"wp","href":"https:\/\/api.w.org\/{rel}","templated":true}]}}