{"id":7749,"date":"2025-02-18T07:37:19","date_gmt":"2025-02-18T07:37:19","guid":{"rendered":"https:\/\/lereveil224.info\/?p=7749"},"modified":"2025-02-18T07:37:20","modified_gmt":"2025-02-18T07:37:20","slug":"rdc_bukavu-une-reprise-timide-sous-la-menace-entre-faim-et-espoir","status":"publish","type":"post","link":"https:\/\/lereveil224.info\/index.php\/2025\/02\/18\/rdc_bukavu-une-reprise-timide-sous-la-menace-entre-faim-et-espoir\/","title":{"rendered":"RDC_Bukavu : Une reprise timide sous la menace, entre faim et espoir"},"content":{"rendered":"\n<p>\u00c0 Bukavu, dans l&rsquo;est de la R\u00e9publique d\u00e9mocratique du Congo (RDC), la vie reprend doucement son cours apr\u00e8s des jours d\u2019incertitude et de peur. Les rues, autrefois d\u00e9sertes, voient \u00e0 nouveau quelques habitants braver l\u2019inqui\u00e9tude pour subvenir aux besoins de leurs familles.<\/p>\n\n\n\n<p>Zena, vendeuse de poissons, fait partie de ceux qui n&rsquo;ont eu d&rsquo;autre choix que de sortir malgr\u00e9 le danger. Apr\u00e8s deux jours enferm\u00e9e chez elle, elle a d\u00e9cid\u00e9 de reprendre son commerce pour nourrir ses enfants : \u00ab Je suis l\u00e0 \u00e0 cause de la faim chez moi. Mes enfants me demandent \u00e0 manger, car depuis vendredi, nous \u00e9tions enferm\u00e9s dans la maison, je ne leur donnais que de la bouillie. J\u2019ai estim\u00e9 que je pouvais recommencer la vente. J\u2019ai encore peur, mais c\u2019est Dieu qui va nous aider \u00bb, confie-t-elle, la voix tremblante.<\/p>\n\n\n\n<p>Comme elle, d\u2019autres habitants s\u2019aventurent prudemment hors de chez eux, pouss\u00e9s par la n\u00e9cessit\u00e9. La peur n\u2019a pas disparu, mais l\u2019instinct de survie prend le dessus. Pour beaucoup, la faim est une menace aussi grande que l&rsquo;ins\u00e9curit\u00e9.<\/p>\n\n\n\n<p>Malgr\u00e9 tout, l\u2019espoir demeure. La population de Bukavu tente, tant bien que mal, de reprendre ses habitudes, port\u00e9e par la r\u00e9silience qui a toujours caract\u00e9ris\u00e9 cette r\u00e9gion marqu\u00e9e par les \u00e9preuves.<\/p>\n\n\n\n<p><strong>Mamadouba CAMARA <\/strong><\/p>\n","protected":false},"excerpt":{"rendered":"<p>\u00c0 Bukavu, dans l&rsquo;est de la R\u00e9publique d\u00e9mocratique du Congo (RDC), la vie reprend doucement son cours apr\u00e8s des jours d\u2019incertitude et de peur. Les rues, autrefois d\u00e9sertes, voient \u00e0 nouveau quelques habitants braver l\u2019inqui\u00e9tude pour subvenir aux besoins de leurs familles. Zena, vendeuse de poissons, fait partie de ceux qui n&rsquo;ont eu d&rsquo;autre choix [&hellip;]<\/p>\n","protected":false},"author":123458,"featured_media":7750,"comment_status":"open","ping_status":"open","sticky":false,"template":"","format":"standard","meta":{"_acf_changed":false,"footnotes":""},"categories":[11,29],"tags":[],"class_list":["post-7749","post","type-post","status-publish","format-standard","has-post-thumbnail","hentry","category-actualite","category-continentale"],"acf":[],"_links":{"self":[{"href":"https:\/\/lereveil224.info\/index.php\/wp-json\/wp\/v2\/posts\/7749","targetHints":{"allow":["GET"]}}],"collection":[{"href":"https:\/\/lereveil224.info\/index.php\/wp-json\/wp\/v2\/posts"}],"about":[{"href":"https:\/\/lereveil224.info\/index.php\/wp-json\/wp\/v2\/types\/post"}],"author":[{"embeddable":true,"href":"https:\/\/lereveil224.info\/index.php\/wp-json\/wp\/v2\/users\/123458"}],"replies":[{"embeddable":true,"href":"https:\/\/lereveil224.info\/index.php\/wp-json\/wp\/v2\/comments?post=7749"}],"version-history":[{"count":1,"href":"https:\/\/lereveil224.info\/index.php\/wp-json\/wp\/v2\/posts\/7749\/revisions"}],"predecessor-version":[{"id":7751,"href":"https:\/\/lereveil224.info\/index.php\/wp-json\/wp\/v2\/posts\/7749\/revisions\/7751"}],"wp:featuredmedia":[{"embeddable":true,"href":"https:\/\/lereveil224.info\/index.php\/wp-json\/wp\/v2\/media\/7750"}],"wp:attachment":[{"href":"https:\/\/lereveil224.info\/index.php\/wp-json\/wp\/v2\/media?parent=7749"}],"wp:term":[{"taxonomy":"category","embeddable":true,"href":"https:\/\/lereveil224.info\/index.php\/wp-json\/wp\/v2\/categories?post=7749"},{"taxonomy":"post_tag","embeddable":true,"href":"https:\/\/lereveil224.info\/index.php\/wp-json\/wp\/v2\/tags?post=7749"}],"curies":[{"name":"wp","href":"https:\/\/api.w.org\/{rel}","templated":true}]}}