{"id":7741,"date":"2025-02-15T18:29:25","date_gmt":"2025-02-15T18:29:25","guid":{"rendered":"https:\/\/lereveil224.info\/?p=7741"},"modified":"2025-02-15T18:29:26","modified_gmt":"2025-02-15T18:29:26","slug":"presidentielle-en-guinee-le-ministre-mory-conde-affiche-son-soutien-a-mamadi-doumbouya","status":"publish","type":"post","link":"https:\/\/lereveil224.info\/index.php\/2025\/02\/15\/presidentielle-en-guinee-le-ministre-mory-conde-affiche-son-soutien-a-mamadi-doumbouya\/","title":{"rendered":"Pr\u00e9sidentielle en Guin\u00e9e : Le ministre Mory COND\u00c9 affiche son soutien \u00e0 Mamadi DOUMBOUYA"},"content":{"rendered":"\n<p>Lors d\u2019un rassemblement de soutien tenu ce samedi 15 f\u00e9vrier 2025 \u00e0 Kaloum, le ministre de l\u2019Urbanisme, de l\u2019Habitat et de l\u2019Am\u00e9nagement du Territoire, Mory COND\u00c9, a clairement exprim\u00e9 son choix pour la prochaine \u00e9lection pr\u00e9sidentielle en Guin\u00e9e. Devant une foule acquise \u00e0 sa cause, il a annonc\u00e9 que son candidat sera le G\u00e9n\u00e9ral Mamadi DOUMBOUYA.<\/p>\n\n\n\n<p>\u00ab Les lois guin\u00e9ennes n\u2019interdisent \u00e0 aucun guin\u00e9en d\u2019\u00eatre candidat ou \u00e9lecteur \u00e0 une \u00e9lection. Ici, je parle en tant que citoyen. Si les Guin\u00e9ens ont un autre candidat, s\u2019il y a \u00e9lection, bien \u00e9videmment, nous notre candidat, moi mon candidat, c\u2019est le G\u00e9n\u00e9ral Mamadi Doumbouya \u00bb, a-t-il d\u00e9clar\u00e9 avec fermet\u00e9.<\/p>\n\n\n\n<p>Cette d\u00e9claration marque un tournant dans le paysage politique guin\u00e9en, confirmant que le chef de la transition pourrait briguer un mandat \u00e9lectif. Depuis son arriv\u00e9e au pouvoir le 5 septembre 2021, le G\u00e9n\u00e9ral Mamadi DOUMBOUYA a supervis\u00e9 plusieurs r\u00e9formes, notamment dans le secteur des infrastructures et des transports.<\/p>\n\n\n\n<p>Mory COND\u00c9 a d\u2019ailleurs mis en avant ces avanc\u00e9es pour justifier son soutien. \u00ab Aujourd\u2019hui, notre a\u00e9roport international Ahmed S\u00e9kou TOUR\u00c9 est en plein travaux. Deux ann\u00e9es cons\u00e9cutives, le port autonome de Conakry a \u00e9t\u00e9 class\u00e9 comme meilleur port de la sous-r\u00e9gion et du continent \u00bb, a-t-il soulign\u00e9.<\/p>\n\n\n\n<p>Cette annonce risque de susciter des r\u00e9actions diverses sur la sc\u00e8ne politique guin\u00e9enne. Reste \u00e0 savoir si d\u2019autres acteurs se positionneront officiellement dans la course \u00e0 la pr\u00e9sidence et comment cette d\u00e9claration influencera le d\u00e9bat national.<\/p>\n\n\n\n<p><strong>Mamadouba CAMARA<\/strong><\/p>\n","protected":false},"excerpt":{"rendered":"<p>Lors d\u2019un rassemblement de soutien tenu ce samedi 15 f\u00e9vrier 2025 \u00e0 Kaloum, le ministre de l\u2019Urbanisme, de l\u2019Habitat et de l\u2019Am\u00e9nagement du Territoire, Mory COND\u00c9, a clairement exprim\u00e9 son choix pour la prochaine \u00e9lection pr\u00e9sidentielle en Guin\u00e9e. Devant une foule acquise \u00e0 sa cause, il a annonc\u00e9 que son candidat sera le G\u00e9n\u00e9ral Mamadi [&hellip;]<\/p>\n","protected":false},"author":123458,"featured_media":7742,"comment_status":"open","ping_status":"open","sticky":false,"template":"","format":"standard","meta":{"_acf_changed":false,"footnotes":""},"categories":[11,2],"tags":[],"class_list":["post-7741","post","type-post","status-publish","format-standard","has-post-thumbnail","hentry","category-actualite","category-politique"],"acf":[],"_links":{"self":[{"href":"https:\/\/lereveil224.info\/index.php\/wp-json\/wp\/v2\/posts\/7741","targetHints":{"allow":["GET"]}}],"collection":[{"href":"https:\/\/lereveil224.info\/index.php\/wp-json\/wp\/v2\/posts"}],"about":[{"href":"https:\/\/lereveil224.info\/index.php\/wp-json\/wp\/v2\/types\/post"}],"author":[{"embeddable":true,"href":"https:\/\/lereveil224.info\/index.php\/wp-json\/wp\/v2\/users\/123458"}],"replies":[{"embeddable":true,"href":"https:\/\/lereveil224.info\/index.php\/wp-json\/wp\/v2\/comments?post=7741"}],"version-history":[{"count":1,"href":"https:\/\/lereveil224.info\/index.php\/wp-json\/wp\/v2\/posts\/7741\/revisions"}],"predecessor-version":[{"id":7743,"href":"https:\/\/lereveil224.info\/index.php\/wp-json\/wp\/v2\/posts\/7741\/revisions\/7743"}],"wp:featuredmedia":[{"embeddable":true,"href":"https:\/\/lereveil224.info\/index.php\/wp-json\/wp\/v2\/media\/7742"}],"wp:attachment":[{"href":"https:\/\/lereveil224.info\/index.php\/wp-json\/wp\/v2\/media?parent=7741"}],"wp:term":[{"taxonomy":"category","embeddable":true,"href":"https:\/\/lereveil224.info\/index.php\/wp-json\/wp\/v2\/categories?post=7741"},{"taxonomy":"post_tag","embeddable":true,"href":"https:\/\/lereveil224.info\/index.php\/wp-json\/wp\/v2\/tags?post=7741"}],"curies":[{"name":"wp","href":"https:\/\/api.w.org\/{rel}","templated":true}]}}