{"id":7730,"date":"2025-02-13T04:06:56","date_gmt":"2025-02-13T04:06:56","guid":{"rendered":"https:\/\/lereveil224.info\/?p=7730"},"modified":"2025-02-13T04:06:57","modified_gmt":"2025-02-13T04:06:57","slug":"faranah-en-plein-essor-inaugurations-et-engagements-forts-du-gouvernement","status":"publish","type":"post","link":"https:\/\/lereveil224.info\/index.php\/2025\/02\/13\/faranah-en-plein-essor-inaugurations-et-engagements-forts-du-gouvernement\/","title":{"rendered":"Faranah en plein essor : Inaugurations et engagements forts du Gouvernement"},"content":{"rendered":"\n<p>Le mercredi 12 f\u00e9vrier 2025, la ville de Faranah a \u00e9t\u00e9 le th\u00e9\u00e2tre d\u2019une s\u00e9rie d\u2019inaugurations et de visites de haut niveau dans le cadre de l\u2019Immersion Gouvernementale. Sous la conduite du Premier Ministre Amadou Oury BAH, accompagn\u00e9 de la Ministre de l\u2019Information et de la Communication, Rose POLA, cette huiti\u00e8me journ\u00e9e a marqu\u00e9 un tournant d\u00e9cisif dans le renforcement des infrastructures locales et l\u2019am\u00e9lioration des services publics.<\/p>\n\n\n\n<figure class=\"wp-block-image size-large\"><img fetchpriority=\"high\" decoding=\"async\" width=\"1024\" height=\"683\" src=\"https:\/\/lereveil224.info\/wp-content\/uploads\/2025\/02\/20250213_035613-1024x683.jpg\" alt=\"\" class=\"wp-image-7732\" srcset=\"https:\/\/lereveil224.info\/wp-content\/uploads\/2025\/02\/20250213_035613-1024x683.jpg 1024w, https:\/\/lereveil224.info\/wp-content\/uploads\/2025\/02\/20250213_035613-300x200.jpg 300w, https:\/\/lereveil224.info\/wp-content\/uploads\/2025\/02\/20250213_035613-768x512.jpg 768w, https:\/\/lereveil224.info\/wp-content\/uploads\/2025\/02\/20250213_035613-1536x1024.jpg 1536w, https:\/\/lereveil224.info\/wp-content\/uploads\/2025\/02\/20250213_035613.jpg 2048w\" sizes=\"(max-width: 1024px) 100vw, 1024px\" \/><\/figure>\n\n\n\n<p>Le programme de la journ\u00e9e a \u00e9t\u00e9 charg\u00e9 et ambitieux, traduisant la volont\u00e9 du Gouvernement de moderniser Faranah et de r\u00e9pondre aux attentes des citoyens. Parmi les actions phares, la pose de la premi\u00e8re pierre du futur b\u00e2timent de la Direction R\u00e9gionale de la Police a illustr\u00e9 l\u2019engagement en faveur de la s\u00e9curit\u00e9 et des conditions de travail des forces de l\u2019ordre. De m\u00eame, la visite des r\u00e9sidences du Gouverneur et du Pr\u00e9fet a mis en lumi\u00e8re la n\u00e9cessit\u00e9 d\u2019une r\u00e9novation urgente, avec des instructions claires donn\u00e9es aux minist\u00e8res concern\u00e9s pour acc\u00e9l\u00e9rer leur r\u00e9habilitation.<\/p>\n\n\n\n<p>Le Premier Ministre a \u00e9galement pris \u00e0 bras-le-corps le dossier du Palais de Justice de Faranah, en chantier depuis sept ans. Apr\u00e8s un constat alarmant du retard des travaux, un engagement ferme a \u00e9t\u00e9 pris pour d\u00e9bloquer la situation et permettre une livraison rapide de cette infrastructure essentielle.<\/p>\n\n\n\n<p>L\u2019attention du Gouvernement s\u2019est aussi port\u00e9e sur le d\u00e9veloppement des services publics et des entreprises locales. Les visites des installations de la Poste, de Guin\u00e9e T\u00e9l\u00e9com et de la SOGEB ont permis d\u2019identifier les d\u00e9fis \u00e0 relever pour relancer ces structures strat\u00e9giques. Un plan d\u2019action a \u00e9t\u00e9 d\u00e9fini pour acc\u00e9l\u00e9rer leur redynamisation et am\u00e9liorer leurs prestations au b\u00e9n\u00e9fice de la population.<\/p>\n\n\n\n<figure class=\"wp-block-image size-large\"><img decoding=\"async\" width=\"1024\" height=\"683\" src=\"https:\/\/lereveil224.info\/wp-content\/uploads\/2025\/02\/20250213_035615-1024x683.jpg\" alt=\"\" class=\"wp-image-7731\" srcset=\"https:\/\/lereveil224.info\/wp-content\/uploads\/2025\/02\/20250213_035615-1024x683.jpg 1024w, https:\/\/lereveil224.info\/wp-content\/uploads\/2025\/02\/20250213_035615-300x200.jpg 300w, https:\/\/lereveil224.info\/wp-content\/uploads\/2025\/02\/20250213_035615-768x512.jpg 768w, https:\/\/lereveil224.info\/wp-content\/uploads\/2025\/02\/20250213_035615-1536x1024.jpg 1536w, https:\/\/lereveil224.info\/wp-content\/uploads\/2025\/02\/20250213_035615.jpg 2048w\" sizes=\"(max-width: 1024px) 100vw, 1024px\" \/><\/figure>\n\n\n\n<figure class=\"wp-block-image size-large\"><img decoding=\"async\" width=\"1024\" height=\"683\" src=\"https:\/\/lereveil224.info\/wp-content\/uploads\/2025\/02\/20250213_035615-1024x683.jpg\" alt=\"\" class=\"wp-image-7731\" srcset=\"https:\/\/lereveil224.info\/wp-content\/uploads\/2025\/02\/20250213_035615-1024x683.jpg 1024w, https:\/\/lereveil224.info\/wp-content\/uploads\/2025\/02\/20250213_035615-300x200.jpg 300w, https:\/\/lereveil224.info\/wp-content\/uploads\/2025\/02\/20250213_035615-768x512.jpg 768w, https:\/\/lereveil224.info\/wp-content\/uploads\/2025\/02\/20250213_035615-1536x1024.jpg 1536w, https:\/\/lereveil224.info\/wp-content\/uploads\/2025\/02\/20250213_035615.jpg 2048w\" sizes=\"(max-width: 1024px) 100vw, 1024px\" \/><\/figure>\n\n\n\n<p>Enfin, la journ\u00e9e s\u2019est cl\u00f4tur\u00e9e par l\u2019inauguration des Centres de Sant\u00e9 Urbains de Dandaya et Ponkoman. La mise en service de ces \u00e9tablissements modernes t\u00e9moigne de la volont\u00e9 du Gouvernement d\u2019am\u00e9liorer l\u2019acc\u00e8s aux soins et de renforcer le syst\u00e8me de sant\u00e9 local.<\/p>\n\n\n\n<p>\u00c0 travers ces initiatives, l\u2019Ex\u00e9cutif guin\u00e9en r\u00e9affirme son engagement \u00e0 favoriser un d\u00e9veloppement \u00e9quilibr\u00e9 et inclusif. Faranah, au c\u0153ur de cette dynamique, voit ainsi se concr\u00e9tiser des projets qui changeront durablement le quotidien de ses habitants.<\/p>\n\n\n\n<p><strong>Mamadouba CAMARA<\/strong><\/p>\n","protected":false},"excerpt":{"rendered":"<p>Le mercredi 12 f\u00e9vrier 2025, la ville de Faranah a \u00e9t\u00e9 le th\u00e9\u00e2tre d\u2019une s\u00e9rie d\u2019inaugurations et de visites de haut niveau dans le cadre de l\u2019Immersion Gouvernementale. Sous la conduite du Premier Ministre Amadou Oury BAH, accompagn\u00e9 de la Ministre de l\u2019Information et de la Communication, Rose POLA, cette huiti\u00e8me journ\u00e9e a marqu\u00e9 un [&hellip;]<\/p>\n","protected":false},"author":123458,"featured_media":7733,"comment_status":"open","ping_status":"open","sticky":false,"template":"","format":"standard","meta":{"_acf_changed":false,"footnotes":""},"categories":[11,2,18],"tags":[],"class_list":["post-7730","post","type-post","status-publish","format-standard","has-post-thumbnail","hentry","category-actualite","category-politique","category-region"],"acf":[],"_links":{"self":[{"href":"https:\/\/lereveil224.info\/index.php\/wp-json\/wp\/v2\/posts\/7730","targetHints":{"allow":["GET"]}}],"collection":[{"href":"https:\/\/lereveil224.info\/index.php\/wp-json\/wp\/v2\/posts"}],"about":[{"href":"https:\/\/lereveil224.info\/index.php\/wp-json\/wp\/v2\/types\/post"}],"author":[{"embeddable":true,"href":"https:\/\/lereveil224.info\/index.php\/wp-json\/wp\/v2\/users\/123458"}],"replies":[{"embeddable":true,"href":"https:\/\/lereveil224.info\/index.php\/wp-json\/wp\/v2\/comments?post=7730"}],"version-history":[{"count":1,"href":"https:\/\/lereveil224.info\/index.php\/wp-json\/wp\/v2\/posts\/7730\/revisions"}],"predecessor-version":[{"id":7734,"href":"https:\/\/lereveil224.info\/index.php\/wp-json\/wp\/v2\/posts\/7730\/revisions\/7734"}],"wp:featuredmedia":[{"embeddable":true,"href":"https:\/\/lereveil224.info\/index.php\/wp-json\/wp\/v2\/media\/7733"}],"wp:attachment":[{"href":"https:\/\/lereveil224.info\/index.php\/wp-json\/wp\/v2\/media?parent=7730"}],"wp:term":[{"taxonomy":"category","embeddable":true,"href":"https:\/\/lereveil224.info\/index.php\/wp-json\/wp\/v2\/categories?post=7730"},{"taxonomy":"post_tag","embeddable":true,"href":"https:\/\/lereveil224.info\/index.php\/wp-json\/wp\/v2\/tags?post=7730"}],"curies":[{"name":"wp","href":"https:\/\/api.w.org\/{rel}","templated":true}]}}