{"id":7716,"date":"2025-02-13T02:38:58","date_gmt":"2025-02-13T02:38:58","guid":{"rendered":"https:\/\/lereveil224.info\/?p=7716"},"modified":"2025-02-13T02:40:19","modified_gmt":"2025-02-13T02:40:19","slug":"nzerekore-plus-de-700-000-000-partis-en-fumee-dans-un-incendie","status":"publish","type":"post","link":"https:\/\/lereveil224.info\/index.php\/2025\/02\/13\/nzerekore-plus-de-700-000-000-partis-en-fumee-dans-un-incendie\/","title":{"rendered":"Nz\u00e9r\u00e9kor\u00e9 : Plus de 700 000 000 GNF partis en fum\u00e9e dans un incendie"},"content":{"rendered":"\n<p>Deux incendies causant d&rsquo;\u00e9normes d\u00e9g\u00e2ts mat\u00e9riels se sont d\u00e9clar\u00e9s en moins de cinq jours dans la pr\u00e9fecture de Nz\u00e9r\u00e9kor\u00e9, capitale foresti\u00e8re.<\/p>\n\n\n\n<figure class=\"wp-block-image size-full\"><img fetchpriority=\"high\" decoding=\"async\" width=\"1020\" height=\"765\" src=\"https:\/\/lereveil224.info\/wp-content\/uploads\/2025\/02\/IMG-20250213-WA0009.jpg\" alt=\"\" class=\"wp-image-7718\" srcset=\"https:\/\/lereveil224.info\/wp-content\/uploads\/2025\/02\/IMG-20250213-WA0009.jpg 1020w, https:\/\/lereveil224.info\/wp-content\/uploads\/2025\/02\/IMG-20250213-WA0009-300x225.jpg 300w, https:\/\/lereveil224.info\/wp-content\/uploads\/2025\/02\/IMG-20250213-WA0009-768x576.jpg 768w, https:\/\/lereveil224.info\/wp-content\/uploads\/2025\/02\/IMG-20250213-WA0009-86x64.jpg 86w\" sizes=\"(max-width: 1020px) 100vw, 1020px\" \/><\/figure>\n\n\n\n<p>Les autorit\u00e9s pr\u00e9fectorales et communales se sont rendues sur les lieux pour constater les d\u00e9g\u00e2ts et compatir \u00e0 la douleur des sinistr\u00e9s.<\/p>\n\n\n\n<p>Le premier incendie s&rsquo;est produit dans la nuit du dimanche 9 f\u00e9vrier 2025, dans le quartier commercial, sur le domaine de la gendarmerie. Plusieurs menuiseries et leurs contenus sont partis en fum\u00e9e.<\/p>\n\n\n\n<figure class=\"wp-block-image size-full\"><img decoding=\"async\" width=\"1020\" height=\"765\" src=\"https:\/\/lereveil224.info\/wp-content\/uploads\/2025\/02\/IMG-20250213-WA0004.jpg\" alt=\"\" class=\"wp-image-7720\" srcset=\"https:\/\/lereveil224.info\/wp-content\/uploads\/2025\/02\/IMG-20250213-WA0004.jpg 1020w, https:\/\/lereveil224.info\/wp-content\/uploads\/2025\/02\/IMG-20250213-WA0004-300x225.jpg 300w, https:\/\/lereveil224.info\/wp-content\/uploads\/2025\/02\/IMG-20250213-WA0004-768x576.jpg 768w, https:\/\/lereveil224.info\/wp-content\/uploads\/2025\/02\/IMG-20250213-WA0004-86x64.jpg 86w\" sizes=\"(max-width: 1020px) 100vw, 1020px\" \/><\/figure>\n\n\n\n<figure class=\"wp-block-image size-full\"><img decoding=\"async\" width=\"1020\" height=\"765\" src=\"https:\/\/lereveil224.info\/wp-content\/uploads\/2025\/02\/IMG-20250213-WA0004.jpg\" alt=\"\" class=\"wp-image-7720\" srcset=\"https:\/\/lereveil224.info\/wp-content\/uploads\/2025\/02\/IMG-20250213-WA0004.jpg 1020w, https:\/\/lereveil224.info\/wp-content\/uploads\/2025\/02\/IMG-20250213-WA0004-300x225.jpg 300w, https:\/\/lereveil224.info\/wp-content\/uploads\/2025\/02\/IMG-20250213-WA0004-768x576.jpg 768w, https:\/\/lereveil224.info\/wp-content\/uploads\/2025\/02\/IMG-20250213-WA0004-86x64.jpg 86w\" sizes=\"(max-width: 1020px) 100vw, 1020px\" \/><\/figure>\n\n\n\n<p>Mohamed SAMOURA, l&rsquo;une des victimes, t\u00e9moigne : \u00ab Ils m&rsquo;ont appel\u00e9 \u00e0 1 h du matin pour m&rsquo;informer de l&rsquo;incendie dans mon lieu de travail. Je me suis imm\u00e9diatement rendu sur place et j&rsquo;ai constat\u00e9 que le feu avait tout ravag\u00e9. Nous ne pouvions plus rien faire. Nous avons seulement r\u00e9ussi \u00e0 sauver la maison du colonel Camara et celle du colonel Soumaoro, qui nous avaient permis de nous installer ici sans rien payer. Nous avons tout perdu. En plus, nous avions plusieurs commandes de clients ayant d\u00e9j\u00e0 vers\u00e9 des avances, ainsi que du mat\u00e9riel r\u00e9cemment acquis. Nous sommes 14 victimes au total et estimons les pertes \u00e0 plusieurs millions. Nous sollicitons l&rsquo;aide des autorit\u00e9s pour pouvoir reprendre nos activit\u00e9s. \u00bb<\/p>\n\n\n\n<p>Le second incendie s&rsquo;est d\u00e9clar\u00e9 dans la nuit du mardi 10 f\u00e9vrier 2025, dans le m\u00eame quartier commercial, en face de Vista Banque, pr\u00e8s d&rsquo;EcoBanque. Plusieurs ateliers, bars et un r\u00e9frig\u00e9rateur rempli de marchandises ont \u00e9t\u00e9 r\u00e9duits en cendres.<\/p>\n\n\n\n<figure class=\"wp-block-image size-full\"><img decoding=\"async\" width=\"1020\" height=\"765\" src=\"https:\/\/lereveil224.info\/wp-content\/uploads\/2025\/02\/IMG-20250213-WA0002.jpg\" alt=\"\" class=\"wp-image-7721\" srcset=\"https:\/\/lereveil224.info\/wp-content\/uploads\/2025\/02\/IMG-20250213-WA0002.jpg 1020w, https:\/\/lereveil224.info\/wp-content\/uploads\/2025\/02\/IMG-20250213-WA0002-300x225.jpg 300w, https:\/\/lereveil224.info\/wp-content\/uploads\/2025\/02\/IMG-20250213-WA0002-768x576.jpg 768w, https:\/\/lereveil224.info\/wp-content\/uploads\/2025\/02\/IMG-20250213-WA0002-86x64.jpg 86w\" sizes=\"(max-width: 1020px) 100vw, 1020px\" \/><\/figure>\n\n\n\n<figure class=\"wp-block-image size-full\"><img decoding=\"async\" width=\"1020\" height=\"765\" src=\"https:\/\/lereveil224.info\/wp-content\/uploads\/2025\/02\/IMG-20250213-WA0002.jpg\" alt=\"\" class=\"wp-image-7721\" srcset=\"https:\/\/lereveil224.info\/wp-content\/uploads\/2025\/02\/IMG-20250213-WA0002.jpg 1020w, https:\/\/lereveil224.info\/wp-content\/uploads\/2025\/02\/IMG-20250213-WA0002-300x225.jpg 300w, https:\/\/lereveil224.info\/wp-content\/uploads\/2025\/02\/IMG-20250213-WA0002-768x576.jpg 768w, https:\/\/lereveil224.info\/wp-content\/uploads\/2025\/02\/IMG-20250213-WA0002-86x64.jpg 86w\" sizes=\"(max-width: 1020px) 100vw, 1020px\" \/><\/figure>\n\n\n\n<p>Sous le choc, la propri\u00e9taire du r\u00e9frig\u00e9rateur raconte : \u00ab J&rsquo;\u00e9tais \u00e0 la maison quand on m&rsquo;a appel\u00e9e pour m&rsquo;informer qu&rsquo;il y avait le feu. \u00c9tonn\u00e9e, j&rsquo;ai demand\u00e9 comment cela \u00e9tait possible. C&rsquo;est alors qu&rsquo;on m&rsquo;a expliqu\u00e9 qu&rsquo;un enfant d&rsquo;un de nos voisins avait introduit un fourneau allum\u00e9 dans leur bar-caf\u00e9, et c&rsquo;est de l\u00e0 que le feu s&rsquo;est propag\u00e9. Quand nous sommes arriv\u00e9s, il \u00e9tait trop tard. On nous a conseill\u00e9 d&rsquo;appeler les sapeurs-pompiers, mais malheureusement, il n&rsquo;y en avait pas. Finalement, un monsieur est venu avec son camion rempli de paquets d&rsquo;eau et nous a aid\u00e9s \u00e0 \u00e9teindre le feu. Je lance un appel aux autorit\u00e9s et aux personnes de bonne volont\u00e9 pour nous venir en aide, car je ne suis pas la seule victime, nous sommes nombreux. \u00bb plaide Hadja Fanta KEN\u00c8, l&rsquo;une des sinistr\u00e9es.<\/p>\n\n\n\n<figure class=\"wp-block-image size-full\"><img loading=\"lazy\" decoding=\"async\" width=\"1020\" height=\"765\" src=\"https:\/\/lereveil224.info\/wp-content\/uploads\/2025\/02\/IMG-20250213-WA0001.jpg\" alt=\"\" class=\"wp-image-7723\" srcset=\"https:\/\/lereveil224.info\/wp-content\/uploads\/2025\/02\/IMG-20250213-WA0001.jpg 1020w, https:\/\/lereveil224.info\/wp-content\/uploads\/2025\/02\/IMG-20250213-WA0001-300x225.jpg 300w, https:\/\/lereveil224.info\/wp-content\/uploads\/2025\/02\/IMG-20250213-WA0001-768x576.jpg 768w, https:\/\/lereveil224.info\/wp-content\/uploads\/2025\/02\/IMG-20250213-WA0001-86x64.jpg 86w\" sizes=\"(max-width: 1020px) 100vw, 1020px\" \/><\/figure>\n\n\n\n<figure class=\"wp-block-image size-full\"><img loading=\"lazy\" decoding=\"async\" width=\"1020\" height=\"765\" src=\"https:\/\/lereveil224.info\/wp-content\/uploads\/2025\/02\/IMG-20250213-WA0001.jpg\" alt=\"\" class=\"wp-image-7723\" srcset=\"https:\/\/lereveil224.info\/wp-content\/uploads\/2025\/02\/IMG-20250213-WA0001.jpg 1020w, https:\/\/lereveil224.info\/wp-content\/uploads\/2025\/02\/IMG-20250213-WA0001-300x225.jpg 300w, https:\/\/lereveil224.info\/wp-content\/uploads\/2025\/02\/IMG-20250213-WA0001-768x576.jpg 768w, https:\/\/lereveil224.info\/wp-content\/uploads\/2025\/02\/IMG-20250213-WA0001-86x64.jpg 86w\" sizes=\"(max-width: 1020px) 100vw, 1020px\" \/><\/figure>\n\n\n\n<p>Mory SACKO, fils du propri\u00e9taire du r\u00e9frig\u00e9rateur, d\u00e9plore les \u00e9normes pertes :<br>\u00ab Nous avons perdu plus de 800 000 000 GNF. Le r\u00e9frig\u00e9rateur \u00e0 lui seul co\u00fbtait plus de 700 000 000 GNF, sans compter les poissons qui s&rsquo;y trouvaient. Un stock venait \u00e0 peine d&rsquo;arriver, et le frigo pouvait contenir 100 tonnes de poisson. Le prix du carton variait entre 350 000 et 500 000 GNF selon la quantit\u00e9 du poisson. Nous n&rsquo;avons pas pu r\u00e9cup\u00e9rer grand-chose, et m\u00eame ce que nous avons sauv\u00e9 risque de se g\u00e2ter, car nous n&rsquo;avons pas d&rsquo;endroit pour le conserver. Je d\u00e9plore qu&rsquo;il n&rsquo;y ait aucun camion de sapeurs-pompiers dans toute la ville. \u00bb<\/p>\n\n\n\n<figure class=\"wp-block-image size-full\"><img loading=\"lazy\" decoding=\"async\" width=\"1020\" height=\"765\" src=\"https:\/\/lereveil224.info\/wp-content\/uploads\/2025\/02\/IMG-20250213-WA0000.jpg\" alt=\"\" class=\"wp-image-7724\" srcset=\"https:\/\/lereveil224.info\/wp-content\/uploads\/2025\/02\/IMG-20250213-WA0000.jpg 1020w, https:\/\/lereveil224.info\/wp-content\/uploads\/2025\/02\/IMG-20250213-WA0000-300x225.jpg 300w, https:\/\/lereveil224.info\/wp-content\/uploads\/2025\/02\/IMG-20250213-WA0000-768x576.jpg 768w, https:\/\/lereveil224.info\/wp-content\/uploads\/2025\/02\/IMG-20250213-WA0000-86x64.jpg 86w\" sizes=\"(max-width: 1020px) 100vw, 1020px\" \/><\/figure>\n\n\n\n<figure class=\"wp-block-image size-full\"><img loading=\"lazy\" decoding=\"async\" width=\"1020\" height=\"765\" src=\"https:\/\/lereveil224.info\/wp-content\/uploads\/2025\/02\/IMG-20250213-WA0000.jpg\" alt=\"\" class=\"wp-image-7724\" srcset=\"https:\/\/lereveil224.info\/wp-content\/uploads\/2025\/02\/IMG-20250213-WA0000.jpg 1020w, https:\/\/lereveil224.info\/wp-content\/uploads\/2025\/02\/IMG-20250213-WA0000-300x225.jpg 300w, https:\/\/lereveil224.info\/wp-content\/uploads\/2025\/02\/IMG-20250213-WA0000-768x576.jpg 768w, https:\/\/lereveil224.info\/wp-content\/uploads\/2025\/02\/IMG-20250213-WA0000-86x64.jpg 86w\" sizes=\"(max-width: 1020px) 100vw, 1020px\" \/><\/figure>\n\n\n\n<p>Venu constater les d\u00e9g\u00e2ts et exprimer sa solidarit\u00e9 envers les victimes, le pr\u00e9fet a sensibilis\u00e9 la population sur l&rsquo;utilisation du feu et a attir\u00e9 l&rsquo;attention des autorit\u00e9s sur le manque criant de camions anti-incendie. \u00ab Depuis 2021, Monsieur le Pr\u00e9sident de la R\u00e9publique a pris ses responsabilit\u00e9s, et les choses \u00e9voluent dans la pr\u00e9fecture de Nz\u00e9r\u00e9kor\u00e9. Nous avons l&rsquo;\u00e9lectricit\u00e9 24h\/24. Mais ce qui est regrettable, c&rsquo;est que lorsqu&rsquo;un incendie se d\u00e9clare, la protection civile n&rsquo;a pas les moyens d&rsquo;intervenir. En moins de cinq jours, nous avons subi deux incendies. Heureusement, il n&rsquo;y a pas eu de pertes en vies humaines, mais les d\u00e9g\u00e2ts mat\u00e9riels sont consid\u00e9rables. Nous demandons aux autorit\u00e9s de nous doter d&rsquo;un camion anti-incendie pour permettre \u00e0 la protection civile d&rsquo;intervenir efficacement. Aujourd\u2019hui, d\u00e8s qu\u2019un incendie se d\u00e9clare, c\u2019est la population qui tente de ma\u00eetriser la situation avec les moyens du bord. Nous n\u2019avons pas d\u2019autre choix. Je sais que les autorit\u00e9s font des efforts, mais il faut attirer leur attention sur cette situation pr\u00e9occupante. Quant \u00e0 la population, nous ne pouvons que la sensibiliser \u00e0 \u00eatre plus prudente avec le feu. Une fois qu\u2019il se propage, il devient incontr\u00f4lable. Ce qui s&rsquo;est pass\u00e9 est vraiment regrettable pour nous, en tant qu\u2019autorit\u00e9s. \u00bb d\u00e9plore le pr\u00e9fet.<\/p>\n\n\n\n<p>Cette visite s&rsquo;est d\u00e9roul\u00e9e en pr\u00e9sence des autorit\u00e9s pr\u00e9fectorales, communales et de nombreux citoyens de la pr\u00e9fecture.<\/p>\n\n\n\n<p><strong>Thierno Amadou DIALLO<\/strong><\/p>\n","protected":false},"excerpt":{"rendered":"<p>Deux incendies causant d&rsquo;\u00e9normes d\u00e9g\u00e2ts mat\u00e9riels se sont d\u00e9clar\u00e9s en moins de cinq jours dans la pr\u00e9fecture de Nz\u00e9r\u00e9kor\u00e9, capitale foresti\u00e8re. Les autorit\u00e9s pr\u00e9fectorales et communales se sont rendues sur les lieux pour constater les d\u00e9g\u00e2ts et compatir \u00e0 la douleur des sinistr\u00e9s. Le premier incendie s&rsquo;est produit dans la nuit du dimanche 9 f\u00e9vrier [&hellip;]<\/p>\n","protected":false},"author":123458,"featured_media":7719,"comment_status":"open","ping_status":"open","sticky":false,"template":"","format":"standard","meta":{"_acf_changed":false,"footnotes":""},"categories":[11,55,18],"tags":[],"class_list":["post-7716","post","type-post","status-publish","format-standard","has-post-thumbnail","hentry","category-actualite","category-finance","category-region"],"acf":[],"_links":{"self":[{"href":"https:\/\/lereveil224.info\/index.php\/wp-json\/wp\/v2\/posts\/7716","targetHints":{"allow":["GET"]}}],"collection":[{"href":"https:\/\/lereveil224.info\/index.php\/wp-json\/wp\/v2\/posts"}],"about":[{"href":"https:\/\/lereveil224.info\/index.php\/wp-json\/wp\/v2\/types\/post"}],"author":[{"embeddable":true,"href":"https:\/\/lereveil224.info\/index.php\/wp-json\/wp\/v2\/users\/123458"}],"replies":[{"embeddable":true,"href":"https:\/\/lereveil224.info\/index.php\/wp-json\/wp\/v2\/comments?post=7716"}],"version-history":[{"count":2,"href":"https:\/\/lereveil224.info\/index.php\/wp-json\/wp\/v2\/posts\/7716\/revisions"}],"predecessor-version":[{"id":7726,"href":"https:\/\/lereveil224.info\/index.php\/wp-json\/wp\/v2\/posts\/7716\/revisions\/7726"}],"wp:featuredmedia":[{"embeddable":true,"href":"https:\/\/lereveil224.info\/index.php\/wp-json\/wp\/v2\/media\/7719"}],"wp:attachment":[{"href":"https:\/\/lereveil224.info\/index.php\/wp-json\/wp\/v2\/media?parent=7716"}],"wp:term":[{"taxonomy":"category","embeddable":true,"href":"https:\/\/lereveil224.info\/index.php\/wp-json\/wp\/v2\/categories?post=7716"},{"taxonomy":"post_tag","embeddable":true,"href":"https:\/\/lereveil224.info\/index.php\/wp-json\/wp\/v2\/tags?post=7716"}],"curies":[{"name":"wp","href":"https:\/\/api.w.org\/{rel}","templated":true}]}}