{"id":7712,"date":"2025-02-12T12:38:08","date_gmt":"2025-02-12T12:38:08","guid":{"rendered":"https:\/\/lereveil224.info\/?p=7712"},"modified":"2025-02-12T12:38:09","modified_gmt":"2025-02-12T12:38:09","slug":"incendie-devastateur-a-dabondy-des-menuisiers-ruines-appel-a-laide","status":"publish","type":"post","link":"https:\/\/lereveil224.info\/index.php\/2025\/02\/12\/incendie-devastateur-a-dabondy-des-menuisiers-ruines-appel-a-laide\/","title":{"rendered":"Incendie D\u00e9vastateur \u00e0 Dabondy : Des Menuisiers Ruin\u00e9s, Appel \u00e0 l\u2019Aide"},"content":{"rendered":"\n<p>Un violent incendie s\u2019est d\u00e9clar\u00e9 ce mercredi 12 f\u00e9vrier 2025 au quartier de Dabondy, dans la commune de Matam, ravageant plusieurs ateliers de menuiserie situ\u00e9s \u00e0 proximit\u00e9 d\u2019entrep\u00f4ts de bois.<\/p>\n\n\n\n<p>Les flammes, qui ont pris naissance tr\u00e8s t\u00f4t dans la matin\u00e9e, ont caus\u00e9 d\u2019importants d\u00e9g\u00e2ts mat\u00e9riels. Malgr\u00e9 l\u2019intervention rapide des sapeurs-pompiers, le feu a r\u00e9duit en cendres le fruit du travail de nombreux artisans. \u00c0 l\u2019heure actuelle, l\u2019origine du sinistre reste inconnue.<\/p>\n\n\n\n<p>Sur place, la d\u00e9solation est totale. Un menuisier, visiblement abattu, confie avoir tout perdu. Il estime ses pertes \u00e0 plus de 30 millions de francs guin\u00e9ens. Comme lui, plusieurs autres victimes se retrouvent dans une situation critique et lancent un appel pressant aux autorit\u00e9s et aux personnes de bonne volont\u00e9 pour obtenir une aide afin de se relever de cette catastrophe.<\/p>\n\n\n\n<p>Face \u00e0 ce drame, la question des mesures de s\u00e9curit\u00e9 dans ces zones \u00e0 haut risque revient avec insistance. Pour l\u2019instant, les sinistr\u00e9s tentent de s\u2019organiser tant bien que mal, esp\u00e9rant une solidarit\u00e9 rapide pour surmonter cette \u00e9preuve.<\/p>\n\n\n\n<p><strong>Mamadouba CAMARA<\/strong><\/p>\n","protected":false},"excerpt":{"rendered":"<p>Un violent incendie s\u2019est d\u00e9clar\u00e9 ce mercredi 12 f\u00e9vrier 2025 au quartier de Dabondy, dans la commune de Matam, ravageant plusieurs ateliers de menuiserie situ\u00e9s \u00e0 proximit\u00e9 d\u2019entrep\u00f4ts de bois. Les flammes, qui ont pris naissance tr\u00e8s t\u00f4t dans la matin\u00e9e, ont caus\u00e9 d\u2019importants d\u00e9g\u00e2ts mat\u00e9riels. Malgr\u00e9 l\u2019intervention rapide des sapeurs-pompiers, le feu a r\u00e9duit [&hellip;]<\/p>\n","protected":false},"author":123458,"featured_media":7713,"comment_status":"open","ping_status":"open","sticky":false,"template":"","format":"standard","meta":{"_acf_changed":false,"footnotes":""},"categories":[11],"tags":[],"class_list":["post-7712","post","type-post","status-publish","format-standard","has-post-thumbnail","hentry","category-actualite"],"acf":[],"_links":{"self":[{"href":"https:\/\/lereveil224.info\/index.php\/wp-json\/wp\/v2\/posts\/7712","targetHints":{"allow":["GET"]}}],"collection":[{"href":"https:\/\/lereveil224.info\/index.php\/wp-json\/wp\/v2\/posts"}],"about":[{"href":"https:\/\/lereveil224.info\/index.php\/wp-json\/wp\/v2\/types\/post"}],"author":[{"embeddable":true,"href":"https:\/\/lereveil224.info\/index.php\/wp-json\/wp\/v2\/users\/123458"}],"replies":[{"embeddable":true,"href":"https:\/\/lereveil224.info\/index.php\/wp-json\/wp\/v2\/comments?post=7712"}],"version-history":[{"count":1,"href":"https:\/\/lereveil224.info\/index.php\/wp-json\/wp\/v2\/posts\/7712\/revisions"}],"predecessor-version":[{"id":7714,"href":"https:\/\/lereveil224.info\/index.php\/wp-json\/wp\/v2\/posts\/7712\/revisions\/7714"}],"wp:featuredmedia":[{"embeddable":true,"href":"https:\/\/lereveil224.info\/index.php\/wp-json\/wp\/v2\/media\/7713"}],"wp:attachment":[{"href":"https:\/\/lereveil224.info\/index.php\/wp-json\/wp\/v2\/media?parent=7712"}],"wp:term":[{"taxonomy":"category","embeddable":true,"href":"https:\/\/lereveil224.info\/index.php\/wp-json\/wp\/v2\/categories?post=7712"},{"taxonomy":"post_tag","embeddable":true,"href":"https:\/\/lereveil224.info\/index.php\/wp-json\/wp\/v2\/tags?post=7712"}],"curies":[{"name":"wp","href":"https:\/\/api.w.org\/{rel}","templated":true}]}}