{"id":7707,"date":"2025-02-12T01:15:35","date_gmt":"2025-02-12T01:15:35","guid":{"rendered":"https:\/\/lereveil224.info\/?p=7707"},"modified":"2025-02-13T02:49:25","modified_gmt":"2025-02-13T02:49:25","slug":"ia-et-avenir-du-travail-vers-une-revolution-equilibree","status":"publish","type":"post","link":"https:\/\/lereveil224.info\/index.php\/2025\/02\/12\/ia-et-avenir-du-travail-vers-une-revolution-equilibree\/","title":{"rendered":"IA et avenir du travail : vers une r\u00e9volution \u00e9quilibr\u00e9e ?"},"content":{"rendered":"\n<p>Le sommet sur l\u2019intelligence artificielle s\u2019est achev\u00e9 \u00e0 Paris le mardi 11 f\u00e9vrier, mettant en lumi\u00e8re les d\u00e9fis et opportunit\u00e9s li\u00e9s \u00e0 l\u2019essor de cette technologie. Emmanuel Macron a insist\u00e9 sur un enjeu cl\u00e9 : concilier l\u2019augmentation de la productivit\u00e9 avec la pr\u00e9servation de l\u2019emploi et du bien-\u00eatre au travail.<\/p>\n\n\n\n<p>Loin d\u2019\u00eatre une simple question d\u2019innovation, l\u2019intelligence artificielle redessine les contours du march\u00e9 du travail et de la comp\u00e9titivit\u00e9 des entreprises. Entre gain d\u2019efficacit\u00e9 et crainte d\u2019une automatisation massive, la r\u00e9flexion s\u2019oriente vers des politiques publiques capables d\u2019accompagner cette transformation sans creuser les in\u00e9galit\u00e9s.<\/p>\n\n\n\n<p>Dans ce contexte, des experts comme Vincent Dutot, enseignant-chercheur en syst\u00e8mes informatiques \u00e0 l\u2019EM Normandie, jouent un r\u00f4le crucial dans l\u2019analyse des impacts de l\u2019IA sur les comp\u00e9tences de demain. R\u00e9cemment reconnu parmi le top 2% des meilleurs chercheurs mondiaux par l\u2019universit\u00e9 de Stanford, il apporte un regard \u00e9clair\u00e9 sur l\u2019\u00e9volution des m\u00e9tiers et la n\u00e9cessit\u00e9 d\u2019une formation continue adapt\u00e9e aux nouveaux besoins.<\/p>\n\n\n\n<p>L\u2019ambition est claire : faire de l\u2019IA un levier de croissance inclusive, o\u00f9 technologie et emploi ne s\u2019opposent pas, mais avancent ensemble vers un futur plus \u00e9quilibr\u00e9.<\/p>\n\n\n\n<p><strong>Mamadouba CAMARA<\/strong><\/p>\n","protected":false},"excerpt":{"rendered":"<p>Le sommet sur l\u2019intelligence artificielle s\u2019est achev\u00e9 \u00e0 Paris le mardi 11 f\u00e9vrier, mettant en lumi\u00e8re les d\u00e9fis et opportunit\u00e9s li\u00e9s \u00e0 l\u2019essor de cette technologie. Emmanuel Macron a insist\u00e9 sur un enjeu cl\u00e9 : concilier l\u2019augmentation de la productivit\u00e9 avec la pr\u00e9servation de l\u2019emploi et du bien-\u00eatre au travail. Loin d\u2019\u00eatre une simple question [&hellip;]<\/p>\n","protected":false},"author":123458,"featured_media":7442,"comment_status":"open","ping_status":"open","sticky":false,"template":"","format":"standard","meta":{"_acf_changed":false,"footnotes":""},"categories":[11,56],"tags":[],"class_list":["post-7707","post","type-post","status-publish","format-standard","has-post-thumbnail","hentry","category-actualite","category-technologie"],"acf":[],"_links":{"self":[{"href":"https:\/\/lereveil224.info\/index.php\/wp-json\/wp\/v2\/posts\/7707","targetHints":{"allow":["GET"]}}],"collection":[{"href":"https:\/\/lereveil224.info\/index.php\/wp-json\/wp\/v2\/posts"}],"about":[{"href":"https:\/\/lereveil224.info\/index.php\/wp-json\/wp\/v2\/types\/post"}],"author":[{"embeddable":true,"href":"https:\/\/lereveil224.info\/index.php\/wp-json\/wp\/v2\/users\/123458"}],"replies":[{"embeddable":true,"href":"https:\/\/lereveil224.info\/index.php\/wp-json\/wp\/v2\/comments?post=7707"}],"version-history":[{"count":1,"href":"https:\/\/lereveil224.info\/index.php\/wp-json\/wp\/v2\/posts\/7707\/revisions"}],"predecessor-version":[{"id":7708,"href":"https:\/\/lereveil224.info\/index.php\/wp-json\/wp\/v2\/posts\/7707\/revisions\/7708"}],"wp:featuredmedia":[{"embeddable":true,"href":"https:\/\/lereveil224.info\/index.php\/wp-json\/wp\/v2\/media\/7442"}],"wp:attachment":[{"href":"https:\/\/lereveil224.info\/index.php\/wp-json\/wp\/v2\/media?parent=7707"}],"wp:term":[{"taxonomy":"category","embeddable":true,"href":"https:\/\/lereveil224.info\/index.php\/wp-json\/wp\/v2\/categories?post=7707"},{"taxonomy":"post_tag","embeddable":true,"href":"https:\/\/lereveil224.info\/index.php\/wp-json\/wp\/v2\/tags?post=7707"}],"curies":[{"name":"wp","href":"https:\/\/api.w.org\/{rel}","templated":true}]}}