{"id":7695,"date":"2025-02-09T07:36:43","date_gmt":"2025-02-09T07:36:43","guid":{"rendered":"https:\/\/lereveil224.info\/?p=7695"},"modified":"2025-02-09T07:36:44","modified_gmt":"2025-02-09T07:36:44","slug":"universite-de-nzerekore-lancement-officiel-de-lespace-numerique-de-travail","status":"publish","type":"post","link":"https:\/\/lereveil224.info\/index.php\/2025\/02\/09\/universite-de-nzerekore-lancement-officiel-de-lespace-numerique-de-travail\/","title":{"rendered":"Universit\u00e9 de N&rsquo;Z\u00e9r\u00e9kor\u00e9 : Lancement Officiel de l&rsquo;Espace Num\u00e9rique de Travail"},"content":{"rendered":"\n<p>Ce samedi 8 f\u00e9vrier 2025, l\u2019amphith\u00e9\u00e2tre Dr Oumar KEITA de l\u2019Universit\u00e9 de N\u2019Z\u00e9r\u00e9kor\u00e9 a servi de cadres \u00e0 la c\u00e9r\u00e9monie de lancement de l\u2019Espace Num\u00e9rique de Travail (ENT), sous la pr\u00e9sidence du Ministre de l\u2019Enseignement Sup\u00e9rieur, de la Recherche Scientifique et de l\u2019Innovation.<\/p>\n\n\n\n<p>En effet, c\u2019est dans une d\u00e9marche r\u00e9solue vers la transformation num\u00e9rique de l\u2019enseignement sup\u00e9rieur que Monsieur Alpha Bacar BARRY, Ministre de l\u2019Enseignement Sup\u00e9rieur, de la Recherche Scientifique et de l\u2019Innovation, a proc\u00e9d\u00e9 au lancement officiel de l\u2019Espace Num\u00e9rique de Travail. Cette initiative s\u2019inscrit dans une vision strat\u00e9gique du gouvernement visant \u00e0 moderniser la connectivit\u00e9 des \u00e9tablissements d\u2019enseignement sup\u00e9rieur et \u00e0 renforcer l\u2019acc\u00e8s \u00e0 un enseignement de qualit\u00e9.<\/p>\n\n\n\n<figure class=\"wp-block-image size-large\"><img fetchpriority=\"high\" decoding=\"async\" width=\"1024\" height=\"766\" src=\"https:\/\/lereveil224.info\/wp-content\/uploads\/2025\/02\/IMG-20250209-WA0001-1024x766.jpg\" alt=\"\" class=\"wp-image-7702\" srcset=\"https:\/\/lereveil224.info\/wp-content\/uploads\/2025\/02\/IMG-20250209-WA0001-1024x766.jpg 1024w, https:\/\/lereveil224.info\/wp-content\/uploads\/2025\/02\/IMG-20250209-WA0001-300x224.jpg 300w, https:\/\/lereveil224.info\/wp-content\/uploads\/2025\/02\/IMG-20250209-WA0001-768x575.jpg 768w, https:\/\/lereveil224.info\/wp-content\/uploads\/2025\/02\/IMG-20250209-WA0001-86x64.jpg 86w, https:\/\/lereveil224.info\/wp-content\/uploads\/2025\/02\/IMG-20250209-WA0001.jpg 1080w\" sizes=\"(max-width: 1024px) 100vw, 1024px\" \/><\/figure>\n\n\n\n<p>Une pr\u00e9sentation de l\u2019ENT a \u00e9t\u00e9 faite par Monsieur Nouhan KEITA, point focal de l\u2019ENT et vice-doyen charg\u00e9 des \u00e9tudes \u00e0 la Facult\u00e9 des Sciences de l\u2019Environnement de l\u2019Universit\u00e9 de N\u2019Z\u00e9r\u00e9kor\u00e9, dans laquelle il a expliqu\u00e9 tous les contours et les diff\u00e9rentes interactions possibles, avec des exemples \u00e0 l\u2019appui.<\/p>\n\n\n\n<figure class=\"wp-block-image size-large\"><img decoding=\"async\" width=\"1024\" height=\"723\" src=\"https:\/\/lereveil224.info\/wp-content\/uploads\/2025\/02\/IMG-20250209-WA0002-1024x723.jpg\" alt=\"\" class=\"wp-image-7699\" srcset=\"https:\/\/lereveil224.info\/wp-content\/uploads\/2025\/02\/IMG-20250209-WA0002-1024x723.jpg 1024w, https:\/\/lereveil224.info\/wp-content\/uploads\/2025\/02\/IMG-20250209-WA0002-300x212.jpg 300w, https:\/\/lereveil224.info\/wp-content\/uploads\/2025\/02\/IMG-20250209-WA0002-768x543.jpg 768w, https:\/\/lereveil224.info\/wp-content\/uploads\/2025\/02\/IMG-20250209-WA0002.jpg 1080w\" sizes=\"(max-width: 1024px) 100vw, 1024px\" \/><\/figure>\n\n\n\n<figure class=\"wp-block-image size-large\"><img decoding=\"async\" width=\"1024\" height=\"723\" src=\"https:\/\/lereveil224.info\/wp-content\/uploads\/2025\/02\/IMG-20250209-WA0002-1024x723.jpg\" alt=\"\" class=\"wp-image-7699\" srcset=\"https:\/\/lereveil224.info\/wp-content\/uploads\/2025\/02\/IMG-20250209-WA0002-1024x723.jpg 1024w, https:\/\/lereveil224.info\/wp-content\/uploads\/2025\/02\/IMG-20250209-WA0002-300x212.jpg 300w, https:\/\/lereveil224.info\/wp-content\/uploads\/2025\/02\/IMG-20250209-WA0002-768x543.jpg 768w, https:\/\/lereveil224.info\/wp-content\/uploads\/2025\/02\/IMG-20250209-WA0002.jpg 1080w\" sizes=\"(max-width: 1024px) 100vw, 1024px\" \/><\/figure>\n\n\n\n<p>Par ailleurs, le ministre Alpha Bacar BARRY s\u2019est exprim\u00e9 en ces termes : \u00ab Le d\u00e9ploiement de l\u2019ENT \u00e0 l\u2019Universit\u00e9 de N\u2019Z\u00e9r\u00e9kor\u00e9 repr\u00e9sente une \u00e9tape cl\u00e9 dans le processus de digitalisation des universit\u00e9s guin\u00e9ennes. Cette plateforme num\u00e9rique permet aux \u00e9tudiants et enseignants de b\u00e9n\u00e9ficier d\u2019un acc\u00e8s simplifi\u00e9 et s\u00e9curis\u00e9 aux ressources p\u00e9dagogiques, aux outils de travail collaboratif et aux services administratifs en ligne. Gr\u00e2ce \u00e0 cet espace, les \u00e9tudiants pourront consulter leurs cours, \u00e9changer avec leurs enseignants, soumettre leurs devoirs et acc\u00e9der \u00e0 divers services acad\u00e9miques sans contraintes physiques. \u00bb<\/p>\n\n\n\n<p>Poursuivant, il pr\u00e9cise : \u00ab Pour les enseignants, l\u2019ENT offre une meilleure gestion des contenus p\u00e9dagogiques et une interaction accrue avec leurs \u00e9tudiants, favorisant ainsi une approche p\u00e9dagogique plus efficace \u00bb, dira Alpha Bacar BARRY.<\/p>\n\n\n\n<figure class=\"wp-block-image size-full\"><img decoding=\"async\" width=\"1020\" height=\"471\" src=\"https:\/\/lereveil224.info\/wp-content\/uploads\/2025\/02\/IMG-20250209-WA0003.jpg\" alt=\"\" class=\"wp-image-7698\" srcset=\"https:\/\/lereveil224.info\/wp-content\/uploads\/2025\/02\/IMG-20250209-WA0003.jpg 1020w, https:\/\/lereveil224.info\/wp-content\/uploads\/2025\/02\/IMG-20250209-WA0003-300x139.jpg 300w, https:\/\/lereveil224.info\/wp-content\/uploads\/2025\/02\/IMG-20250209-WA0003-768x355.jpg 768w\" sizes=\"(max-width: 1020px) 100vw, 1020px\" \/><\/figure>\n\n\n\n<figure class=\"wp-block-image size-full\"><img decoding=\"async\" width=\"1020\" height=\"471\" src=\"https:\/\/lereveil224.info\/wp-content\/uploads\/2025\/02\/IMG-20250209-WA0003.jpg\" alt=\"\" class=\"wp-image-7698\" srcset=\"https:\/\/lereveil224.info\/wp-content\/uploads\/2025\/02\/IMG-20250209-WA0003.jpg 1020w, https:\/\/lereveil224.info\/wp-content\/uploads\/2025\/02\/IMG-20250209-WA0003-300x139.jpg 300w, https:\/\/lereveil224.info\/wp-content\/uploads\/2025\/02\/IMG-20250209-WA0003-768x355.jpg 768w\" sizes=\"(max-width: 1020px) 100vw, 1020px\" \/><\/figure>\n\n\n\n<p>Pour sa part, Dr Oumar KEITA, recteur de l\u2019universit\u00e9, se dit tr\u00e8s satisfait du lancement officiel de l\u2019ENT : \u00ab &#8230; car cela va forc\u00e9ment r\u00e9volutionner les pratiques p\u00e9dagogiques mais permettra aussi aux \u00e9tudiants d\u2019avoir plus de facilit\u00e9 non seulement pour l\u2019acc\u00e8s \u00e0 des cours de qualit\u00e9, mais aussi aux pi\u00e8ces acad\u00e9miques. Tout cela gr\u00e2ce \u00e0 la vision \u00e9clair\u00e9e du Pr\u00e9sident de la R\u00e9publique, le G\u00e9n\u00e9ral Mamadi DOUMBOUYA. \u00bb<\/p>\n\n\n\n<p>\u00c0 noter que l\u2019inauguration du logement du recteur au quartier Ossud, la visite des chantiers de l\u2019Universit\u00e9 de N\u2019Z\u00e9r\u00e9kor\u00e9 \u00e0 Gborola, secteur 8, du CIRIT au quartier Boma \u2013 tous situ\u00e9s dans la commune urbaine \u2013 ainsi que la rencontre avec le personnel administratif et les \u00e9tudiants de l\u2019ISFAD ont \u00e9t\u00e9 les faits marquants de cette journ\u00e9e.<\/p>\n\n\n\n<p><strong>Thierno Amadou DIALLO<\/strong><\/p>\n","protected":false},"excerpt":{"rendered":"<p>Ce samedi 8 f\u00e9vrier 2025, l\u2019amphith\u00e9\u00e2tre Dr Oumar KEITA de l\u2019Universit\u00e9 de N\u2019Z\u00e9r\u00e9kor\u00e9 a servi de cadres \u00e0 la c\u00e9r\u00e9monie de lancement de l\u2019Espace Num\u00e9rique de Travail (ENT), sous la pr\u00e9sidence du Ministre de l\u2019Enseignement Sup\u00e9rieur, de la Recherche Scientifique et de l\u2019Innovation. En effet, c\u2019est dans une d\u00e9marche r\u00e9solue vers la transformation num\u00e9rique de [&hellip;]<\/p>\n","protected":false},"author":123458,"featured_media":7700,"comment_status":"open","ping_status":"open","sticky":false,"template":"","format":"standard","meta":{"_acf_changed":false,"footnotes":""},"categories":[11,4],"tags":[],"class_list":["post-7695","post","type-post","status-publish","format-standard","has-post-thumbnail","hentry","category-actualite","category-education"],"acf":[],"_links":{"self":[{"href":"https:\/\/lereveil224.info\/index.php\/wp-json\/wp\/v2\/posts\/7695","targetHints":{"allow":["GET"]}}],"collection":[{"href":"https:\/\/lereveil224.info\/index.php\/wp-json\/wp\/v2\/posts"}],"about":[{"href":"https:\/\/lereveil224.info\/index.php\/wp-json\/wp\/v2\/types\/post"}],"author":[{"embeddable":true,"href":"https:\/\/lereveil224.info\/index.php\/wp-json\/wp\/v2\/users\/123458"}],"replies":[{"embeddable":true,"href":"https:\/\/lereveil224.info\/index.php\/wp-json\/wp\/v2\/comments?post=7695"}],"version-history":[{"count":2,"href":"https:\/\/lereveil224.info\/index.php\/wp-json\/wp\/v2\/posts\/7695\/revisions"}],"predecessor-version":[{"id":7703,"href":"https:\/\/lereveil224.info\/index.php\/wp-json\/wp\/v2\/posts\/7695\/revisions\/7703"}],"wp:featuredmedia":[{"embeddable":true,"href":"https:\/\/lereveil224.info\/index.php\/wp-json\/wp\/v2\/media\/7700"}],"wp:attachment":[{"href":"https:\/\/lereveil224.info\/index.php\/wp-json\/wp\/v2\/media?parent=7695"}],"wp:term":[{"taxonomy":"category","embeddable":true,"href":"https:\/\/lereveil224.info\/index.php\/wp-json\/wp\/v2\/categories?post=7695"},{"taxonomy":"post_tag","embeddable":true,"href":"https:\/\/lereveil224.info\/index.php\/wp-json\/wp\/v2\/tags?post=7695"}],"curies":[{"name":"wp","href":"https:\/\/api.w.org\/{rel}","templated":true}]}}