{"id":7685,"date":"2025-02-08T22:43:01","date_gmt":"2025-02-08T22:43:01","guid":{"rendered":"https:\/\/lereveil224.info\/?p=7685"},"modified":"2025-02-08T22:43:02","modified_gmt":"2025-02-08T22:43:02","slug":"2025-est-une-annee-de-changement-les-propos-du-premier-ministre-bah-oury","status":"publish","type":"post","link":"https:\/\/lereveil224.info\/index.php\/2025\/02\/08\/2025-est-une-annee-de-changement-les-propos-du-premier-ministre-bah-oury\/","title":{"rendered":"2025 est une ann\u00e9e de changement : les propos du Premier ministre BAH Oury"},"content":{"rendered":"\n<p>Le Premier ministre, chef du gouvernement, Amadou Oury BAH, a pris part \u00e0 la c\u00e9r\u00e9monie de remise officielle des cl\u00e9s du Hub num\u00e9rique ce samedi 8 f\u00e9vrier 2025 dans la grande salle de la maison des jeunes.<\/p>\n\n\n\n<p>\u00c0 sa prise de parole, il pr\u00e9vient que l&rsquo;ann\u00e9e 2025 est une ann\u00e9e de changement qui ne se limite pas au retour \u00e0 l&rsquo;ordre constitutionnel.<\/p>\n\n\n\n<p><strong>\u00ab L&rsquo;ann\u00e9e 2025, c&rsquo;est un changement extr\u00eamement important. Ce n&rsquo;est pas simplement pour le changement ou le retour \u00e0 l&rsquo;ordre constitutionnel. Ce sont toutes ces choses qui se mettent en place, qui vont changer m\u00eame la fa\u00e7on de travailler de l&rsquo;administration, la fa\u00e7on dont les m\u00e9tiers vont \u00e9merger. \u00bb<\/strong><\/p>\n\n\n\n<p>En parlant des langues nationales, Amadou Oury BAH annonce que, dans les semaines \u00e0 venir, une cellule linguistique sera mise en place \u00e0 c\u00f4t\u00e9 de la cellule de communication.<\/p>\n\n\n\n<p><strong>\u00ab \u00c0 la Primature, nous travaillons \u00e0 innover. Dans les semaines \u00e0 venir, il y aura une cellule linguistique \u00e0 c\u00f4t\u00e9 de la cellule de communication, qui va utiliser l&rsquo;\u00e9criture N\u2019Ko pour le malink\u00e9 et la version latine pour le poular. Sur la page internet du service de communication de la Primature, une section sera d\u00e9di\u00e9e uniquement aux langues nationales pour nous permettre d&rsquo;\u00eatre en relation directe avec la population. \u00bb<\/strong><\/p>\n\n\n\n<p>Pour terminer son allocution, le Premier ministre invite les jeunes de 0 \u00e0 77 ans \u00e0 se mettre \u00e0 l&rsquo;\u00e9cole de la modernit\u00e9.<\/p>\n\n\n\n<p><strong>\u00ab Les jeunes de 0 \u00e0 77 ans, mettons-nous \u00e0 l&rsquo;\u00e9cole de la modernit\u00e9 pour \u00eatre \u00e0 la page et ne pas \u00eatre d\u00e9croch\u00e9s. Et ce qui est en train d\u2019\u00eatre ouvert, c\u2019est pour permettre \u00e0 tout le monde d&rsquo;acc\u00e9der \u00e0 ce vaste monde qui est en train de changer. La Guin\u00e9e va dans cette direction. \u00bb<\/strong><\/p>\n\n\n\n<p><strong>Thierno Amadou DIALLO <\/strong><\/p>\n","protected":false},"excerpt":{"rendered":"<p>Le Premier ministre, chef du gouvernement, Amadou Oury BAH, a pris part \u00e0 la c\u00e9r\u00e9monie de remise officielle des cl\u00e9s du Hub num\u00e9rique ce samedi 8 f\u00e9vrier 2025 dans la grande salle de la maison des jeunes. \u00c0 sa prise de parole, il pr\u00e9vient que l&rsquo;ann\u00e9e 2025 est une ann\u00e9e de changement qui ne se [&hellip;]<\/p>\n","protected":false},"author":123458,"featured_media":7686,"comment_status":"open","ping_status":"open","sticky":false,"template":"","format":"standard","meta":{"_acf_changed":false,"footnotes":""},"categories":[11,2,18],"tags":[],"class_list":["post-7685","post","type-post","status-publish","format-standard","has-post-thumbnail","hentry","category-actualite","category-politique","category-region"],"acf":[],"_links":{"self":[{"href":"https:\/\/lereveil224.info\/index.php\/wp-json\/wp\/v2\/posts\/7685","targetHints":{"allow":["GET"]}}],"collection":[{"href":"https:\/\/lereveil224.info\/index.php\/wp-json\/wp\/v2\/posts"}],"about":[{"href":"https:\/\/lereveil224.info\/index.php\/wp-json\/wp\/v2\/types\/post"}],"author":[{"embeddable":true,"href":"https:\/\/lereveil224.info\/index.php\/wp-json\/wp\/v2\/users\/123458"}],"replies":[{"embeddable":true,"href":"https:\/\/lereveil224.info\/index.php\/wp-json\/wp\/v2\/comments?post=7685"}],"version-history":[{"count":1,"href":"https:\/\/lereveil224.info\/index.php\/wp-json\/wp\/v2\/posts\/7685\/revisions"}],"predecessor-version":[{"id":7687,"href":"https:\/\/lereveil224.info\/index.php\/wp-json\/wp\/v2\/posts\/7685\/revisions\/7687"}],"wp:featuredmedia":[{"embeddable":true,"href":"https:\/\/lereveil224.info\/index.php\/wp-json\/wp\/v2\/media\/7686"}],"wp:attachment":[{"href":"https:\/\/lereveil224.info\/index.php\/wp-json\/wp\/v2\/media?parent=7685"}],"wp:term":[{"taxonomy":"category","embeddable":true,"href":"https:\/\/lereveil224.info\/index.php\/wp-json\/wp\/v2\/categories?post=7685"},{"taxonomy":"post_tag","embeddable":true,"href":"https:\/\/lereveil224.info\/index.php\/wp-json\/wp\/v2\/tags?post=7685"}],"curies":[{"name":"wp","href":"https:\/\/api.w.org\/{rel}","templated":true}]}}