{"id":7678,"date":"2025-02-08T22:34:21","date_gmt":"2025-02-08T22:34:21","guid":{"rendered":"https:\/\/lereveil224.info\/?p=7678"},"modified":"2025-02-08T22:35:54","modified_gmt":"2025-02-08T22:35:54","slug":"immersion-gouvernementale-a-nzerekore-remise-officielle-dune-nouvelle-infrastructure-hub-numerique","status":"publish","type":"post","link":"https:\/\/lereveil224.info\/index.php\/2025\/02\/08\/immersion-gouvernementale-a-nzerekore-remise-officielle-dune-nouvelle-infrastructure-hub-numerique\/","title":{"rendered":"Immersion gouvernementale \u00e0 Nz\u00e9r\u00e9kor\u00e9 : Remise officielle d\u2019une nouvelle infrastructure (Hub num\u00e9rique)"},"content":{"rendered":"\n<p>Une partie importante du gouvernement guin\u00e9en s\u00e9journe dans la r\u00e9gion foresti\u00e8re depuis quelques jours. Une seule mission : toucher du doigt les r\u00e9alit\u00e9s sur le terrain.<\/p>\n\n\n\n<figure class=\"wp-block-image size-full\"><img fetchpriority=\"high\" decoding=\"async\" width=\"1020\" height=\"765\" src=\"https:\/\/lereveil224.info\/wp-content\/uploads\/2025\/02\/IMG-20250208-WA0006.jpg\" alt=\"\" class=\"wp-image-7681\" srcset=\"https:\/\/lereveil224.info\/wp-content\/uploads\/2025\/02\/IMG-20250208-WA0006.jpg 1020w, https:\/\/lereveil224.info\/wp-content\/uploads\/2025\/02\/IMG-20250208-WA0006-300x225.jpg 300w, https:\/\/lereveil224.info\/wp-content\/uploads\/2025\/02\/IMG-20250208-WA0006-768x576.jpg 768w, https:\/\/lereveil224.info\/wp-content\/uploads\/2025\/02\/IMG-20250208-WA0006-86x64.jpg 86w\" sizes=\"(max-width: 1020px) 100vw, 1020px\" \/><\/figure>\n\n\n\n<p>C&rsquo;est dans ce cadre que la ministre des Postes, des T\u00e9l\u00e9communications et du Num\u00e9rique a proc\u00e9d\u00e9, ce samedi 8 f\u00e9vrier 2025, \u00e0 la remise officielle des cl\u00e9s du Hub num\u00e9rique dans la salle de la Maison des Jeunes. Dans son discours de circonstance, elle met un accent particulier sur l\u2019exploit du gouvernement dans le d\u00e9veloppement.<\/p>\n\n\n\n<p>\u00ab\u00a0Il y a seulement deux mois, nous \u00e9tions \u00e0 Coyah pour lancer six hubs num\u00e9riques dans les grandes villes du pays : Conakry, Coyah, Kindia, Lab\u00e9, Kankan et Nz\u00e9r\u00e9kor\u00e9. Aujourd\u2019hui, nous franchissons une nouvelle \u00e9tape en proc\u00e9dant \u00e0 la remise officielle des cl\u00e9s du Hub num\u00e9rique de Nz\u00e9r\u00e9kor\u00e9. Cette infrastructure est bien plus qu\u2019un b\u00e2timent : c\u2019est un tremplin vers l\u2019innovation et la formation, un outil au service des jeunes et des entrepreneurs de la r\u00e9gion foresti\u00e8re.<\/p>\n\n\n\n<p>Cette initiative s\u2019inscrit pleinement dans la vision num\u00e9rique du Chef de l\u2019\u00c9tat, Son Excellence le G\u00e9n\u00e9ral Mamadi DOUMBOUYA, qui consid\u00e8re le num\u00e9rique comme un levier essentiel du d\u00e9veloppement et de l\u2019inclusion. C\u2019est \u00e9galement le fruit des orientations du Premier Ministre, Chef du Gouvernement, Monsieur Amadou Oury BAH, qui nous avait donn\u00e9 des directives claires il y a dix mois, lors de la rencontre \u00e0 la plage de Camayenne, sur l\u2019acc\u00e9l\u00e9ration de la transformation num\u00e9rique en Guin\u00e9e.\u00a0\u00bb<\/p>\n\n\n\n<p>Plus loin, la ministre promet de connecter les \u00e9coles et universit\u00e9s \u00e0 l\u2019\u00e8re num\u00e9rique pour que chaque jeune, \u00e9tudiant ou entrepreneur puisse avoir acc\u00e8s aux outils num\u00e9riques.<\/p>\n\n\n\n<p>\u00ab\u00a0Nous avons choisi d\u2019implanter ces hubs dans les Maisons des Jeunes, car nous voulons que chaque jeune, \u00e9tudiant ou entrepreneur ait acc\u00e8s aux infrastructures technologiques modernes, aux formations et aux opportunit\u00e9s d\u2019affaires, aussi bien au niveau national qu\u2019international.<\/p>\n\n\n\n<p>En parall\u00e8le, nous poursuivons nos efforts pour connecter les \u00e9coles et universit\u00e9s \u00e0 l\u2019\u00e8re num\u00e9rique. Gr\u00e2ce au projet GIGA, en partenariat avec l\u2019UNICEF et l\u2019IUT, nous travaillons \u00e0 raccorder les \u00e9tablissements scolaires et \u00e0 assurer l\u2019\u00e9galit\u00e9 d\u2019acc\u00e8s aux outils num\u00e9riques. Avec UNIVCONNECT, nous voulons \u00e9galement connecter les universit\u00e9s et instituts d\u2019enseignement sup\u00e9rieur.<\/p>\n\n\n\n<p>Nous investissons \u00e9galement dans les infrastructures de connectivit\u00e9 pour r\u00e9duire le co\u00fbt de l\u2019acc\u00e8s \u00e0 Internet et am\u00e9liorer la qualit\u00e9 des services num\u00e9riques. Nous travaillons \u00e0 l\u2019atterrissage de nouveaux c\u00e2bles sous-marins et \u00e0 l\u2019interconnexion de la Guin\u00e9e avec ses voisins, afin de faire de notre pays un v\u00e9ritable hub num\u00e9rique en Afrique de l\u2019Ouest.<\/p>\n\n\n\n<p>Cette vision s\u2019inscrit dans notre ambition 2040, qui repose sur trois grands piliers :<\/p>\n\n\n\n<ul class=\"wp-block-list\">\n<li><strong>Accessibilit\u00e9 et connectivit\u00e9<\/strong> : Garantir un acc\u00e8s \u00e0 Internet rapide et abordable sur tout le territoire.<\/li>\n\n\n\n<li><strong>Inclusion num\u00e9rique<\/strong> : Assurer \u00e0 tous, notamment aux femmes et aux jeunes, l\u2019acc\u00e8s aux outils num\u00e9riques et aux services publics en ligne.<\/li>\n\n\n\n<li><strong>Innovation et entrepreneuriat<\/strong> : Soutenir les startups et les jeunes talents guin\u00e9ens, en les accompagnant dans leurs projets.\u00a0\u00bb<\/li>\n<\/ul>\n\n\n\n<p>Pour finir, madame Rose Pola PRICEMOU cl\u00f4ture son discours par des remerciements \u00e0 l\u2019endroit de son gouvernement ainsi qu\u2019\u00e0 toute la population de la r\u00e9gion foresti\u00e8re.<\/p>\n\n\n\n<p>\u00ab\u00a0Je tiens \u00e0 exprimer ma profonde gratitude \u00e0 Son Excellence le Pr\u00e9sident de la R\u00e9publique, \u00e0 Monsieur le Premier Ministre, au Minist\u00e8re de la Jeunesse et des Sports, \u00e0 nos partenaires techniques et financiers, ainsi qu\u2019\u00e0 toutes les personnes ayant contribu\u00e9 \u00e0 la concr\u00e9tisation de ce projet.<\/p>\n\n\n\n<p>Ensemble, continuons d\u2019\u00e9crire l\u2019histoire d\u2019une Guin\u00e9e num\u00e9rique, innovante et prosp\u00e8re.\u00a0\u00bb<\/p>\n\n\n\n<figure class=\"wp-block-image size-large\"><img decoding=\"async\" width=\"1024\" height=\"590\" src=\"https:\/\/lereveil224.info\/wp-content\/uploads\/2025\/02\/IMG-20250208-WA0007-1024x590.jpg\" alt=\"\" class=\"wp-image-7682\" srcset=\"https:\/\/lereveil224.info\/wp-content\/uploads\/2025\/02\/IMG-20250208-WA0007-1024x590.jpg 1024w, https:\/\/lereveil224.info\/wp-content\/uploads\/2025\/02\/IMG-20250208-WA0007-300x173.jpg 300w, https:\/\/lereveil224.info\/wp-content\/uploads\/2025\/02\/IMG-20250208-WA0007-768x442.jpg 768w, https:\/\/lereveil224.info\/wp-content\/uploads\/2025\/02\/IMG-20250208-WA0007.jpg 1080w\" sizes=\"(max-width: 1024px) 100vw, 1024px\" \/><\/figure>\n\n\n\n<figure class=\"wp-block-image size-large\"><img decoding=\"async\" width=\"1024\" height=\"590\" src=\"https:\/\/lereveil224.info\/wp-content\/uploads\/2025\/02\/IMG-20250208-WA0007-1024x590.jpg\" alt=\"\" class=\"wp-image-7682\" srcset=\"https:\/\/lereveil224.info\/wp-content\/uploads\/2025\/02\/IMG-20250208-WA0007-1024x590.jpg 1024w, https:\/\/lereveil224.info\/wp-content\/uploads\/2025\/02\/IMG-20250208-WA0007-300x173.jpg 300w, https:\/\/lereveil224.info\/wp-content\/uploads\/2025\/02\/IMG-20250208-WA0007-768x442.jpg 768w, https:\/\/lereveil224.info\/wp-content\/uploads\/2025\/02\/IMG-20250208-WA0007.jpg 1080w\" sizes=\"(max-width: 1024px) 100vw, 1024px\" \/><\/figure>\n\n\n\n<p>Il faut rappeler que cette remise des cl\u00e9s s&rsquo;est d\u00e9roul\u00e9e en pr\u00e9sence de plusieurs membres du gouvernement, des autorit\u00e9s r\u00e9gionales, pr\u00e9fectorales et d\u2019une population fortement mobilis\u00e9e.<\/p>\n\n\n\n<p><strong>Thierno Amadou DIALLO <\/strong><\/p>\n","protected":false},"excerpt":{"rendered":"<p>Une partie importante du gouvernement guin\u00e9en s\u00e9journe dans la r\u00e9gion foresti\u00e8re depuis quelques jours. Une seule mission : toucher du doigt les r\u00e9alit\u00e9s sur le terrain. C&rsquo;est dans ce cadre que la ministre des Postes, des T\u00e9l\u00e9communications et du Num\u00e9rique a proc\u00e9d\u00e9, ce samedi 8 f\u00e9vrier 2025, \u00e0 la remise officielle des cl\u00e9s du Hub [&hellip;]<\/p>\n","protected":false},"author":123458,"featured_media":7679,"comment_status":"open","ping_status":"open","sticky":false,"template":"","format":"standard","meta":{"_acf_changed":false,"footnotes":""},"categories":[11,2,18],"tags":[],"class_list":["post-7678","post","type-post","status-publish","format-standard","has-post-thumbnail","hentry","category-actualite","category-politique","category-region"],"acf":[],"_links":{"self":[{"href":"https:\/\/lereveil224.info\/index.php\/wp-json\/wp\/v2\/posts\/7678","targetHints":{"allow":["GET"]}}],"collection":[{"href":"https:\/\/lereveil224.info\/index.php\/wp-json\/wp\/v2\/posts"}],"about":[{"href":"https:\/\/lereveil224.info\/index.php\/wp-json\/wp\/v2\/types\/post"}],"author":[{"embeddable":true,"href":"https:\/\/lereveil224.info\/index.php\/wp-json\/wp\/v2\/users\/123458"}],"replies":[{"embeddable":true,"href":"https:\/\/lereveil224.info\/index.php\/wp-json\/wp\/v2\/comments?post=7678"}],"version-history":[{"count":2,"href":"https:\/\/lereveil224.info\/index.php\/wp-json\/wp\/v2\/posts\/7678\/revisions"}],"predecessor-version":[{"id":7684,"href":"https:\/\/lereveil224.info\/index.php\/wp-json\/wp\/v2\/posts\/7678\/revisions\/7684"}],"wp:featuredmedia":[{"embeddable":true,"href":"https:\/\/lereveil224.info\/index.php\/wp-json\/wp\/v2\/media\/7679"}],"wp:attachment":[{"href":"https:\/\/lereveil224.info\/index.php\/wp-json\/wp\/v2\/media?parent=7678"}],"wp:term":[{"taxonomy":"category","embeddable":true,"href":"https:\/\/lereveil224.info\/index.php\/wp-json\/wp\/v2\/categories?post=7678"},{"taxonomy":"post_tag","embeddable":true,"href":"https:\/\/lereveil224.info\/index.php\/wp-json\/wp\/v2\/tags?post=7678"}],"curies":[{"name":"wp","href":"https:\/\/api.w.org\/{rel}","templated":true}]}}