{"id":7672,"date":"2025-02-08T07:20:53","date_gmt":"2025-02-08T07:20:53","guid":{"rendered":"https:\/\/lereveil224.info\/?p=7672"},"modified":"2025-02-08T07:20:54","modified_gmt":"2025-02-08T07:20:54","slug":"nzerekore-la-communaute-gbaly-remercie-le-premier-ministre","status":"publish","type":"post","link":"https:\/\/lereveil224.info\/index.php\/2025\/02\/08\/nzerekore-la-communaute-gbaly-remercie-le-premier-ministre\/","title":{"rendered":"N&rsquo;Z\u00e9r\u00e9kor\u00e9 : La Communaut\u00e9 Gbaly remercie le Premier Ministre"},"content":{"rendered":"\n<p>Dans la soir\u00e9e du vendredi 7 f\u00e9vrier  2025, \u00e0 la villa Syli de N&rsquo;Z\u00e9r\u00e9kor\u00e9, la communaut\u00e9 Gbaly a profit\u00e9 de l&rsquo;immersion gouvernementale pour r\u00e9affirmer son soutien, mais aussi remercier le Premier ministre pour la bonne coordination de l&rsquo;action gouvernementale.<\/p>\n\n\n\n<figure class=\"wp-block-image size-full\"><img fetchpriority=\"high\" decoding=\"async\" width=\"1020\" height=\"471\" src=\"https:\/\/lereveil224.info\/wp-content\/uploads\/2025\/02\/IMG-20250208-WA0000.jpg\" alt=\"\" class=\"wp-image-7676\" srcset=\"https:\/\/lereveil224.info\/wp-content\/uploads\/2025\/02\/IMG-20250208-WA0000.jpg 1020w, https:\/\/lereveil224.info\/wp-content\/uploads\/2025\/02\/IMG-20250208-WA0000-300x139.jpg 300w, https:\/\/lereveil224.info\/wp-content\/uploads\/2025\/02\/IMG-20250208-WA0000-768x355.jpg 768w\" sizes=\"(max-width: 1020px) 100vw, 1020px\" \/><\/figure>\n\n\n\n<p>C&rsquo;est devant une forte mobilisation et au nom des filles et fils de la communaut\u00e9 Gbaly que le porte-parole, Monsieur Yozil\u00e9 KOLAMOU, s&rsquo;est exprim\u00e9 en ces termes : \u00ab C&rsquo;est pour nous, communaut\u00e9 Gbaly, un honneur de vous remercier, Monsieur le Premier ministre, pour votre engagement aupr\u00e8s de Son Excellence, Monsieur le Pr\u00e9sident de la R\u00e9publique, le G\u00e9n\u00e9ral Mamadi DOUMBOUYA, en faveur de la marche de notre pays sur le chemin du progr\u00e8s, mais aussi et surtout pour la paix et l&rsquo;unit\u00e9 des Guin\u00e9ens de tous les bords. Depuis la prise de responsabilit\u00e9 des forces de d\u00e9fense et de s\u00e9curit\u00e9 sous la clairvoyance du G\u00e9n\u00e9ral d&rsquo;arm\u00e9e Mamadi DOUMBOUYA, la paix r\u00e8gne ici, ce qui n&rsquo;\u00e9tait pas le cas auparavant. C&rsquo;est pour cette raison que nous vous remercions tr\u00e8s sinc\u00e8rement. \u00bb<\/p>\n\n\n\n<p>Il a poursuivi en d\u00e9clarant : \u00ab Monsieur le Premier ministre, nous profitons de cette occasion solennelle pour vous r\u00e9it\u00e9rer notre soutien ind\u00e9fectible et notre adh\u00e9sion sans faille aux actions du Pr\u00e9sident de la R\u00e9publique, dont vous avez la lourde responsabilit\u00e9 de coordonner l&rsquo;action gouvernementale. \u00bb<\/p>\n\n\n\n<figure class=\"wp-block-image size-full\"><img decoding=\"async\" width=\"1020\" height=\"471\" src=\"https:\/\/lereveil224.info\/wp-content\/uploads\/2025\/02\/IMG-20250208-WA0001.jpg\" alt=\"\" class=\"wp-image-7675\" srcset=\"https:\/\/lereveil224.info\/wp-content\/uploads\/2025\/02\/IMG-20250208-WA0001.jpg 1020w, https:\/\/lereveil224.info\/wp-content\/uploads\/2025\/02\/IMG-20250208-WA0001-300x139.jpg 300w, https:\/\/lereveil224.info\/wp-content\/uploads\/2025\/02\/IMG-20250208-WA0001-768x355.jpg 768w\" sizes=\"(max-width: 1020px) 100vw, 1020px\" \/><\/figure>\n\n\n\n<figure class=\"wp-block-image size-full\"><img decoding=\"async\" width=\"1020\" height=\"471\" src=\"https:\/\/lereveil224.info\/wp-content\/uploads\/2025\/02\/IMG-20250208-WA0001.jpg\" alt=\"\" class=\"wp-image-7675\" srcset=\"https:\/\/lereveil224.info\/wp-content\/uploads\/2025\/02\/IMG-20250208-WA0001.jpg 1020w, https:\/\/lereveil224.info\/wp-content\/uploads\/2025\/02\/IMG-20250208-WA0001-300x139.jpg 300w, https:\/\/lereveil224.info\/wp-content\/uploads\/2025\/02\/IMG-20250208-WA0001-768x355.jpg 768w\" sizes=\"(max-width: 1020px) 100vw, 1020px\" \/><\/figure>\n\n\n\n<p>En r\u00e9ponse, au nom du Premier ministre, Chef du gouvernement, le contr\u00f4leur g\u00e9n\u00e9ral de police Lamine KE\u00cfTA, gouverneur de la r\u00e9gion administrative de N&rsquo;Z\u00e9r\u00e9kor\u00e9, a tout d&rsquo;abord remerci\u00e9 la communaut\u00e9 Gbaly pour la forte mobilisation, ainsi que pour les diff\u00e9rents cadeaux offerts au Premier ministre et \u00e0 sa d\u00e9l\u00e9gation. \u00c0 cette occasion, il a exhort\u00e9 la communaut\u00e9 en ces termes : \u00ab Nous vous demandons de cultiver la paix, l&rsquo;unit\u00e9 et la coh\u00e9sion sociale \u00e0 N&rsquo;Z\u00e9r\u00e9kor\u00e9, car sans ces valeurs cardinales, aucun d\u00e9veloppement n&rsquo;est possible. Je peux vous rassurer qu&rsquo;au nom de Monsieur le Premier ministre, Chef du gouvernement, vos diff\u00e9rents messages sont bien compris et seront transmis au Pr\u00e9sident de la R\u00e9publique. \u00bb<\/p>\n\n\n\n<figure class=\"wp-block-image size-full\"><img decoding=\"async\" width=\"1020\" height=\"471\" src=\"https:\/\/lereveil224.info\/wp-content\/uploads\/2025\/02\/IMG-20250208-WA0003.jpg\" alt=\"\" class=\"wp-image-7673\" srcset=\"https:\/\/lereveil224.info\/wp-content\/uploads\/2025\/02\/IMG-20250208-WA0003.jpg 1020w, https:\/\/lereveil224.info\/wp-content\/uploads\/2025\/02\/IMG-20250208-WA0003-300x139.jpg 300w, https:\/\/lereveil224.info\/wp-content\/uploads\/2025\/02\/IMG-20250208-WA0003-768x355.jpg 768w\" sizes=\"(max-width: 1020px) 100vw, 1020px\" \/><\/figure>\n\n\n\n<figure class=\"wp-block-image size-full\"><img decoding=\"async\" width=\"1020\" height=\"471\" src=\"https:\/\/lereveil224.info\/wp-content\/uploads\/2025\/02\/IMG-20250208-WA0003.jpg\" alt=\"\" class=\"wp-image-7673\" srcset=\"https:\/\/lereveil224.info\/wp-content\/uploads\/2025\/02\/IMG-20250208-WA0003.jpg 1020w, https:\/\/lereveil224.info\/wp-content\/uploads\/2025\/02\/IMG-20250208-WA0003-300x139.jpg 300w, https:\/\/lereveil224.info\/wp-content\/uploads\/2025\/02\/IMG-20250208-WA0003-768x355.jpg 768w\" sizes=\"(max-width: 1020px) 100vw, 1020px\" \/><\/figure>\n\n\n\n<p>\u00c0 noter que cette c\u00e9r\u00e9monie s&rsquo;est achev\u00e9e par des pri\u00e8res pour la paix, l&rsquo;unit\u00e9 et la sant\u00e9 du Pr\u00e9sident de la R\u00e9publique, invoqu\u00e9es par l&rsquo;oncle de la ministre Rose Pola PRICEMOU, suivies de la remise de plusieurs cadeaux, en pr\u00e9sence de plusieurs membres du gouvernement.<\/p>\n\n\n\n<p><strong>Thierno Amadou DIALLO<\/strong><\/p>\n","protected":false},"excerpt":{"rendered":"<p>Dans la soir\u00e9e du vendredi 7 f\u00e9vrier 2025, \u00e0 la villa Syli de N&rsquo;Z\u00e9r\u00e9kor\u00e9, la communaut\u00e9 Gbaly a profit\u00e9 de l&rsquo;immersion gouvernementale pour r\u00e9affirmer son soutien, mais aussi remercier le Premier ministre pour la bonne coordination de l&rsquo;action gouvernementale. C&rsquo;est devant une forte mobilisation et au nom des filles et fils de la communaut\u00e9 Gbaly [&hellip;]<\/p>\n","protected":false},"author":123458,"featured_media":7674,"comment_status":"open","ping_status":"open","sticky":false,"template":"","format":"standard","meta":{"_acf_changed":false,"footnotes":""},"categories":[11,2],"tags":[],"class_list":["post-7672","post","type-post","status-publish","format-standard","has-post-thumbnail","hentry","category-actualite","category-politique"],"acf":[],"_links":{"self":[{"href":"https:\/\/lereveil224.info\/index.php\/wp-json\/wp\/v2\/posts\/7672","targetHints":{"allow":["GET"]}}],"collection":[{"href":"https:\/\/lereveil224.info\/index.php\/wp-json\/wp\/v2\/posts"}],"about":[{"href":"https:\/\/lereveil224.info\/index.php\/wp-json\/wp\/v2\/types\/post"}],"author":[{"embeddable":true,"href":"https:\/\/lereveil224.info\/index.php\/wp-json\/wp\/v2\/users\/123458"}],"replies":[{"embeddable":true,"href":"https:\/\/lereveil224.info\/index.php\/wp-json\/wp\/v2\/comments?post=7672"}],"version-history":[{"count":1,"href":"https:\/\/lereveil224.info\/index.php\/wp-json\/wp\/v2\/posts\/7672\/revisions"}],"predecessor-version":[{"id":7677,"href":"https:\/\/lereveil224.info\/index.php\/wp-json\/wp\/v2\/posts\/7672\/revisions\/7677"}],"wp:featuredmedia":[{"embeddable":true,"href":"https:\/\/lereveil224.info\/index.php\/wp-json\/wp\/v2\/media\/7674"}],"wp:attachment":[{"href":"https:\/\/lereveil224.info\/index.php\/wp-json\/wp\/v2\/media?parent=7672"}],"wp:term":[{"taxonomy":"category","embeddable":true,"href":"https:\/\/lereveil224.info\/index.php\/wp-json\/wp\/v2\/categories?post=7672"},{"taxonomy":"post_tag","embeddable":true,"href":"https:\/\/lereveil224.info\/index.php\/wp-json\/wp\/v2\/tags?post=7672"}],"curies":[{"name":"wp","href":"https:\/\/api.w.org\/{rel}","templated":true}]}}