{"id":7643,"date":"2025-02-06T19:17:59","date_gmt":"2025-02-06T19:17:59","guid":{"rendered":"https:\/\/lereveil224.info\/?p=7643"},"modified":"2025-02-06T19:18:00","modified_gmt":"2025-02-06T19:18:00","slug":"universite-de-nzerekore-le-ministre-de-lenseignement-superieur-aux-cotes-du-premier-ministre-pour-linauguration-de-lamphitheatre","status":"publish","type":"post","link":"https:\/\/lereveil224.info\/index.php\/2025\/02\/06\/universite-de-nzerekore-le-ministre-de-lenseignement-superieur-aux-cotes-du-premier-ministre-pour-linauguration-de-lamphitheatre\/","title":{"rendered":"Universit\u00e9 de N&rsquo;Z\u00e9r\u00e9kor\u00e9 : Le Ministre de l\u2019Enseignement Sup\u00e9rieur aux c\u00f4t\u00e9s du Premier ministre pour l&rsquo;inauguration de l&rsquo;amphith\u00e9\u00e2tre"},"content":{"rendered":"\n<p>L\u2019amphith\u00e9\u00e2tre de 400 places assises a servi de cadre \u00e0 cette grande c\u00e9r\u00e9monie d\u2019inauguration, plac\u00e9e sous la pr\u00e9sidence du Premier ministre, chef du gouvernement, ce jeudi 6 f\u00e9vrier 2025.<\/p>\n\n\n\n<figure class=\"wp-block-image size-large\"><img fetchpriority=\"high\" decoding=\"async\" width=\"1024\" height=\"683\" src=\"https:\/\/lereveil224.info\/wp-content\/uploads\/2025\/02\/IMG-20250206-WA0018-1024x683.jpg\" alt=\"\" class=\"wp-image-7646\" srcset=\"https:\/\/lereveil224.info\/wp-content\/uploads\/2025\/02\/IMG-20250206-WA0018-1024x683.jpg 1024w, https:\/\/lereveil224.info\/wp-content\/uploads\/2025\/02\/IMG-20250206-WA0018-300x200.jpg 300w, https:\/\/lereveil224.info\/wp-content\/uploads\/2025\/02\/IMG-20250206-WA0018-768x512.jpg 768w, https:\/\/lereveil224.info\/wp-content\/uploads\/2025\/02\/IMG-20250206-WA0018.jpg 1080w\" sizes=\"(max-width: 1024px) 100vw, 1024px\" \/><\/figure>\n\n\n\n<p>C\u2019est avec une forte mobilisation des administrateurs, des enseignants et des \u00e9tudiants que la d\u00e9l\u00e9gation gouvernementale, conduite par Monsieur Amadou Oury BAH, Premier ministre, a \u00e9t\u00e9 re\u00e7ue sur le campus de l\u2019universit\u00e9 de N\u2019Z\u00e9r\u00e9kor\u00e9.<\/p>\n\n\n\n<figure class=\"wp-block-image size-large\"><img decoding=\"async\" width=\"1024\" height=\"683\" src=\"https:\/\/lereveil224.info\/wp-content\/uploads\/2025\/02\/IMG-20250206-WA0014-1024x683.jpg\" alt=\"\" class=\"wp-image-7649\" srcset=\"https:\/\/lereveil224.info\/wp-content\/uploads\/2025\/02\/IMG-20250206-WA0014-1024x683.jpg 1024w, https:\/\/lereveil224.info\/wp-content\/uploads\/2025\/02\/IMG-20250206-WA0014-300x200.jpg 300w, https:\/\/lereveil224.info\/wp-content\/uploads\/2025\/02\/IMG-20250206-WA0014-768x512.jpg 768w, https:\/\/lereveil224.info\/wp-content\/uploads\/2025\/02\/IMG-20250206-WA0014.jpg 1080w\" sizes=\"(max-width: 1024px) 100vw, 1024px\" \/><\/figure>\n\n\n\n<figure class=\"wp-block-image size-large\"><img decoding=\"async\" width=\"1024\" height=\"683\" src=\"https:\/\/lereveil224.info\/wp-content\/uploads\/2025\/02\/IMG-20250206-WA0014-1024x683.jpg\" alt=\"\" class=\"wp-image-7649\" srcset=\"https:\/\/lereveil224.info\/wp-content\/uploads\/2025\/02\/IMG-20250206-WA0014-1024x683.jpg 1024w, https:\/\/lereveil224.info\/wp-content\/uploads\/2025\/02\/IMG-20250206-WA0014-300x200.jpg 300w, https:\/\/lereveil224.info\/wp-content\/uploads\/2025\/02\/IMG-20250206-WA0014-768x512.jpg 768w, https:\/\/lereveil224.info\/wp-content\/uploads\/2025\/02\/IMG-20250206-WA0014.jpg 1080w\" sizes=\"(max-width: 1024px) 100vw, 1024px\" \/><\/figure>\n\n\n\n<p>Dans son discours de bienvenue, Dr Oumar KEITA, recteur de l\u2019universit\u00e9 de N\u2019Z\u00e9r\u00e9kor\u00e9, a tout d\u2019abord remerci\u00e9 le Premier ministre pour son efficacit\u00e9 dans la coordination de l\u2019action gouvernementale, ainsi que le Ministre de l\u2019Enseignement Sup\u00e9rieur, de la Recherche Scientifique et de l\u2019Innovation pour son appui constant dans la r\u00e9alisation de cette infrastructure. Il a ensuite pr\u00e9cis\u00e9 : \u00ab Ce b\u00e2timent R+1 est compos\u00e9 d\u2019un amphith\u00e9\u00e2tre de 400 places assises, de deux salles de classe de 60 places chacune, de neuf bureaux et de dix toilettes. Il s\u2019ajoute \u00e0 d\u2019autres que nous avons r\u00e9alis\u00e9s depuis notre arriv\u00e9e \u00e0 la t\u00eate de cette universit\u00e9, ce qui contribue sans doute \u00e0 am\u00e9liorer nos capacit\u00e9s d\u2019accueil. \u00bb<\/p>\n\n\n\n<figure class=\"wp-block-image size-large\"><img decoding=\"async\" width=\"1024\" height=\"683\" src=\"https:\/\/lereveil224.info\/wp-content\/uploads\/2025\/02\/IMG-20250206-WA0015-1024x683.jpg\" alt=\"\" class=\"wp-image-7648\" srcset=\"https:\/\/lereveil224.info\/wp-content\/uploads\/2025\/02\/IMG-20250206-WA0015-1024x683.jpg 1024w, https:\/\/lereveil224.info\/wp-content\/uploads\/2025\/02\/IMG-20250206-WA0015-300x200.jpg 300w, https:\/\/lereveil224.info\/wp-content\/uploads\/2025\/02\/IMG-20250206-WA0015-768x512.jpg 768w, https:\/\/lereveil224.info\/wp-content\/uploads\/2025\/02\/IMG-20250206-WA0015.jpg 1080w\" sizes=\"(max-width: 1024px) 100vw, 1024px\" \/><\/figure>\n\n\n\n<figure class=\"wp-block-image size-large\"><img decoding=\"async\" width=\"1024\" height=\"683\" src=\"https:\/\/lereveil224.info\/wp-content\/uploads\/2025\/02\/IMG-20250206-WA0015-1024x683.jpg\" alt=\"\" class=\"wp-image-7648\" srcset=\"https:\/\/lereveil224.info\/wp-content\/uploads\/2025\/02\/IMG-20250206-WA0015-1024x683.jpg 1024w, https:\/\/lereveil224.info\/wp-content\/uploads\/2025\/02\/IMG-20250206-WA0015-300x200.jpg 300w, https:\/\/lereveil224.info\/wp-content\/uploads\/2025\/02\/IMG-20250206-WA0015-768x512.jpg 768w, https:\/\/lereveil224.info\/wp-content\/uploads\/2025\/02\/IMG-20250206-WA0015.jpg 1080w\" sizes=\"(max-width: 1024px) 100vw, 1024px\" \/><\/figure>\n\n\n\n<p>Pour sa part, Monsieur Alpha Bacar BARRY, Ministre de l\u2019Enseignement Sup\u00e9rieur, de la Recherche Scientifique et de l\u2019Innovation, a mis en avant les efforts entrepris par le gouvernement en ces termes : \u00ab Depuis le 5 septembre 2022, plusieurs acquis sont \u00e0 noter, notamment la valorisation de la bourse des \u00e9tudiants et l\u2019application du statut particulier de l\u2019enseignement sup\u00e9rieur&#8230; \u00c0 cela s\u2019ajoute la r\u00e9alisation de plusieurs infrastructures dans diff\u00e9rentes institutions \u00e0 travers le pays. Tout cela gr\u00e2ce \u00e0 la volont\u00e9 du Pr\u00e9sident de la R\u00e9publique, Son Excellence le G\u00e9n\u00e9ral Mamadi Doumbouya, et de son chef du gouvernement, Monsieur Amadou Oury BAH. \u00bb<\/p>\n\n\n\n<p>Pour conclure, le ministre a annonc\u00e9 : \u00ab Nous reviendrons tr\u00e8s prochainement pour la pose de la premi\u00e8re pierre de l\u2019universit\u00e9 r\u00e9gionale de N\u2019Z\u00e9r\u00e9kor\u00e9, et cela se fera \u00e9galement dans les autres r\u00e9gions du pays. \u00bb<\/p>\n\n\n\n<figure class=\"wp-block-image size-full\"><img loading=\"lazy\" decoding=\"async\" width=\"993\" height=\"978\" src=\"https:\/\/lereveil224.info\/wp-content\/uploads\/2025\/02\/IMG-20250206-WA0016_1.jpg\" alt=\"\" class=\"wp-image-7644\" srcset=\"https:\/\/lereveil224.info\/wp-content\/uploads\/2025\/02\/IMG-20250206-WA0016_1.jpg 993w, https:\/\/lereveil224.info\/wp-content\/uploads\/2025\/02\/IMG-20250206-WA0016_1-300x295.jpg 300w, https:\/\/lereveil224.info\/wp-content\/uploads\/2025\/02\/IMG-20250206-WA0016_1-768x756.jpg 768w\" sizes=\"(max-width: 993px) 100vw, 993px\" \/><\/figure>\n\n\n\n<figure class=\"wp-block-image size-full\"><img loading=\"lazy\" decoding=\"async\" width=\"993\" height=\"978\" src=\"https:\/\/lereveil224.info\/wp-content\/uploads\/2025\/02\/IMG-20250206-WA0016_1.jpg\" alt=\"\" class=\"wp-image-7644\" srcset=\"https:\/\/lereveil224.info\/wp-content\/uploads\/2025\/02\/IMG-20250206-WA0016_1.jpg 993w, https:\/\/lereveil224.info\/wp-content\/uploads\/2025\/02\/IMG-20250206-WA0016_1-300x295.jpg 300w, https:\/\/lereveil224.info\/wp-content\/uploads\/2025\/02\/IMG-20250206-WA0016_1-768x756.jpg 768w\" sizes=\"(max-width: 993px) 100vw, 993px\" \/><\/figure>\n\n\n\n<p>S\u2019adressant aux \u00e9tudiants, Monsieur Amadou Oury BAH, Premier ministre, Chef du Gouvernement, a tout d\u2019abord remerci\u00e9 l\u2019administration universitaire et le d\u00e9partement de l\u2019Enseignement Sup\u00e9rieur, de la Recherche Scientifique et de l\u2019Innovation pour la qualit\u00e9 de l\u2019infrastructure. Il a ensuite soulign\u00e9 l\u2019importance d\u2019une infrastructure ad\u00e9quate pour garantir une formation de qualit\u00e9 \u00e0 l\u2019\u00e9lite de demain, avant de pr\u00e9ciser : \u00ab &#8230; La v\u00e9rit\u00e9 est relative. Votre pens\u00e9e, id\u00e9e ou volont\u00e9 ne doit pas \u00eatre impos\u00e9e aux autres. C\u2019est pourquoi il est important que chacun de nous fasse de son mieux pour le progr\u00e8s de la Guin\u00e9e. Car nous ne pouvons pas changer notre pays par un simple d\u00e9cret, il faut un changement profond dans notre fa\u00e7on de voir et de faire les choses. \u00bb<\/p>\n\n\n\n<figure class=\"wp-block-image size-large\"><img loading=\"lazy\" decoding=\"async\" width=\"1024\" height=\"576\" src=\"https:\/\/lereveil224.info\/wp-content\/uploads\/2025\/02\/IMG-20250206-WA0019-1024x576.jpg\" alt=\"\" class=\"wp-image-7645\" srcset=\"https:\/\/lereveil224.info\/wp-content\/uploads\/2025\/02\/IMG-20250206-WA0019-1024x576.jpg 1024w, https:\/\/lereveil224.info\/wp-content\/uploads\/2025\/02\/IMG-20250206-WA0019-300x169.jpg 300w, https:\/\/lereveil224.info\/wp-content\/uploads\/2025\/02\/IMG-20250206-WA0019-768x432.jpg 768w, https:\/\/lereveil224.info\/wp-content\/uploads\/2025\/02\/IMG-20250206-WA0019.jpg 1080w\" sizes=\"(max-width: 1024px) 100vw, 1024px\" \/><\/figure>\n\n\n\n<figure class=\"wp-block-image size-large\"><img loading=\"lazy\" decoding=\"async\" width=\"1024\" height=\"576\" src=\"https:\/\/lereveil224.info\/wp-content\/uploads\/2025\/02\/IMG-20250206-WA0019-1024x576.jpg\" alt=\"\" class=\"wp-image-7645\" srcset=\"https:\/\/lereveil224.info\/wp-content\/uploads\/2025\/02\/IMG-20250206-WA0019-1024x576.jpg 1024w, https:\/\/lereveil224.info\/wp-content\/uploads\/2025\/02\/IMG-20250206-WA0019-300x169.jpg 300w, https:\/\/lereveil224.info\/wp-content\/uploads\/2025\/02\/IMG-20250206-WA0019-768x432.jpg 768w, https:\/\/lereveil224.info\/wp-content\/uploads\/2025\/02\/IMG-20250206-WA0019.jpg 1080w\" sizes=\"(max-width: 1024px) 100vw, 1024px\" \/><\/figure>\n\n\n\n<p>\u00c0 noter que cette c\u00e9r\u00e9monie a connu la pr\u00e9sence de plusieurs ministres, ainsi que du Gouverneur de la r\u00e9gion administrative de N\u2019Z\u00e9r\u00e9kor\u00e9 et de plusieurs autres cadres.<\/p>\n\n\n\n<figure class=\"wp-block-image size-large\"><img loading=\"lazy\" decoding=\"async\" width=\"1024\" height=\"612\" src=\"https:\/\/lereveil224.info\/wp-content\/uploads\/2025\/02\/IMG-20250206-WA0017-1024x612.jpg\" alt=\"\" class=\"wp-image-7647\" srcset=\"https:\/\/lereveil224.info\/wp-content\/uploads\/2025\/02\/IMG-20250206-WA0017-1024x612.jpg 1024w, https:\/\/lereveil224.info\/wp-content\/uploads\/2025\/02\/IMG-20250206-WA0017-300x179.jpg 300w, https:\/\/lereveil224.info\/wp-content\/uploads\/2025\/02\/IMG-20250206-WA0017-768x459.jpg 768w, https:\/\/lereveil224.info\/wp-content\/uploads\/2025\/02\/IMG-20250206-WA0017.jpg 1080w\" sizes=\"(max-width: 1024px) 100vw, 1024px\" \/><\/figure>\n\n\n\n<figure class=\"wp-block-image size-large\"><img loading=\"lazy\" decoding=\"async\" width=\"1024\" height=\"612\" src=\"https:\/\/lereveil224.info\/wp-content\/uploads\/2025\/02\/IMG-20250206-WA0017-1024x612.jpg\" alt=\"\" class=\"wp-image-7647\" srcset=\"https:\/\/lereveil224.info\/wp-content\/uploads\/2025\/02\/IMG-20250206-WA0017-1024x612.jpg 1024w, https:\/\/lereveil224.info\/wp-content\/uploads\/2025\/02\/IMG-20250206-WA0017-300x179.jpg 300w, https:\/\/lereveil224.info\/wp-content\/uploads\/2025\/02\/IMG-20250206-WA0017-768x459.jpg 768w, https:\/\/lereveil224.info\/wp-content\/uploads\/2025\/02\/IMG-20250206-WA0017.jpg 1080w\" sizes=\"(max-width: 1024px) 100vw, 1024px\" \/><\/figure>\n\n\n\n<p><strong>Thierno Amadou DIALLO<\/strong><\/p>\n","protected":false},"excerpt":{"rendered":"<p>L\u2019amphith\u00e9\u00e2tre de 400 places assises a servi de cadre \u00e0 cette grande c\u00e9r\u00e9monie d\u2019inauguration, plac\u00e9e sous la pr\u00e9sidence du Premier ministre, chef du gouvernement, ce jeudi 6 f\u00e9vrier 2025. C\u2019est avec une forte mobilisation des administrateurs, des enseignants et des \u00e9tudiants que la d\u00e9l\u00e9gation gouvernementale, conduite par Monsieur Amadou Oury BAH, Premier ministre, a \u00e9t\u00e9 [&hellip;]<\/p>\n","protected":false},"author":123458,"featured_media":7650,"comment_status":"open","ping_status":"open","sticky":false,"template":"","format":"standard","meta":{"_acf_changed":false,"footnotes":""},"categories":[11,4],"tags":[],"class_list":["post-7643","post","type-post","status-publish","format-standard","has-post-thumbnail","hentry","category-actualite","category-education"],"acf":[],"_links":{"self":[{"href":"https:\/\/lereveil224.info\/index.php\/wp-json\/wp\/v2\/posts\/7643","targetHints":{"allow":["GET"]}}],"collection":[{"href":"https:\/\/lereveil224.info\/index.php\/wp-json\/wp\/v2\/posts"}],"about":[{"href":"https:\/\/lereveil224.info\/index.php\/wp-json\/wp\/v2\/types\/post"}],"author":[{"embeddable":true,"href":"https:\/\/lereveil224.info\/index.php\/wp-json\/wp\/v2\/users\/123458"}],"replies":[{"embeddable":true,"href":"https:\/\/lereveil224.info\/index.php\/wp-json\/wp\/v2\/comments?post=7643"}],"version-history":[{"count":2,"href":"https:\/\/lereveil224.info\/index.php\/wp-json\/wp\/v2\/posts\/7643\/revisions"}],"predecessor-version":[{"id":7652,"href":"https:\/\/lereveil224.info\/index.php\/wp-json\/wp\/v2\/posts\/7643\/revisions\/7652"}],"wp:featuredmedia":[{"embeddable":true,"href":"https:\/\/lereveil224.info\/index.php\/wp-json\/wp\/v2\/media\/7650"}],"wp:attachment":[{"href":"https:\/\/lereveil224.info\/index.php\/wp-json\/wp\/v2\/media?parent=7643"}],"wp:term":[{"taxonomy":"category","embeddable":true,"href":"https:\/\/lereveil224.info\/index.php\/wp-json\/wp\/v2\/categories?post=7643"},{"taxonomy":"post_tag","embeddable":true,"href":"https:\/\/lereveil224.info\/index.php\/wp-json\/wp\/v2\/tags?post=7643"}],"curies":[{"name":"wp","href":"https:\/\/api.w.org\/{rel}","templated":true}]}}