{"id":7635,"date":"2025-02-06T11:09:22","date_gmt":"2025-02-06T11:09:22","guid":{"rendered":"https:\/\/lereveil224.info\/?p=7635"},"modified":"2025-02-06T11:09:23","modified_gmt":"2025-02-06T11:09:23","slug":"nzerekore-une-nouvelle-equipe-installee-a-la-tete-dirvag","status":"publish","type":"post","link":"https:\/\/lereveil224.info\/index.php\/2025\/02\/06\/nzerekore-une-nouvelle-equipe-installee-a-la-tete-dirvag\/","title":{"rendered":"Nz\u00e9r\u00e9kor\u00e9 : une nouvelle \u00e9quipe install\u00e9e \u00e0 la t\u00eate d\u2019IRVAG"},"content":{"rendered":"\n<p>La refondation est en marche. Le gouvernement guin\u00e9en, en s\u00e9jour dans la r\u00e9gion foresti\u00e8re depuis quelques jours dans le cadre de l&rsquo;immersion gouvernementale, vient de mettre en place une toute nouvelle \u00e9quipe \u00e0 la t\u00eate de l\u2019Institut de Recherche et de Vulgarisation de l\u2019Aulacodiculture (IRVAG). La c\u00e9r\u00e9monie s\u2019est d\u00e9roul\u00e9e ce mercredi 5 f\u00e9vrier 2024 dans la grande cour dudit centre.<\/p>\n\n\n\n<p>C\u2019est une mission du minist\u00e8re de l\u2019Enseignement sup\u00e9rieur, de la Recherche scientifique et de l\u2019Innovation qui a proc\u00e9d\u00e9 \u00e0 la passation de service entre le bureau sortant et le bureau entrant.<\/p>\n\n\n\n<figure class=\"wp-block-image size-full\"><img fetchpriority=\"high\" decoding=\"async\" width=\"1020\" height=\"765\" src=\"https:\/\/lereveil224.info\/wp-content\/uploads\/2025\/02\/IMG-20250206-WA0003.jpg\" alt=\"\" class=\"wp-image-7641\" srcset=\"https:\/\/lereveil224.info\/wp-content\/uploads\/2025\/02\/IMG-20250206-WA0003.jpg 1020w, https:\/\/lereveil224.info\/wp-content\/uploads\/2025\/02\/IMG-20250206-WA0003-300x225.jpg 300w, https:\/\/lereveil224.info\/wp-content\/uploads\/2025\/02\/IMG-20250206-WA0003-768x576.jpg 768w, https:\/\/lereveil224.info\/wp-content\/uploads\/2025\/02\/IMG-20250206-WA0003-86x64.jpg 86w\" sizes=\"(max-width: 1020px) 100vw, 1020px\" \/><\/figure>\n\n\n\n<p>\u00ab\u00a0Je rappelle qu\u2019\u00e0 ma prise de fonction en tant que directeur du centre, le 22 avril 2022, la structure de l\u2019IRVAG comprenait une direction g\u00e9n\u00e9rale et cinq services anim\u00e9s par quatre chercheurs, deux cadres d\u2019appui, neuf contractuels permanents et quinze contractuels temporaires. \u00c0 ce jour, l\u2019IRVAG dispose d\u2019une expertise permanente sur la domestication des aulacodes, ainsi que des installations et quelques \u00e9quipements adapt\u00e9s pour la conservation de la biodiversit\u00e9 menac\u00e9e, en vue d\u2019encourager la vulgarisation de l\u2019aulacodiculture aupr\u00e8s des acteurs concern\u00e9s. Cela permettrait de reconvertir les chasseurs et consommateurs de ce gibier en producteurs\u00a0\u00bb, a d\u00e9clar\u00e9 avec regret le directeur sortant, S\u00e9kou DIABAT\u00c9.<\/p>\n\n\n\n<p>Concernant la collaboration avec la nouvelle \u00e9quipe, il a tenu \u00e0 rassurer son successeur : \u00ab\u00a0Je lui assure ma disponibilit\u00e9 \u00e0 travailler efficacement avec lui, sans rel\u00e2che, pour le rayonnement de la recherche scientifique au service du d\u00e9veloppement \u00e9conomique et social durable en Guin\u00e9e.\u00a0\u00bb<\/p>\n\n\n\n<figure class=\"wp-block-image size-full\"><img decoding=\"async\" width=\"1020\" height=\"765\" src=\"https:\/\/lereveil224.info\/wp-content\/uploads\/2025\/02\/IMG-20250206-WA0004.jpg\" alt=\"\" class=\"wp-image-7640\" srcset=\"https:\/\/lereveil224.info\/wp-content\/uploads\/2025\/02\/IMG-20250206-WA0004.jpg 1020w, https:\/\/lereveil224.info\/wp-content\/uploads\/2025\/02\/IMG-20250206-WA0004-300x225.jpg 300w, https:\/\/lereveil224.info\/wp-content\/uploads\/2025\/02\/IMG-20250206-WA0004-768x576.jpg 768w, https:\/\/lereveil224.info\/wp-content\/uploads\/2025\/02\/IMG-20250206-WA0004-86x64.jpg 86w\" sizes=\"(max-width: 1020px) 100vw, 1020px\" \/><\/figure>\n\n\n\n<figure class=\"wp-block-image size-full\"><img decoding=\"async\" width=\"1020\" height=\"765\" src=\"https:\/\/lereveil224.info\/wp-content\/uploads\/2025\/02\/IMG-20250206-WA0004.jpg\" alt=\"\" class=\"wp-image-7640\" srcset=\"https:\/\/lereveil224.info\/wp-content\/uploads\/2025\/02\/IMG-20250206-WA0004.jpg 1020w, https:\/\/lereveil224.info\/wp-content\/uploads\/2025\/02\/IMG-20250206-WA0004-300x225.jpg 300w, https:\/\/lereveil224.info\/wp-content\/uploads\/2025\/02\/IMG-20250206-WA0004-768x576.jpg 768w, https:\/\/lereveil224.info\/wp-content\/uploads\/2025\/02\/IMG-20250206-WA0004-86x64.jpg 86w\" sizes=\"(max-width: 1020px) 100vw, 1020px\" \/><\/figure>\n\n\n\n<p>Pour Mohamed KE\u00cfTA, le nouveau promu, apr\u00e8s avoir remerci\u00e9 le pr\u00e9sident de la R\u00e9publique et son ministre de tutelle, il a soulign\u00e9 les d\u00e9fis li\u00e9s \u00e0 cette science r\u00e9cente : \u00ab\u00a0Cette science exige beaucoup d\u2019efforts. C\u2019est un devoir envers les autorit\u00e9s que de contribuer \u00e0 l\u2019intensification et \u00e0 la diversification des productions alimentaires en Guin\u00e9e. C\u2019est dans cette optique que le minist\u00e8re de l\u2019Enseignement sup\u00e9rieur a initi\u00e9 des recherches sur l\u2019aulacodiculture en vue de vulgariser l\u2019\u00e9levage de cette esp\u00e8ce non conventionnelle \u00e0 travers le pays. Je r\u00e9it\u00e8re mon engagement et ma reconnaissance envers le pr\u00e9sident de la R\u00e9publique et mon minist\u00e8re de tutelle pour cette confiance accord\u00e9e \u00e0 ma modeste personne. Mon \u00e9quipe et moi ferons tout ce qu\u2019il faut pour pr\u00e9server et moderniser cette institution de haute importance.\u00a0\u00bb<\/p>\n\n\n\n<figure class=\"wp-block-image size-full\"><img decoding=\"async\" width=\"1020\" height=\"765\" src=\"https:\/\/lereveil224.info\/wp-content\/uploads\/2025\/02\/IMG-20250206-WA0005.jpg\" alt=\"\" class=\"wp-image-7639\" srcset=\"https:\/\/lereveil224.info\/wp-content\/uploads\/2025\/02\/IMG-20250206-WA0005.jpg 1020w, https:\/\/lereveil224.info\/wp-content\/uploads\/2025\/02\/IMG-20250206-WA0005-300x225.jpg 300w, https:\/\/lereveil224.info\/wp-content\/uploads\/2025\/02\/IMG-20250206-WA0005-768x576.jpg 768w, https:\/\/lereveil224.info\/wp-content\/uploads\/2025\/02\/IMG-20250206-WA0005-86x64.jpg 86w\" sizes=\"(max-width: 1020px) 100vw, 1020px\" \/><\/figure>\n\n\n\n<figure class=\"wp-block-image size-full\"><img decoding=\"async\" width=\"1020\" height=\"765\" src=\"https:\/\/lereveil224.info\/wp-content\/uploads\/2025\/02\/IMG-20250206-WA0005.jpg\" alt=\"\" class=\"wp-image-7639\" srcset=\"https:\/\/lereveil224.info\/wp-content\/uploads\/2025\/02\/IMG-20250206-WA0005.jpg 1020w, https:\/\/lereveil224.info\/wp-content\/uploads\/2025\/02\/IMG-20250206-WA0005-300x225.jpg 300w, https:\/\/lereveil224.info\/wp-content\/uploads\/2025\/02\/IMG-20250206-WA0005-768x576.jpg 768w, https:\/\/lereveil224.info\/wp-content\/uploads\/2025\/02\/IMG-20250206-WA0005-86x64.jpg 86w\" sizes=\"(max-width: 1020px) 100vw, 1020px\" \/><\/figure>\n\n\n\n<p>Pr\u00e9sent \u00e0 cette passation de service, le pr\u00e9sident de la c\u00e9r\u00e9monie n\u2019a pas cach\u00e9 sa satisfaction envers l\u2019\u00e9quipe sortante et a donn\u00e9 des instructions claires avant de promettre son accompagnement \u00e0 la nouvelle \u00e9quipe.<\/p>\n\n\n\n<p>\u00ab\u00a0Je remercie le pr\u00e9sident de la R\u00e9publique, chef de l\u2019\u00c9tat, chef supr\u00eame des arm\u00e9es, le g\u00e9n\u00e9ral Mamadi Doumbouya, pour sa vision de refondation de l\u2019\u00c9tat. Les directives sont claires : au lieu de trois centres \u00e0 travers le pays, nous voulons en avoir dix ou plus dans les ann\u00e9es \u00e0 venir. Et cela, c\u2019est avec vous, la population de Mouata, et cette nouvelle \u00e9quipe, ainsi que les travailleurs de ce centre m\u00e8re.\u00a0\u00bb<\/p>\n\n\n\n<p>Il convient de rappeler que cette c\u00e9r\u00e9monie de passation de service s\u2019est d\u00e9roul\u00e9e dans une ambiance festive, en pr\u00e9sence des autorit\u00e9s communales, du patriarche et d\u2019une foule immense venue assister \u00e0 l\u2019\u00e9v\u00e9nement.<\/p>\n\n\n\n<figure class=\"wp-block-image size-full\"><img loading=\"lazy\" decoding=\"async\" width=\"1020\" height=\"765\" src=\"https:\/\/lereveil224.info\/wp-content\/uploads\/2025\/02\/IMG-20250206-WA0006.jpg\" alt=\"\" class=\"wp-image-7638\" srcset=\"https:\/\/lereveil224.info\/wp-content\/uploads\/2025\/02\/IMG-20250206-WA0006.jpg 1020w, https:\/\/lereveil224.info\/wp-content\/uploads\/2025\/02\/IMG-20250206-WA0006-300x225.jpg 300w, https:\/\/lereveil224.info\/wp-content\/uploads\/2025\/02\/IMG-20250206-WA0006-768x576.jpg 768w, https:\/\/lereveil224.info\/wp-content\/uploads\/2025\/02\/IMG-20250206-WA0006-86x64.jpg 86w\" sizes=\"(max-width: 1020px) 100vw, 1020px\" \/><\/figure>\n\n\n\n<figure class=\"wp-block-image size-full\"><img loading=\"lazy\" decoding=\"async\" width=\"1020\" height=\"765\" src=\"https:\/\/lereveil224.info\/wp-content\/uploads\/2025\/02\/IMG-20250206-WA0006.jpg\" alt=\"\" class=\"wp-image-7638\" srcset=\"https:\/\/lereveil224.info\/wp-content\/uploads\/2025\/02\/IMG-20250206-WA0006.jpg 1020w, https:\/\/lereveil224.info\/wp-content\/uploads\/2025\/02\/IMG-20250206-WA0006-300x225.jpg 300w, https:\/\/lereveil224.info\/wp-content\/uploads\/2025\/02\/IMG-20250206-WA0006-768x576.jpg 768w, https:\/\/lereveil224.info\/wp-content\/uploads\/2025\/02\/IMG-20250206-WA0006-86x64.jpg 86w\" sizes=\"(max-width: 1020px) 100vw, 1020px\" \/><\/figure>\n\n\n\n<p><strong>Thierno Amadou DIALLO<\/strong><\/p>\n","protected":false},"excerpt":{"rendered":"<p>La refondation est en marche. Le gouvernement guin\u00e9en, en s\u00e9jour dans la r\u00e9gion foresti\u00e8re depuis quelques jours dans le cadre de l&rsquo;immersion gouvernementale, vient de mettre en place une toute nouvelle \u00e9quipe \u00e0 la t\u00eate de l\u2019Institut de Recherche et de Vulgarisation de l\u2019Aulacodiculture (IRVAG). La c\u00e9r\u00e9monie s\u2019est d\u00e9roul\u00e9e ce mercredi 5 f\u00e9vrier 2024 dans [&hellip;]<\/p>\n","protected":false},"author":123458,"featured_media":7636,"comment_status":"open","ping_status":"open","sticky":false,"template":"","format":"standard","meta":{"_acf_changed":false,"footnotes":""},"categories":[11,2,18],"tags":[],"class_list":["post-7635","post","type-post","status-publish","format-standard","has-post-thumbnail","hentry","category-actualite","category-politique","category-region"],"acf":[],"_links":{"self":[{"href":"https:\/\/lereveil224.info\/index.php\/wp-json\/wp\/v2\/posts\/7635","targetHints":{"allow":["GET"]}}],"collection":[{"href":"https:\/\/lereveil224.info\/index.php\/wp-json\/wp\/v2\/posts"}],"about":[{"href":"https:\/\/lereveil224.info\/index.php\/wp-json\/wp\/v2\/types\/post"}],"author":[{"embeddable":true,"href":"https:\/\/lereveil224.info\/index.php\/wp-json\/wp\/v2\/users\/123458"}],"replies":[{"embeddable":true,"href":"https:\/\/lereveil224.info\/index.php\/wp-json\/wp\/v2\/comments?post=7635"}],"version-history":[{"count":1,"href":"https:\/\/lereveil224.info\/index.php\/wp-json\/wp\/v2\/posts\/7635\/revisions"}],"predecessor-version":[{"id":7642,"href":"https:\/\/lereveil224.info\/index.php\/wp-json\/wp\/v2\/posts\/7635\/revisions\/7642"}],"wp:featuredmedia":[{"embeddable":true,"href":"https:\/\/lereveil224.info\/index.php\/wp-json\/wp\/v2\/media\/7636"}],"wp:attachment":[{"href":"https:\/\/lereveil224.info\/index.php\/wp-json\/wp\/v2\/media?parent=7635"}],"wp:term":[{"taxonomy":"category","embeddable":true,"href":"https:\/\/lereveil224.info\/index.php\/wp-json\/wp\/v2\/categories?post=7635"},{"taxonomy":"post_tag","embeddable":true,"href":"https:\/\/lereveil224.info\/index.php\/wp-json\/wp\/v2\/tags?post=7635"}],"curies":[{"name":"wp","href":"https:\/\/api.w.org\/{rel}","templated":true}]}}