{"id":7630,"date":"2025-02-06T07:17:07","date_gmt":"2025-02-06T07:17:07","guid":{"rendered":"https:\/\/lereveil224.info\/?p=7630"},"modified":"2025-02-06T07:17:07","modified_gmt":"2025-02-06T07:17:07","slug":"nzerekore-les-ministres-de-la-defense-et-de-la-securite-posent-leurs-valises","status":"publish","type":"post","link":"https:\/\/lereveil224.info\/index.php\/2025\/02\/06\/nzerekore-les-ministres-de-la-defense-et-de-la-securite-posent-leurs-valises\/","title":{"rendered":"N&rsquo;Z\u00e9r\u00e9kor\u00e9 : Les Ministres de la D\u00e9fense et de la S\u00e9curit\u00e9 posent leurs valises"},"content":{"rendered":"\n<p>Mercredi 5 f\u00e9vrier 2025, N&rsquo;Z\u00e9r\u00e9kor\u00e9 a accueilli deux figures majeures du gouvernement dans le cadre de l&rsquo;immersion gouvernementale 2025. Le Ministre de la D\u00e9fense Nationale, Ambassadeur Aboubacar Sidiki CAMARA, et son homologue de la S\u00e9curit\u00e9 et de la Protection Civile, le G\u00e9n\u00e9ral 2\u1d49 Section Bachir DIALLO, sont arriv\u00e9s aux environs de 13 heures dans la capitale de la Guin\u00e9e foresti\u00e8re.<\/p>\n\n\n\n<figure class=\"wp-block-image size-full\"><img fetchpriority=\"high\" decoding=\"async\" width=\"720\" height=\"483\" src=\"https:\/\/lereveil224.info\/wp-content\/uploads\/2025\/02\/FB_IMG_1738795960578.jpg\" alt=\"\" class=\"wp-image-7632\" srcset=\"https:\/\/lereveil224.info\/wp-content\/uploads\/2025\/02\/FB_IMG_1738795960578.jpg 720w, https:\/\/lereveil224.info\/wp-content\/uploads\/2025\/02\/FB_IMG_1738795960578-300x201.jpg 300w\" sizes=\"(max-width: 720px) 100vw, 720px\" \/><\/figure>\n\n\n\n<p>\u00c0 leur descente, ils ont \u00e9t\u00e9 re\u00e7us par la cha\u00eene de commandement et la troupe des Forces de D\u00e9fense et de S\u00e9curit\u00e9, avec \u00e0 leur t\u00eate le Colonel Amara SYLLA, Commandant la 4 eme R\u00e9gion militairede N&rsquo;Z\u00e9r\u00e9kor\u00e9. Cette visite s&rsquo;inscrit dans la volont\u00e9 du gouvernement de renforcer le dialogue avec les forces de l&rsquo;ordre et de r\u00e9pondre aux pr\u00e9occupations des populations ainsi que des services d\u00e9concentr\u00e9s de leurs d\u00e9partements respectifs.<\/p>\n\n\n\n<p>Conform\u00e9ment aux directives du Pr\u00e9sident de la R\u00e9publique et Chef Supr\u00eame des Arm\u00e9es, le G\u00e9n\u00e9ral Mamadi DOUMBOUYA, le Ministre de la D\u00e9fense Nationale tiendra des rencontres avec la cha\u00eene de commandement et la troupe. Plusieurs visites sont \u00e9galement pr\u00e9vues dans les garnisons militaires de la 4e R\u00e9gion Militaire (RM) ainsi que sur les chantiers r\u00e9alis\u00e9s ou en cours pour le renforcement des Forces Arm\u00e9es dans le sud du pays.<\/p>\n\n\n\n<figure class=\"wp-block-image size-full\"><img decoding=\"async\" width=\"720\" height=\"483\" src=\"https:\/\/lereveil224.info\/wp-content\/uploads\/2025\/02\/FB_IMG_1738795954066.jpg\" alt=\"\" class=\"wp-image-7633\" srcset=\"https:\/\/lereveil224.info\/wp-content\/uploads\/2025\/02\/FB_IMG_1738795954066.jpg 720w, https:\/\/lereveil224.info\/wp-content\/uploads\/2025\/02\/FB_IMG_1738795954066-300x201.jpg 300w\" sizes=\"(max-width: 720px) 100vw, 720px\" \/><\/figure>\n\n\n\n<figure class=\"wp-block-image size-full\"><img decoding=\"async\" width=\"720\" height=\"483\" src=\"https:\/\/lereveil224.info\/wp-content\/uploads\/2025\/02\/FB_IMG_1738795954066.jpg\" alt=\"\" class=\"wp-image-7633\" srcset=\"https:\/\/lereveil224.info\/wp-content\/uploads\/2025\/02\/FB_IMG_1738795954066.jpg 720w, https:\/\/lereveil224.info\/wp-content\/uploads\/2025\/02\/FB_IMG_1738795954066-300x201.jpg 300w\" sizes=\"(max-width: 720px) 100vw, 720px\" \/><\/figure>\n\n\n\n<p>\u00c0 travers cette immersion, le gouvernement r\u00e9affirme son engagement envers la s\u00e9curit\u00e9 nationale et la protection des citoyens, tout en veillant \u00e0 l&rsquo;am\u00e9lioration des conditions de travail des hommes et femmes en uniforme.<\/p>\n\n\n\n<p><strong>Mamadouba CAMARA<\/strong><\/p>\n","protected":false},"excerpt":{"rendered":"<p>Mercredi 5 f\u00e9vrier 2025, N&rsquo;Z\u00e9r\u00e9kor\u00e9 a accueilli deux figures majeures du gouvernement dans le cadre de l&rsquo;immersion gouvernementale 2025. Le Ministre de la D\u00e9fense Nationale, Ambassadeur Aboubacar Sidiki CAMARA, et son homologue de la S\u00e9curit\u00e9 et de la Protection Civile, le G\u00e9n\u00e9ral 2\u1d49 Section Bachir DIALLO, sont arriv\u00e9s aux environs de 13 heures dans la [&hellip;]<\/p>\n","protected":false},"author":123458,"featured_media":7631,"comment_status":"open","ping_status":"open","sticky":false,"template":"","format":"standard","meta":{"_acf_changed":false,"footnotes":""},"categories":[11,2,18],"tags":[],"class_list":["post-7630","post","type-post","status-publish","format-standard","has-post-thumbnail","hentry","category-actualite","category-politique","category-region"],"acf":[],"_links":{"self":[{"href":"https:\/\/lereveil224.info\/index.php\/wp-json\/wp\/v2\/posts\/7630","targetHints":{"allow":["GET"]}}],"collection":[{"href":"https:\/\/lereveil224.info\/index.php\/wp-json\/wp\/v2\/posts"}],"about":[{"href":"https:\/\/lereveil224.info\/index.php\/wp-json\/wp\/v2\/types\/post"}],"author":[{"embeddable":true,"href":"https:\/\/lereveil224.info\/index.php\/wp-json\/wp\/v2\/users\/123458"}],"replies":[{"embeddable":true,"href":"https:\/\/lereveil224.info\/index.php\/wp-json\/wp\/v2\/comments?post=7630"}],"version-history":[{"count":1,"href":"https:\/\/lereveil224.info\/index.php\/wp-json\/wp\/v2\/posts\/7630\/revisions"}],"predecessor-version":[{"id":7634,"href":"https:\/\/lereveil224.info\/index.php\/wp-json\/wp\/v2\/posts\/7630\/revisions\/7634"}],"wp:featuredmedia":[{"embeddable":true,"href":"https:\/\/lereveil224.info\/index.php\/wp-json\/wp\/v2\/media\/7631"}],"wp:attachment":[{"href":"https:\/\/lereveil224.info\/index.php\/wp-json\/wp\/v2\/media?parent=7630"}],"wp:term":[{"taxonomy":"category","embeddable":true,"href":"https:\/\/lereveil224.info\/index.php\/wp-json\/wp\/v2\/categories?post=7630"},{"taxonomy":"post_tag","embeddable":true,"href":"https:\/\/lereveil224.info\/index.php\/wp-json\/wp\/v2\/tags?post=7630"}],"curies":[{"name":"wp","href":"https:\/\/api.w.org\/{rel}","templated":true}]}}