{"id":7627,"date":"2025-02-05T19:23:10","date_gmt":"2025-02-05T19:23:10","guid":{"rendered":"https:\/\/lereveil224.info\/?p=7627"},"modified":"2025-02-05T19:23:10","modified_gmt":"2025-02-05T19:23:10","slug":"elimination-du-syli-national-la-caf-promet-des-reponses-avant-jeudi-soir","status":"publish","type":"post","link":"https:\/\/lereveil224.info\/index.php\/2025\/02\/05\/elimination-du-syli-national-la-caf-promet-des-reponses-avant-jeudi-soir\/","title":{"rendered":"\u00c9limination du Syli National : La CAF Promet des R\u00e9ponses Avant Jeudi Soir"},"content":{"rendered":"\n<p>Deux mois apr\u00e8s la fin des \u00e9liminatoires de la Coupe d&rsquo;Afrique des Nations Maroc 2025, la F\u00e9d\u00e9ration Guin\u00e9enne de Football (Feguifoot) peine encore \u00e0 dig\u00e9rer l\u2019\u00e9limination du Syli National. Des irr\u00e9gularit\u00e9s auraient entach\u00e9 la derni\u00e8re journ\u00e9e des qualifications, et la f\u00e9d\u00e9ration guin\u00e9enne n\u2019a cess\u00e9 de r\u00e9clamer des explications \u00e0 la Conf\u00e9d\u00e9ration Africaine de Football (CAF).<\/p>\n\n\n\n<p>Dans un r\u00e9cent \u00e9change, la CAF a promis de communiquer les motifs d\u00e9taill\u00e9s de la d\u00e9cision <strong>DC2319<\/strong>, qui a scell\u00e9 l\u2019\u00e9limination de la Guin\u00e9e. Le secr\u00e9taire g\u00e9n\u00e9ral de l\u2019instance continentale, V\u00e9ron Mosengo-Omba, a affirm\u00e9 que la division comp\u00e9tente de la CAF se penchera sur le dossier et apportera des pr\u00e9cisions avant jeudi soir.<\/p>\n\n\n\n<p>Cette annonce laisse entrevoir une lueur d\u2019espoir pour la Feguifoot, qui esp\u00e8re un \u00e9ventuel revirement en sa faveur. Toutefois, il reste \u00e0 voir si cette communication apportera des \u00e9l\u00e9ments convaincants ou si elle ne fera que confirmer une d\u00e9cision d\u00e9j\u00e0 act\u00e9e. En attendant, les supporters du Syli National retiennent leur souffle.<\/p>\n\n\n\n<p><strong>Mamadouba CAMARA<\/strong><\/p>\n","protected":false},"excerpt":{"rendered":"<p>Deux mois apr\u00e8s la fin des \u00e9liminatoires de la Coupe d&rsquo;Afrique des Nations Maroc 2025, la F\u00e9d\u00e9ration Guin\u00e9enne de Football (Feguifoot) peine encore \u00e0 dig\u00e9rer l\u2019\u00e9limination du Syli National. Des irr\u00e9gularit\u00e9s auraient entach\u00e9 la derni\u00e8re journ\u00e9e des qualifications, et la f\u00e9d\u00e9ration guin\u00e9enne n\u2019a cess\u00e9 de r\u00e9clamer des explications \u00e0 la Conf\u00e9d\u00e9ration Africaine de Football (CAF). [&hellip;]<\/p>\n","protected":false},"author":123458,"featured_media":7628,"comment_status":"open","ping_status":"open","sticky":false,"template":"","format":"standard","meta":{"_acf_changed":false,"footnotes":""},"categories":[11,9],"tags":[],"class_list":["post-7627","post","type-post","status-publish","format-standard","has-post-thumbnail","hentry","category-actualite","category-sport"],"acf":[],"_links":{"self":[{"href":"https:\/\/lereveil224.info\/index.php\/wp-json\/wp\/v2\/posts\/7627","targetHints":{"allow":["GET"]}}],"collection":[{"href":"https:\/\/lereveil224.info\/index.php\/wp-json\/wp\/v2\/posts"}],"about":[{"href":"https:\/\/lereveil224.info\/index.php\/wp-json\/wp\/v2\/types\/post"}],"author":[{"embeddable":true,"href":"https:\/\/lereveil224.info\/index.php\/wp-json\/wp\/v2\/users\/123458"}],"replies":[{"embeddable":true,"href":"https:\/\/lereveil224.info\/index.php\/wp-json\/wp\/v2\/comments?post=7627"}],"version-history":[{"count":1,"href":"https:\/\/lereveil224.info\/index.php\/wp-json\/wp\/v2\/posts\/7627\/revisions"}],"predecessor-version":[{"id":7629,"href":"https:\/\/lereveil224.info\/index.php\/wp-json\/wp\/v2\/posts\/7627\/revisions\/7629"}],"wp:featuredmedia":[{"embeddable":true,"href":"https:\/\/lereveil224.info\/index.php\/wp-json\/wp\/v2\/media\/7628"}],"wp:attachment":[{"href":"https:\/\/lereveil224.info\/index.php\/wp-json\/wp\/v2\/media?parent=7627"}],"wp:term":[{"taxonomy":"category","embeddable":true,"href":"https:\/\/lereveil224.info\/index.php\/wp-json\/wp\/v2\/categories?post=7627"},{"taxonomy":"post_tag","embeddable":true,"href":"https:\/\/lereveil224.info\/index.php\/wp-json\/wp\/v2\/tags?post=7627"}],"curies":[{"name":"wp","href":"https:\/\/api.w.org\/{rel}","templated":true}]}}