{"id":7625,"date":"2025-02-05T07:47:27","date_gmt":"2025-02-05T07:47:27","guid":{"rendered":"https:\/\/lereveil224.info\/?p=7625"},"modified":"2025-02-05T07:47:28","modified_gmt":"2025-02-05T07:47:28","slug":"jean-jacques-wondo-de-la-peine-capitale-a-une-liberation-inattendue","status":"publish","type":"post","link":"https:\/\/lereveil224.info\/index.php\/2025\/02\/05\/jean-jacques-wondo-de-la-peine-capitale-a-une-liberation-inattendue\/","title":{"rendered":"Jean-Jacques WONDO : De la Peine Capitale \u00e0 une Lib\u00e9ration Inattendue"},"content":{"rendered":"\n<p>En R\u00e9publique d\u00e9mocratique du Congo, la lib\u00e9ration surprise de l\u2019expert s\u00e9curitaire belge Jean-Jacques WONDO suscite de nombreuses r\u00e9actions. Condamn\u00e9 \u00e0 mort pour sa pr\u00e9tendue implication dans la tentative de coup d\u2019\u00c9tat du 19 mai 2024, il a \u00e9t\u00e9 rel\u00e2ch\u00e9 ce mardi 4 f\u00e9vrier 2025 pour des \u00ab raisons m\u00e9dicales \u00bb. Cette d\u00e9cision intervient moins d\u2019une semaine apr\u00e8s la confirmation de sa peine en appel, un verdict qui avait exacerb\u00e9 les tensions diplomatiques entre la Belgique et la RDC.<\/p>\n\n\n\n<p>L\u2019affaire Jean-Jacques WONDO avait secou\u00e9 l\u2019opinion publique congolaise et internationale. Sp\u00e9cialiste reconnu des questions s\u00e9curitaires en Afrique centrale, il avait \u00e9t\u00e9 accus\u00e9 par les autorit\u00e9s congolaises d\u2019avoir jou\u00e9 un r\u00f4le dans la tentative de renversement du pouvoir. Sa condamnation \u00e0 mort avait \u00e9t\u00e9 per\u00e7ue par certains comme une man\u0153uvre politique, tandis que d\u2019autres y voyaient une sanction exemplaire dans un contexte de forte instabilit\u00e9 s\u00e9curitaire.<\/p>\n\n\n\n<p>L\u2019annonce de sa lib\u00e9ration pour \u00ab raisons m\u00e9dicales \u00bb interroge. S\u2019agit-il d\u2019un geste humanitaire ou d\u2019une issue diplomatique face aux pressions internationales ? La Belgique, qui avait fermement contest\u00e9 la condamnation de son ressortissant, s\u2019\u00e9tait montr\u00e9e pr\u00e9occup\u00e9e par l\u2019issue du proc\u00e8s et la d\u00e9t\u00e9rioration des relations bilat\u00e9rales. Cette lib\u00e9ration pourrait ainsi \u00eatre le r\u00e9sultat de tractations discr\u00e8tes entre Bruxelles et Kinshasa.<\/p>\n\n\n\n<p>Quelles seront les cons\u00e9quences de cette d\u00e9cision sur la sc\u00e8ne politique congolaise ? Son cas restera un symbole des tensions entre justice, politique et relations internationales en Afrique centrale. Une chose est s\u00fbre : la lib\u00e9ration de Jean-Jacques WONDO ne marque pas la fin de cette affaire, mais ouvre un nouveau chapitre plein d\u2019incertitudes.<\/p>\n\n\n\n<p><strong>Mamadouba CAMARA<\/strong><\/p>\n","protected":false},"excerpt":{"rendered":"<p>En R\u00e9publique d\u00e9mocratique du Congo, la lib\u00e9ration surprise de l\u2019expert s\u00e9curitaire belge Jean-Jacques WONDO suscite de nombreuses r\u00e9actions. Condamn\u00e9 \u00e0 mort pour sa pr\u00e9tendue implication dans la tentative de coup d\u2019\u00c9tat du 19 mai 2024, il a \u00e9t\u00e9 rel\u00e2ch\u00e9 ce mardi 4 f\u00e9vrier 2025 pour des \u00ab raisons m\u00e9dicales \u00bb. Cette d\u00e9cision intervient moins d\u2019une [&hellip;]<\/p>\n","protected":false},"author":123458,"featured_media":7442,"comment_status":"open","ping_status":"open","sticky":false,"template":"","format":"standard","meta":{"_acf_changed":false,"footnotes":""},"categories":[11,29,2],"tags":[],"class_list":["post-7625","post","type-post","status-publish","format-standard","has-post-thumbnail","hentry","category-actualite","category-continentale","category-politique"],"acf":[],"_links":{"self":[{"href":"https:\/\/lereveil224.info\/index.php\/wp-json\/wp\/v2\/posts\/7625","targetHints":{"allow":["GET"]}}],"collection":[{"href":"https:\/\/lereveil224.info\/index.php\/wp-json\/wp\/v2\/posts"}],"about":[{"href":"https:\/\/lereveil224.info\/index.php\/wp-json\/wp\/v2\/types\/post"}],"author":[{"embeddable":true,"href":"https:\/\/lereveil224.info\/index.php\/wp-json\/wp\/v2\/users\/123458"}],"replies":[{"embeddable":true,"href":"https:\/\/lereveil224.info\/index.php\/wp-json\/wp\/v2\/comments?post=7625"}],"version-history":[{"count":1,"href":"https:\/\/lereveil224.info\/index.php\/wp-json\/wp\/v2\/posts\/7625\/revisions"}],"predecessor-version":[{"id":7626,"href":"https:\/\/lereveil224.info\/index.php\/wp-json\/wp\/v2\/posts\/7625\/revisions\/7626"}],"wp:featuredmedia":[{"embeddable":true,"href":"https:\/\/lereveil224.info\/index.php\/wp-json\/wp\/v2\/media\/7442"}],"wp:attachment":[{"href":"https:\/\/lereveil224.info\/index.php\/wp-json\/wp\/v2\/media?parent=7625"}],"wp:term":[{"taxonomy":"category","embeddable":true,"href":"https:\/\/lereveil224.info\/index.php\/wp-json\/wp\/v2\/categories?post=7625"},{"taxonomy":"post_tag","embeddable":true,"href":"https:\/\/lereveil224.info\/index.php\/wp-json\/wp\/v2\/tags?post=7625"}],"curies":[{"name":"wp","href":"https:\/\/api.w.org\/{rel}","templated":true}]}}