{"id":7616,"date":"2025-02-04T18:40:31","date_gmt":"2025-02-04T18:40:31","guid":{"rendered":"https:\/\/lereveil224.info\/?p=7616"},"modified":"2025-02-04T18:40:31","modified_gmt":"2025-02-04T18:40:31","slug":"nzerekore-le-ministre-du-budget-accueilli-par-la-direction-regionale-des-douanes","status":"publish","type":"post","link":"https:\/\/lereveil224.info\/index.php\/2025\/02\/04\/nzerekore-le-ministre-du-budget-accueilli-par-la-direction-regionale-des-douanes\/","title":{"rendered":"N&rsquo;Z\u00e9r\u00e9kor\u00e9 : Le Ministre du budget accueilli par la direction r\u00e9gionale des Douanes"},"content":{"rendered":"\n<p>Dans la soir\u00e9e de ce mardi 4 f\u00e9vrier 2025, la direction r\u00e9gionale des Douanes de N&rsquo;Z\u00e9r\u00e9kor\u00e9, a \u00e9t\u00e9 le cadre r\u00e9serv\u00e9e par le directeur r\u00e9gional des Douanes pour accueillir le ministre du budget Monsieur Facinet SYLLA.<\/p>\n\n\n\n<p>Re\u00e7u avec tous les honneurs au rythme des pas de danses du Nimba Jazz de N&rsquo;Z\u00e9r\u00e9kor\u00e9, dans un cadre qui impose l&rsquo;admiration. Apr\u00e8s la revue des troupes le ministre du budget s&rsquo;est exprim\u00e9 en ces termes \u00ab je suis tr\u00e8s content de l&rsquo;accueil que vous m&rsquo;avez r\u00e9serv\u00e9. Et durant mon s\u00e9jour nous allons visiter plusieurs chantiers et localit\u00e9s de la r\u00e9gion, afin de toucher du doigts les r\u00e9alit\u00e9s.\u00bb<\/p>\n\n\n\n<figure class=\"wp-block-image size-full\"><img fetchpriority=\"high\" decoding=\"async\" width=\"1020\" height=\"471\" src=\"https:\/\/lereveil224.info\/wp-content\/uploads\/2025\/02\/IMG-20250204-WA0003.jpg\" alt=\"\" class=\"wp-image-7618\" srcset=\"https:\/\/lereveil224.info\/wp-content\/uploads\/2025\/02\/IMG-20250204-WA0003.jpg 1020w, https:\/\/lereveil224.info\/wp-content\/uploads\/2025\/02\/IMG-20250204-WA0003-300x139.jpg 300w, https:\/\/lereveil224.info\/wp-content\/uploads\/2025\/02\/IMG-20250204-WA0003-768x355.jpg 768w\" sizes=\"(max-width: 1020px) 100vw, 1020px\" \/><\/figure>\n\n\n\n<p>\u00c0 noter que depuis l&rsquo;arriv\u00e9e du Colonel Tallah DIAKIT\u00c9, \u00e0 la t\u00eate de la direction r\u00e9gionale des Douanes de N&rsquo;Z\u00e9r\u00e9kor\u00e9, plusieurs acquis sont \u00e0 constat\u00e9s tant au niveau l&rsquo;augmentation des recettes douani\u00e8res qu&rsquo;au niveau de la construction et la r\u00e9novation des bureaux et postes de douanes le long des fronti\u00e8res.<\/p>\n\n\n\n<figure class=\"wp-block-image size-full\"><img decoding=\"async\" width=\"1020\" height=\"471\" src=\"https:\/\/lereveil224.info\/wp-content\/uploads\/2025\/02\/IMG-20250204-WA0002.jpg\" alt=\"\" class=\"wp-image-7619\" srcset=\"https:\/\/lereveil224.info\/wp-content\/uploads\/2025\/02\/IMG-20250204-WA0002.jpg 1020w, https:\/\/lereveil224.info\/wp-content\/uploads\/2025\/02\/IMG-20250204-WA0002-300x139.jpg 300w, https:\/\/lereveil224.info\/wp-content\/uploads\/2025\/02\/IMG-20250204-WA0002-768x355.jpg 768w\" sizes=\"(max-width: 1020px) 100vw, 1020px\" \/><\/figure>\n\n\n\n<figure class=\"wp-block-image size-full\"><img decoding=\"async\" width=\"1020\" height=\"471\" src=\"https:\/\/lereveil224.info\/wp-content\/uploads\/2025\/02\/IMG-20250204-WA0002.jpg\" alt=\"\" class=\"wp-image-7619\" srcset=\"https:\/\/lereveil224.info\/wp-content\/uploads\/2025\/02\/IMG-20250204-WA0002.jpg 1020w, https:\/\/lereveil224.info\/wp-content\/uploads\/2025\/02\/IMG-20250204-WA0002-300x139.jpg 300w, https:\/\/lereveil224.info\/wp-content\/uploads\/2025\/02\/IMG-20250204-WA0002-768x355.jpg 768w\" sizes=\"(max-width: 1020px) 100vw, 1020px\" \/><\/figure>\n\n\n\n<p>Pour tout savoir sur la l&rsquo;immersion gouvernementale, restez connect\u00e9s sur votre site <a href=\"http:\/\/www.lereveil224.info\">www.lereveil224.info<\/a><\/p>\n\n\n\n<p><strong>Thierno Amadou DIALLO<\/strong><\/p>\n","protected":false},"excerpt":{"rendered":"<p>Dans la soir\u00e9e de ce mardi 4 f\u00e9vrier 2025, la direction r\u00e9gionale des Douanes de N&rsquo;Z\u00e9r\u00e9kor\u00e9, a \u00e9t\u00e9 le cadre r\u00e9serv\u00e9e par le directeur r\u00e9gional des Douanes pour accueillir le ministre du budget Monsieur Facinet SYLLA. Re\u00e7u avec tous les honneurs au rythme des pas de danses du Nimba Jazz de N&rsquo;Z\u00e9r\u00e9kor\u00e9, dans un cadre [&hellip;]<\/p>\n","protected":false},"author":123458,"featured_media":7620,"comment_status":"open","ping_status":"open","sticky":false,"template":"","format":"standard","meta":{"_acf_changed":false,"footnotes":""},"categories":[11,18],"tags":[],"class_list":["post-7616","post","type-post","status-publish","format-standard","has-post-thumbnail","hentry","category-actualite","category-region"],"acf":[],"_links":{"self":[{"href":"https:\/\/lereveil224.info\/index.php\/wp-json\/wp\/v2\/posts\/7616","targetHints":{"allow":["GET"]}}],"collection":[{"href":"https:\/\/lereveil224.info\/index.php\/wp-json\/wp\/v2\/posts"}],"about":[{"href":"https:\/\/lereveil224.info\/index.php\/wp-json\/wp\/v2\/types\/post"}],"author":[{"embeddable":true,"href":"https:\/\/lereveil224.info\/index.php\/wp-json\/wp\/v2\/users\/123458"}],"replies":[{"embeddable":true,"href":"https:\/\/lereveil224.info\/index.php\/wp-json\/wp\/v2\/comments?post=7616"}],"version-history":[{"count":2,"href":"https:\/\/lereveil224.info\/index.php\/wp-json\/wp\/v2\/posts\/7616\/revisions"}],"predecessor-version":[{"id":7621,"href":"https:\/\/lereveil224.info\/index.php\/wp-json\/wp\/v2\/posts\/7616\/revisions\/7621"}],"wp:featuredmedia":[{"embeddable":true,"href":"https:\/\/lereveil224.info\/index.php\/wp-json\/wp\/v2\/media\/7620"}],"wp:attachment":[{"href":"https:\/\/lereveil224.info\/index.php\/wp-json\/wp\/v2\/media?parent=7616"}],"wp:term":[{"taxonomy":"category","embeddable":true,"href":"https:\/\/lereveil224.info\/index.php\/wp-json\/wp\/v2\/categories?post=7616"},{"taxonomy":"post_tag","embeddable":true,"href":"https:\/\/lereveil224.info\/index.php\/wp-json\/wp\/v2\/tags?post=7616"}],"curies":[{"name":"wp","href":"https:\/\/api.w.org\/{rel}","templated":true}]}}