{"id":7605,"date":"2025-02-02T14:35:01","date_gmt":"2025-02-02T14:35:01","guid":{"rendered":"https:\/\/lereveil224.info\/?p=7605"},"modified":"2025-02-02T14:35:02","modified_gmt":"2025-02-02T14:35:02","slug":"trump-et-la-guerre-commerciale-de-la-douleur-mais-ca-vaudra-le-coup","status":"publish","type":"post","link":"https:\/\/lereveil224.info\/index.php\/2025\/02\/02\/trump-et-la-guerre-commerciale-de-la-douleur-mais-ca-vaudra-le-coup\/","title":{"rendered":"TRUMP et la Guerre Commerciale : De la Douleur, Mais \u00c7a Vaudra le Coup"},"content":{"rendered":"\n<p>Donald TRUMP, fid\u00e8le \u00e0 son style provocateur et assum\u00e9, a reconnu ce dimanche 2 f\u00e9vrier que les nouveaux droits de douane qu&rsquo;il a impos\u00e9s pourraient causer des souffrances \u00e9conomiques aux Am\u00e9ricains. Pourtant, selon lui, cette politique protectionniste est un mal n\u00e9cessaire pour redonner \u00e0 son pays sa grandeur.<\/p>\n\n\n\n<p>\u00ab Y aura-t-il de la douleur ? Oui, peut-\u00eatre (et peut-\u00eatre pas). Mais nous allons rendre sa grandeur \u00e0 l&rsquo;Am\u00e9rique, et tout cela en vaudra le coup \u00bb, a-t-il affirm\u00e9 sur son r\u00e9seau Truth Social en lettres capitales. Ces propos interviennent au lendemain de la mise en place de nouveaux tarifs douaniers frappant le Canada, le Mexique et la Chine, des pays qui ont imm\u00e9diatement annonc\u00e9 des mesures de repr\u00e9sailles.<\/p>\n\n\n\n<p>Ce choix de TRUMP s&rsquo;inscrit dans une vision nationaliste de l&rsquo;\u00e9conomie o\u00f9 la protection des industries am\u00e9ricaines prime sur les cons\u00e9quences \u00e0 court terme pour les consommateurs et les entreprises locales. Cependant, cette approche risque d&rsquo;intensifier les tensions commerciales et d&rsquo;entra\u00eener une hausse des prix pour les Am\u00e9ricains.<\/p>\n\n\n\n<p>Face \u00e0 cette escalade, la question demeure : cette strat\u00e9gie conduira-t-elle r\u00e9ellement \u00e0 une Am\u00e9rique plus forte, ou bien plongera-t-elle le pays dans une crise \u00e9conomique aux cons\u00e9quences impr\u00e9visibles ?<\/p>\n\n\n\n<p><strong>Mamadouba CAMARA <\/strong><\/p>\n","protected":false},"excerpt":{"rendered":"<p>Donald TRUMP, fid\u00e8le \u00e0 son style provocateur et assum\u00e9, a reconnu ce dimanche 2 f\u00e9vrier que les nouveaux droits de douane qu&rsquo;il a impos\u00e9s pourraient causer des souffrances \u00e9conomiques aux Am\u00e9ricains. Pourtant, selon lui, cette politique protectionniste est un mal n\u00e9cessaire pour redonner \u00e0 son pays sa grandeur. \u00ab Y aura-t-il de la douleur ? [&hellip;]<\/p>\n","protected":false},"author":123458,"featured_media":7442,"comment_status":"open","ping_status":"open","sticky":false,"template":"","format":"standard","meta":{"_acf_changed":false,"footnotes":""},"categories":[11,30],"tags":[],"class_list":["post-7605","post","type-post","status-publish","format-standard","has-post-thumbnail","hentry","category-actualite","category-international"],"acf":[],"_links":{"self":[{"href":"https:\/\/lereveil224.info\/index.php\/wp-json\/wp\/v2\/posts\/7605","targetHints":{"allow":["GET"]}}],"collection":[{"href":"https:\/\/lereveil224.info\/index.php\/wp-json\/wp\/v2\/posts"}],"about":[{"href":"https:\/\/lereveil224.info\/index.php\/wp-json\/wp\/v2\/types\/post"}],"author":[{"embeddable":true,"href":"https:\/\/lereveil224.info\/index.php\/wp-json\/wp\/v2\/users\/123458"}],"replies":[{"embeddable":true,"href":"https:\/\/lereveil224.info\/index.php\/wp-json\/wp\/v2\/comments?post=7605"}],"version-history":[{"count":1,"href":"https:\/\/lereveil224.info\/index.php\/wp-json\/wp\/v2\/posts\/7605\/revisions"}],"predecessor-version":[{"id":7606,"href":"https:\/\/lereveil224.info\/index.php\/wp-json\/wp\/v2\/posts\/7605\/revisions\/7606"}],"wp:featuredmedia":[{"embeddable":true,"href":"https:\/\/lereveil224.info\/index.php\/wp-json\/wp\/v2\/media\/7442"}],"wp:attachment":[{"href":"https:\/\/lereveil224.info\/index.php\/wp-json\/wp\/v2\/media?parent=7605"}],"wp:term":[{"taxonomy":"category","embeddable":true,"href":"https:\/\/lereveil224.info\/index.php\/wp-json\/wp\/v2\/categories?post=7605"},{"taxonomy":"post_tag","embeddable":true,"href":"https:\/\/lereveil224.info\/index.php\/wp-json\/wp\/v2\/tags?post=7605"}],"curies":[{"name":"wp","href":"https:\/\/api.w.org\/{rel}","templated":true}]}}