{"id":7539,"date":"2025-01-20T07:37:40","date_gmt":"2025-01-20T07:37:40","guid":{"rendered":"https:\/\/lereveil224.info\/?p=7539"},"modified":"2025-01-20T07:37:41","modified_gmt":"2025-01-20T07:37:41","slug":"plus-de-80-morts-et-5-000-deplaces-la-tragedie-de-catatumbo-en-colombie","status":"publish","type":"post","link":"https:\/\/lereveil224.info\/index.php\/2025\/01\/20\/plus-de-80-morts-et-5-000-deplaces-la-tragedie-de-catatumbo-en-colombie\/","title":{"rendered":"Plus de 80 Morts et 5 000 D\u00e9plac\u00e9s : La Trag\u00e9die de Catatumbo en Colombie"},"content":{"rendered":"\n<p>La r\u00e9gion de Catatumbo, situ\u00e9e dans le d\u00e9partement de Norte de Santander, en Colombie, est le th\u00e9\u00e2tre d&rsquo;une crise humanitaire et s\u00e9curitaire alarmante. Depuis le d\u00e9but de l&rsquo;offensive men\u00e9e par l&rsquo;Arm\u00e9e de lib\u00e9ration nationale (ELN) pour prendre le contr\u00f4le de cette zone strat\u00e9gique, plus de 80 personnes, essentiellement des civils, ont perdu la vie. \u00c0 cela s\u2019ajoutent plus de 20 bless\u00e9s et 5 000 personnes contraintes de fuir leur domicile.<\/p>\n\n\n\n<p>Le gouverneur William VILLAMIZAR a confirm\u00e9 ce sombre bilan dans un communiqu\u00e9, d\u00e9non\u00e7ant une escalade de la violence aliment\u00e9e par des affrontements entre la gu\u00e9rilla de l\u2019ELN et d\u2019autres groupes arm\u00e9s. Ces luttes de pouvoir visent le contr\u00f4le d\u2019une r\u00e9gion connue pour sa production de coca\u00efne, une ressource \u00e9conomique majeure pour ces organisations.<\/p>\n\n\n\n<p>Face \u00e0 cette situation, le gouvernement colombien a pris la d\u00e9cision de suspendre, le 17 janvier, les n\u00e9gociations de paix en cours avec l&rsquo;ELN. \u00c0 ce jour, aucune reprise des pourparlers n\u2019a \u00e9t\u00e9 envisag\u00e9e, accentuant l&rsquo;incertitude quant \u00e0 l&rsquo;avenir de la r\u00e9gion.<\/p>\n\n\n\n<p>Les habitants de Catatumbo se retrouvent pris au pi\u00e8ge d&rsquo;un conflit qui d\u00e9passe les enjeux locaux. Tandis que la violence redouble, la population civile continue de payer un lourd tribut, dans une trag\u00e9die qui semble loin d\u2019\u00eatre r\u00e9solue.<\/p>\n\n\n\n<p><strong>Mamadouba CAMARA<\/strong><\/p>\n","protected":false},"excerpt":{"rendered":"<p>La r\u00e9gion de Catatumbo, situ\u00e9e dans le d\u00e9partement de Norte de Santander, en Colombie, est le th\u00e9\u00e2tre d&rsquo;une crise humanitaire et s\u00e9curitaire alarmante. Depuis le d\u00e9but de l&rsquo;offensive men\u00e9e par l&rsquo;Arm\u00e9e de lib\u00e9ration nationale (ELN) pour prendre le contr\u00f4le de cette zone strat\u00e9gique, plus de 80 personnes, essentiellement des civils, ont perdu la vie. \u00c0 [&hellip;]<\/p>\n","protected":false},"author":123458,"featured_media":7540,"comment_status":"open","ping_status":"open","sticky":false,"template":"","format":"standard","meta":{"_acf_changed":false,"footnotes":""},"categories":[11,30],"tags":[],"class_list":["post-7539","post","type-post","status-publish","format-standard","has-post-thumbnail","hentry","category-actualite","category-international"],"acf":[],"_links":{"self":[{"href":"https:\/\/lereveil224.info\/index.php\/wp-json\/wp\/v2\/posts\/7539","targetHints":{"allow":["GET"]}}],"collection":[{"href":"https:\/\/lereveil224.info\/index.php\/wp-json\/wp\/v2\/posts"}],"about":[{"href":"https:\/\/lereveil224.info\/index.php\/wp-json\/wp\/v2\/types\/post"}],"author":[{"embeddable":true,"href":"https:\/\/lereveil224.info\/index.php\/wp-json\/wp\/v2\/users\/123458"}],"replies":[{"embeddable":true,"href":"https:\/\/lereveil224.info\/index.php\/wp-json\/wp\/v2\/comments?post=7539"}],"version-history":[{"count":2,"href":"https:\/\/lereveil224.info\/index.php\/wp-json\/wp\/v2\/posts\/7539\/revisions"}],"predecessor-version":[{"id":7542,"href":"https:\/\/lereveil224.info\/index.php\/wp-json\/wp\/v2\/posts\/7539\/revisions\/7542"}],"wp:featuredmedia":[{"embeddable":true,"href":"https:\/\/lereveil224.info\/index.php\/wp-json\/wp\/v2\/media\/7540"}],"wp:attachment":[{"href":"https:\/\/lereveil224.info\/index.php\/wp-json\/wp\/v2\/media?parent=7539"}],"wp:term":[{"taxonomy":"category","embeddable":true,"href":"https:\/\/lereveil224.info\/index.php\/wp-json\/wp\/v2\/categories?post=7539"},{"taxonomy":"post_tag","embeddable":true,"href":"https:\/\/lereveil224.info\/index.php\/wp-json\/wp\/v2\/tags?post=7539"}],"curies":[{"name":"wp","href":"https:\/\/api.w.org\/{rel}","templated":true}]}}