{"id":7533,"date":"2025-01-18T17:45:28","date_gmt":"2025-01-18T17:45:28","guid":{"rendered":"https:\/\/lereveil224.info\/?p=7533"},"modified":"2025-01-18T17:45:29","modified_gmt":"2025-01-18T17:45:29","slug":"rdc-une-crise-humanitaire-amplifiee-par-des-deplacements-massifs","status":"publish","type":"post","link":"https:\/\/lereveil224.info\/index.php\/2025\/01\/18\/rdc-une-crise-humanitaire-amplifiee-par-des-deplacements-massifs\/","title":{"rendered":"RDC : Une crise humanitaire amplifi\u00e9e par des d\u00e9placements massifs"},"content":{"rendered":"\n<p>Dans l&rsquo;est de la R\u00e9publique d\u00e9mocratique du Congo (RDC), les conflits arm\u00e9s continuent de semer d\u00e9solation et exode parmi la population. Depuis le d\u00e9but de l&rsquo;ann\u00e9e, plus de 237 000 personnes ont \u00e9t\u00e9 contraintes de fuir leurs foyers, laissant derri\u00e8re elles maisons, terres et souvenirs, pour \u00e9chapper aux violences incessantes. Les affrontements entre l&rsquo;arm\u00e9e congolaise (FARDC) et divers groupes arm\u00e9s, dont le tristement c\u00e9l\u00e8bre M23 soutenu par le Rwanda, se d\u00e9roulent sur plusieurs fronts, aggravant une situation humanitaire d\u00e9j\u00e0 catastrophique.<\/p>\n\n\n\n<p>Rien que dans la province du Nord-Kivu, au cours des deux derni\u00e8res semaines, 150 000 personnes ont \u00e9t\u00e9 d\u00e9plac\u00e9es de mani\u00e8re pr\u00e9cipit\u00e9e. Ces nouveaux mouvements de population viennent s\u2019ajouter \u00e0 une crise prolong\u00e9e dans laquelle le Sud-Kivu n&rsquo;est pas \u00e9pargn\u00e9. L\u00e0-bas, les combats entre les FARDC et le groupe rebelle Gumino ont conduit \u00e0 plus de 84 000 nouveaux d\u00e9placements, portant \u00e0 plus de 4,6 millions le nombre de d\u00e9plac\u00e9s internes dans ces deux provinces.<\/p>\n\n\n\n<p>Abdoulaye BARRY, chef de bureau du Haut Commissariat pour les R\u00e9fugi\u00e9s (HCR) dans la r\u00e9gion, tire la sonnette d&rsquo;alarme. Il qualifie la situation de \u00ab tr\u00e8s pr\u00e9occupante \u00bb et appelle \u00e0 une cessation imm\u00e9diate des hostilit\u00e9s. Selon lui, les conditions de vie des d\u00e9plac\u00e9s dans les sites d\u2019accueil sont extr\u00eamement pr\u00e9caires. Ces sites, souvent surpeupl\u00e9s et mal \u00e9quip\u00e9s, peinent \u00e0 r\u00e9pondre aux besoins essentiels des populations. Les ressources disponibles, d\u00e9j\u00e0 limit\u00e9es, sont largement insuffisantes pour subvenir aux besoins croissants. En outre, de nombreuses familles d\u00e9plac\u00e9es sont contraintes de trouver refuge aupr\u00e8s d\u2019habitants locaux, mettant \u00e0 rude \u00e9preuve la solidarit\u00e9 des communaut\u00e9s h\u00f4tes.<\/p>\n\n\n\n<p>Face \u00e0 cette crise, le HCR et d&rsquo;autres acteurs humanitaires exhortent la communaut\u00e9 internationale \u00e0 agir rapidement pour soutenir les populations affect\u00e9es. Les solutions passent par la fin des hostilit\u00e9s, une r\u00e9ponse humanitaire renforc\u00e9e et un engagement \u00e0 long terme pour stabiliser cette r\u00e9gion, o\u00f9 les civils continuent de payer un lourd tribut.<\/p>\n\n\n\n<p><strong>Mamadouba CAMARA<\/strong><\/p>\n","protected":false},"excerpt":{"rendered":"<p>Dans l&rsquo;est de la R\u00e9publique d\u00e9mocratique du Congo (RDC), les conflits arm\u00e9s continuent de semer d\u00e9solation et exode parmi la population. Depuis le d\u00e9but de l&rsquo;ann\u00e9e, plus de 237 000 personnes ont \u00e9t\u00e9 contraintes de fuir leurs foyers, laissant derri\u00e8re elles maisons, terres et souvenirs, pour \u00e9chapper aux violences incessantes. Les affrontements entre l&rsquo;arm\u00e9e congolaise [&hellip;]<\/p>\n","protected":false},"author":123458,"featured_media":7534,"comment_status":"open","ping_status":"open","sticky":false,"template":"","format":"standard","meta":{"_acf_changed":false,"footnotes":""},"categories":[11,29],"tags":[],"class_list":["post-7533","post","type-post","status-publish","format-standard","has-post-thumbnail","hentry","category-actualite","category-continentale"],"acf":[],"_links":{"self":[{"href":"https:\/\/lereveil224.info\/index.php\/wp-json\/wp\/v2\/posts\/7533","targetHints":{"allow":["GET"]}}],"collection":[{"href":"https:\/\/lereveil224.info\/index.php\/wp-json\/wp\/v2\/posts"}],"about":[{"href":"https:\/\/lereveil224.info\/index.php\/wp-json\/wp\/v2\/types\/post"}],"author":[{"embeddable":true,"href":"https:\/\/lereveil224.info\/index.php\/wp-json\/wp\/v2\/users\/123458"}],"replies":[{"embeddable":true,"href":"https:\/\/lereveil224.info\/index.php\/wp-json\/wp\/v2\/comments?post=7533"}],"version-history":[{"count":1,"href":"https:\/\/lereveil224.info\/index.php\/wp-json\/wp\/v2\/posts\/7533\/revisions"}],"predecessor-version":[{"id":7535,"href":"https:\/\/lereveil224.info\/index.php\/wp-json\/wp\/v2\/posts\/7533\/revisions\/7535"}],"wp:featuredmedia":[{"embeddable":true,"href":"https:\/\/lereveil224.info\/index.php\/wp-json\/wp\/v2\/media\/7534"}],"wp:attachment":[{"href":"https:\/\/lereveil224.info\/index.php\/wp-json\/wp\/v2\/media?parent=7533"}],"wp:term":[{"taxonomy":"category","embeddable":true,"href":"https:\/\/lereveil224.info\/index.php\/wp-json\/wp\/v2\/categories?post=7533"},{"taxonomy":"post_tag","embeddable":true,"href":"https:\/\/lereveil224.info\/index.php\/wp-json\/wp\/v2\/tags?post=7533"}],"curies":[{"name":"wp","href":"https:\/\/api.w.org\/{rel}","templated":true}]}}