{"id":7507,"date":"2025-01-16T07:14:10","date_gmt":"2025-01-16T07:14:10","guid":{"rendered":"https:\/\/lereveil224.info\/?p=7507"},"modified":"2025-01-16T07:14:11","modified_gmt":"2025-01-16T07:14:11","slug":"recensement-administratif-une-prolongation-pour-une-mobilisation-maximale","status":"publish","type":"post","link":"https:\/\/lereveil224.info\/index.php\/2025\/01\/16\/recensement-administratif-une-prolongation-pour-une-mobilisation-maximale\/","title":{"rendered":"Recensement Administratif : Une Prolongation pour Une Mobilisation Maximale"},"content":{"rendered":"\n<p>Lanc\u00e9e le 14 d\u00e9cembre 2024, la premi\u00e8re \u00e9tape du recensement administratif \u00e0 vocation d\u2019\u00c9tat civil a officiellement pris fin le 13 janvier 2025 sur toute l\u2019\u00e9tendue du territoire national. Cependant, face \u00e0 une forte mobilisation et aux nombreuses sollicitations des citoyens, le minist\u00e8re de l\u2019Administration du territoire et de la d\u00e9centralisation (MATD) a annonc\u00e9 une prorogation de cette op\u00e9ration essentielle.<\/p>\n\n\n\n<p>Dans un communiqu\u00e9 publi\u00e9 le 15 janvier 2025, le MATD a salu\u00e9 l\u2019engagement massif des populations aupr\u00e8s des \u00e9quipes d\u00e9ploy\u00e9es dans les 375 communes urbaines et rurales. Cette affluence t\u00e9moigne de l\u2019importance que les Guin\u00e9ens accordent \u00e0 cette initiative visant \u00e0 doter chaque individu d\u2019un acte d\u2019\u00e9tat civil, indispensable pour leur inclusion dans les registres officiels.<\/p>\n\n\n\n<p>En collaboration avec le minist\u00e8re de la Justice, le MATD prolonge les op\u00e9rations pour deux semaines suppl\u00e9mentaires, jusqu\u2019au 31 janvier 2025. Une opportunit\u00e9 suppl\u00e9mentaire est ainsi offerte aux personnes concern\u00e9es pour r\u00e9gulariser leur situation gratuitement.<\/p>\n\n\n\n<p>Les d\u00e9partements concern\u00e9s invitent toutes les personnes \u00e2g\u00e9es de 10 ans et plus, d\u00e9pourvues d\u2019acte de naissance, \u00e0 se rendre au chef-lieu de leur commune afin de b\u00e9n\u00e9ficier de ces audiences foraines administratives. Ce prolongement refl\u00e8te la volont\u00e9 des autorit\u00e9s d\u2019assurer une couverture maximale et de r\u00e9pondre aux attentes des populations.<\/p>\n\n\n\n<p>Cette initiative rev\u00eat une importance capitale pour garantir l\u2019acc\u00e8s \u00e0 des droits fondamentaux tels que l\u2019\u00e9ducation, la sant\u00e9, et la citoyennet\u00e9. Le minist\u00e8re appelle donc \u00e0 une participation massive pour faire de cette op\u00e9ration un succ\u00e8s national.<\/p>\n\n\n\n<p><strong>Mamadouba CAMARA<\/strong><\/p>\n","protected":false},"excerpt":{"rendered":"<p>Lanc\u00e9e le 14 d\u00e9cembre 2024, la premi\u00e8re \u00e9tape du recensement administratif \u00e0 vocation d\u2019\u00c9tat civil a officiellement pris fin le 13 janvier 2025 sur toute l\u2019\u00e9tendue du territoire national. Cependant, face \u00e0 une forte mobilisation et aux nombreuses sollicitations des citoyens, le minist\u00e8re de l\u2019Administration du territoire et de la d\u00e9centralisation (MATD) a annonc\u00e9 une [&hellip;]<\/p>\n","protected":false},"author":123458,"featured_media":7508,"comment_status":"open","ping_status":"open","sticky":false,"template":"","format":"standard","meta":{"_acf_changed":false,"footnotes":""},"categories":[11],"tags":[],"class_list":["post-7507","post","type-post","status-publish","format-standard","has-post-thumbnail","hentry","category-actualite"],"acf":[],"_links":{"self":[{"href":"https:\/\/lereveil224.info\/index.php\/wp-json\/wp\/v2\/posts\/7507","targetHints":{"allow":["GET"]}}],"collection":[{"href":"https:\/\/lereveil224.info\/index.php\/wp-json\/wp\/v2\/posts"}],"about":[{"href":"https:\/\/lereveil224.info\/index.php\/wp-json\/wp\/v2\/types\/post"}],"author":[{"embeddable":true,"href":"https:\/\/lereveil224.info\/index.php\/wp-json\/wp\/v2\/users\/123458"}],"replies":[{"embeddable":true,"href":"https:\/\/lereveil224.info\/index.php\/wp-json\/wp\/v2\/comments?post=7507"}],"version-history":[{"count":1,"href":"https:\/\/lereveil224.info\/index.php\/wp-json\/wp\/v2\/posts\/7507\/revisions"}],"predecessor-version":[{"id":7509,"href":"https:\/\/lereveil224.info\/index.php\/wp-json\/wp\/v2\/posts\/7507\/revisions\/7509"}],"wp:featuredmedia":[{"embeddable":true,"href":"https:\/\/lereveil224.info\/index.php\/wp-json\/wp\/v2\/media\/7508"}],"wp:attachment":[{"href":"https:\/\/lereveil224.info\/index.php\/wp-json\/wp\/v2\/media?parent=7507"}],"wp:term":[{"taxonomy":"category","embeddable":true,"href":"https:\/\/lereveil224.info\/index.php\/wp-json\/wp\/v2\/categories?post=7507"},{"taxonomy":"post_tag","embeddable":true,"href":"https:\/\/lereveil224.info\/index.php\/wp-json\/wp\/v2\/tags?post=7507"}],"curies":[{"name":"wp","href":"https:\/\/api.w.org\/{rel}","templated":true}]}}